{"id":13497,"date":"2021-09-03T12:52:31","date_gmt":"2021-09-03T10:52:31","guid":{"rendered":"https:\/\/www.genverde.it\/gen-verde-tour-italia-2021-si-riparte\/"},"modified":"2026-03-09T11:18:49","modified_gmt":"2026-03-09T10:18:49","slug":"gen-verde-tour-italia-2021-si-riparte","status":"publish","type":"post","link":"https:\/\/www.genverde.it\/es\/gen-verde-tour-italia-2021-si-riparte\/","title":{"rendered":"Gen Verde Tour Italia 2021: \u00a1volvemos a ponernos en marcha!"},"content":{"rendered":"\n<figure class=\"is-layout-flex wp-block-gallery-1 wp-block-gallery has-nested-images columns-default is-cropped\">\n<figure class=\"wp-block-image size-large\"><img decoding=\"async\" width=\"1024\" height=\"1024\" data-id=\"13370\"  src=\"https:\/\/www.genverde.it\/wp-content\/uploads\/2021\/09\/WhatsApp-Image-2021-09-02-at-17.48.21-1024x1024.jpeg\" alt=\"\" class=\"wp-image-13370\" srcset=\"https:\/\/www.genverde.it\/wp-content\/uploads\/2021\/09\/WhatsApp-Image-2021-09-02-at-17.48.21-1024x1024.jpeg 1024w, https:\/\/www.genverde.it\/wp-content\/uploads\/2021\/09\/WhatsApp-Image-2021-09-02-at-17.48.21-300x300.jpeg 300w, https:\/\/www.genverde.it\/wp-content\/uploads\/2021\/09\/WhatsApp-Image-2021-09-02-at-17.48.21-150x150.jpeg 150w, https:\/\/www.genverde.it\/wp-content\/uploads\/2021\/09\/WhatsApp-Image-2021-09-02-at-17.48.21-768x768.jpeg 768w, https:\/\/www.genverde.it\/wp-content\/uploads\/2021\/09\/WhatsApp-Image-2021-09-02-at-17.48.21.jpeg 1080w\" sizes=\"(max-width: 1024px) 100vw, 1024px\" \/><\/figure>\n<\/figure>\n\n\n\n<p>Lleg\u00f3 el momento tan esperado por el Gen Verde y su p\u00fablico: tras un a\u00f1o dif\u00edcil para todos y despu\u00e9s de muchas actividades online que nos hicieron sentiros a todos m\u00e1s cerca, \u00a1regresan los conciertos en directo! Se vuelve a empezar con <strong>GEN VERDE TOUR ITALIA 2021<\/strong>: \u00a1una oportunidad para compartir mensajes de esperanza y recomenzar juntos!<\/p>\n\n\n\n<p>Empezamos por Italia con algunas fechas fijadas durante septiembre y octubre en varias ciudades, a las que pod\u00e9is dar un salto si est\u00e1is cerca. Si no, pod\u00e9is seguir la gira en las redes sociales del Gen Verde donde siempre encontrar\u00e9is fotos, videos y&#8230; muchos otros contenidos. <\/p>\n\n\n\n<p><em>\u201cNunca hemos dejado de imaginar la presencia de p\u00fablico en nuestros conciertos\u00bb &#8211;<\/em> explica emocionada Marita<em> Marita &#8211; \u00abel p\u00fablico es el factor m\u00e1s importante, y todo lo que tenemos que decir se potencia si tenemos a alguien delante de nosotras&#8230; As\u00ed que, despu\u00e9s de casi dos a\u00f1os, nos parece estar redescubriendo la belleza de este valioso intercambio que se genera entre nosotras y quienes nos escuchan\u00bb. Los conciertos \u201conline\u201d fueron una potencia que nos permitieron llegar a muchas personas simult\u00e1neamente en los 5 continentes, pero ahora estamos deseando encontrarnos en persona con todos los que estaban delante de la pantalla<\/em>\u201d.<\/p>\n\n\n\n<p><strong><strong>\u00c9stas son las fechas:<\/strong><\/strong><\/p>\n\n\n\n<p><strong>19 de septiembre a las 21.00 horas &#8211; Vicoforte (CN) <\/strong><\/p>\n\n\n\n<p>Casa Regina MontisRegalis, Piazza Carlo Emanuele I<\/p>\n\n\n\n<p><strong>25 de septiembre a las 20.45 horas &#8211; Luino (VA)<\/strong><\/p>\n\n\n\n<p>Via S. Pietro 59<br><a href=\"https:\/\/www.instagram.com\/sanluigiluino\/\">@sanluigiluino<\/a><\/p>\n\n\n\n<p><a href=\"http:\/\/www.facebook.com\/sanluigiluino\">www.facebook.com\/sanluigiluino<\/a>  <\/p>\n\n\n\n<p><strong>2 de octubre a las 21.00 horas &#8211; Sorbolo (PR)<\/strong><\/p>\n\n\n\n<p>Plaza de la Libertad <\/p>\n\n\n\n<p><strong>3 de octubre a las 19.45 horas &#8211; B\u00e9rgamo (BG)<\/strong><\/p>\n\n\n\n<p>Teatro del Instituto de las Clarisas<\/p>\n\n\n\n<p>Via S. Bernardino, 56 <\/p>\n\n\n\n<p>Tel\u00e9fono 035-38.31.529<\/p>\n\n\n\n<p>Para m\u00e1s informaci\u00f3n: <a href=\"https:\/\/www.genverde.it\/es\/giras\/\">https:\/\/www.genverde.it\/tour\/<\/a><\/p>\n","protected":false},"excerpt":{"rendered":"<p>Tras 18 meses de confinamiento, vuelven los conciertos en directo.<\/p>\n","protected":false},"author":6,"featured_media":13373,"comment_status":"closed","ping_status":"open","sticky":false,"template":"","format":"standard","meta":[],"categories":[888],"tags":[],"blocksy_meta":{"styles_descriptor":{"styles":{"desktop":"","tablet":"","mobile":""},"google_fonts":[]}},"featured_image_urls":{"full":["https:\/\/www.genverde.it\/wp-content\/uploads\/2021\/09\/WhatsApp-Image-2021-09-02-at-17.48.21.jpeg",1080,1080,false],"thumbnail":["https:\/\/www.genverde.it\/wp-content\/uploads\/2021\/09\/WhatsApp-Image-2021-09-02-at-17.48.21-150x150.jpeg",150,150,true],"medium":["https:\/\/www.genverde.it\/wp-content\/uploads\/2021\/09\/WhatsApp-Image-2021-09-02-at-17.48.21-300x300.jpeg",300,300,true],"medium_large":["https:\/\/www.genverde.it\/wp-content\/uploads\/2021\/09\/WhatsApp-Image-2021-09-02-at-17.48.21-768x768.jpeg",768,768,true],"large":["https:\/\/www.genverde.it\/wp-content\/uploads\/2021\/09\/WhatsApp-Image-2021-09-02-at-17.48.21-1024x1024.jpeg",1024,1024,true],"1536x1536":["https:\/\/www.genverde.it\/wp-content\/uploads\/2021\/09\/WhatsApp-Image-2021-09-02-at-17.48.21.jpeg",1080,1080,false],"2048x2048":["https:\/\/www.genverde.it\/wp-content\/uploads\/2021\/09\/WhatsApp-Image-2021-09-02-at-17.48.21.jpeg",1080,1080,false]},"post_excerpt_stackable":"<p>Tras 18 meses de confinamiento, vuelven los conciertos en directo.<\/p>\n","category_list":"<a href=\"https:\/\/www.genverde.it\/es\/category\/giras-y-viajes\/\" rel=\"category tag\">Giras y viajes<\/a>","author_info":{"name":"Mileni Pastore","url":"https:\/\/www.genverde.it\/es\/author\/mileni-pastore\/"},"comments_num":"0 comentarios","yoast_head":"<!-- This site is optimized with the Yoast SEO plugin v20.10 - https:\/\/yoast.com\/wordpress\/plugins\/seo\/ -->\n<title>Gen Verde Tour Italia 2021: \u00a1volvemos a ponernos en marcha!<\/title>\n<meta name=\"robots\" content=\"index, follow, max-snippet:-1, max-image-preview:large, max-video-preview:-1\" \/>\n<link rel=\"canonical\" href=\"https:\/\/www.genverde.it\/es\/gen-verde-tour-italia-2021-si-riparte\/\" \/>\n<meta property=\"og:locale\" content=\"es_ES\" \/>\n<meta property=\"og:type\" content=\"article\" \/>\n<meta property=\"og:title\" content=\"Gen Verde Tour Italia 2021: \u00a1volvemos a ponernos en marcha!\" \/>\n<meta property=\"og:description\" content=\"Tras 18 meses de confinamiento, vuelven los conciertos en directo.\" \/>\n<meta property=\"og:url\" content=\"https:\/\/www.genverde.it\/es\/gen-verde-tour-italia-2021-si-riparte\/\" \/>\n<meta property=\"og:site_name\" content=\"Gen Verde\" \/>\n<meta property=\"article:published_time\" content=\"2021-09-03T10:52:31+00:00\" \/>\n<meta property=\"article:modified_time\" content=\"2026-03-09T10:18:49+00:00\" \/>\n<meta property=\"og:image\" content=\"https:\/\/www.genverde.it\/wp-content\/uploads\/2021\/09\/WhatsApp-Image-2021-09-02-at-17.48.21.jpeg\" \/>\n\t<meta property=\"og:image:width\" content=\"1080\" \/>\n\t<meta property=\"og:image:height\" content=\"1080\" \/>\n\t<meta property=\"og:image:type\" content=\"image\/jpeg\" \/>\n<meta name=\"author\" content=\"Mileni Pastore\" \/>\n<meta name=\"twitter:card\" content=\"summary_large_image\" \/>\n<meta name=\"twitter:label1\" content=\"Escrito por\" \/>\n\t<meta name=\"twitter:data1\" content=\"Mileni Pastore\" \/>\n<script type=\"application\/ld+json\" class=\"yoast-schema-graph\">{\"@context\":\"https:\/\/schema.org\",\"@graph\":[{\"@type\":\"Article\",\"@id\":\"https:\/\/www.genverde.it\/es\/gen-verde-tour-italia-2021-si-riparte\/#article\",\"isPartOf\":{\"@id\":\"https:\/\/www.genverde.it\/es\/gen-verde-tour-italia-2021-si-riparte\/\"},\"author\":{\"name\":\"Mileni Pastore\",\"@id\":\"https:\/\/www.genverde.it\/es\/#\/schema\/person\/d09c1222513aa65afd82c391277e40d8\"},\"headline\":\"Gen Verde Tour Italia 2021: \u00a1volvemos a ponernos en marcha!\",\"datePublished\":\"2021-09-03T10:52:31+00:00\",\"dateModified\":\"2026-03-09T10:18:49+00:00\",\"mainEntityOfPage\":{\"@id\":\"https:\/\/www.genverde.it\/es\/gen-verde-tour-italia-2021-si-riparte\/\"},\"wordCount\":304,\"publisher\":{\"@id\":\"https:\/\/www.genverde.it\/es\/#organization\"},\"articleSection\":[\"Giras y viajes\"],\"inLanguage\":\"es\"},{\"@type\":\"WebPage\",\"@id\":\"https:\/\/www.genverde.it\/es\/gen-verde-tour-italia-2021-si-riparte\/\",\"url\":\"https:\/\/www.genverde.it\/es\/gen-verde-tour-italia-2021-si-riparte\/\",\"name\":\"Gen Verde Tour Italia 2021: \u00a1volvemos a ponernos en marcha!\",\"isPartOf\":{\"@id\":\"https:\/\/www.genverde.it\/es\/#website\"},\"datePublished\":\"2021-09-03T10:52:31+00:00\",\"dateModified\":\"2026-03-09T10:18:49+00:00\",\"breadcrumb\":{\"@id\":\"https:\/\/www.genverde.it\/es\/gen-verde-tour-italia-2021-si-riparte\/#breadcrumb\"},\"inLanguage\":\"es\",\"potentialAction\":[{\"@type\":\"ReadAction\",\"target\":[\"https:\/\/www.genverde.it\/es\/gen-verde-tour-italia-2021-si-riparte\/\"]}]},{\"@type\":\"BreadcrumbList\",\"@id\":\"https:\/\/www.genverde.it\/es\/gen-verde-tour-italia-2021-si-riparte\/#breadcrumb\",\"itemListElement\":[{\"@type\":\"ListItem\",\"position\":1,\"name\":\"Home\",\"item\":\"https:\/\/www.genverde.it\/es\/\"},{\"@type\":\"ListItem\",\"position\":2,\"name\":\"Gen Verde Tour Italia 2021: \u00a1volvemos a ponernos en marcha!\"}]},{\"@type\":\"WebSite\",\"@id\":\"https:\/\/www.genverde.it\/es\/#website\",\"url\":\"https:\/\/www.genverde.it\/es\/\",\"name\":\"Gen Verde\",\"description\":\"\",\"publisher\":{\"@id\":\"https:\/\/www.genverde.it\/es\/#organization\"},\"potentialAction\":[{\"@type\":\"SearchAction\",\"target\":{\"@type\":\"EntryPoint\",\"urlTemplate\":\"https:\/\/www.genverde.it\/es\/?s={search_term_string}\"},\"query-input\":\"required name=search_term_string\"}],\"inLanguage\":\"es\"},{\"@type\":\"Organization\",\"@id\":\"https:\/\/www.genverde.it\/es\/#organization\",\"name\":\"Gen Verde\",\"url\":\"https:\/\/www.genverde.it\/es\/\",\"logo\":{\"@type\":\"ImageObject\",\"inLanguage\":\"es\",\"@id\":\"https:\/\/www.genverde.it\/es\/#\/schema\/logo\/image\/\",\"url\":\"https:\/\/www.genverde.it\/wp-content\/uploads\/2021\/05\/logo-gen-verde-black.png\",\"contentUrl\":\"https:\/\/www.genverde.it\/wp-content\/uploads\/2021\/05\/logo-gen-verde-black.png\",\"width\":646,\"height\":392,\"caption\":\"Gen Verde\"},\"image\":{\"@id\":\"https:\/\/www.genverde.it\/es\/#\/schema\/logo\/image\/\"}},{\"@type\":\"Person\",\"@id\":\"https:\/\/www.genverde.it\/es\/#\/schema\/person\/d09c1222513aa65afd82c391277e40d8\",\"name\":\"Mileni Pastore\",\"image\":{\"@type\":\"ImageObject\",\"inLanguage\":\"es\",\"@id\":\"https:\/\/www.genverde.it\/es\/#\/schema\/person\/image\/\",\"url\":\"https:\/\/secure.gravatar.com\/avatar\/5b1321f1539f5d0ea2d3f3f40135c229?s=96&d=mm&r=g\",\"contentUrl\":\"https:\/\/secure.gravatar.com\/avatar\/5b1321f1539f5d0ea2d3f3f40135c229?s=96&d=mm&r=g\",\"caption\":\"Mileni Pastore\"}}]}<\/script>\n<!-- \/ Yoast SEO plugin. -->","yoast_head_json":{"title":"Gen Verde Tour Italia 2021: \u00a1volvemos a ponernos en marcha!","robots":{"index":"index","follow":"follow","max-snippet":"max-snippet:-1","max-image-preview":"max-image-preview:large","max-video-preview":"max-video-preview:-1"},"canonical":"https:\/\/www.genverde.it\/es\/gen-verde-tour-italia-2021-si-riparte\/","og_locale":"es_ES","og_type":"article","og_title":"Gen Verde Tour Italia 2021: \u00a1volvemos a ponernos en marcha!","og_description":"Tras 18 meses de confinamiento, vuelven los conciertos en directo.","og_url":"https:\/\/www.genverde.it\/es\/gen-verde-tour-italia-2021-si-riparte\/","og_site_name":"Gen Verde","article_published_time":"2021-09-03T10:52:31+00:00","article_modified_time":"2026-03-09T10:18:49+00:00","og_image":[{"width":1080,"height":1080,"url":"https:\/\/www.genverde.it\/wp-content\/uploads\/2021\/09\/WhatsApp-Image-2021-09-02-at-17.48.21.jpeg","type":"image\/jpeg"}],"author":"Mileni Pastore","twitter_card":"summary_large_image","twitter_misc":{"Escrito por":"Mileni Pastore"},"schema":{"@context":"https:\/\/schema.org","@graph":[{"@type":"Article","@id":"https:\/\/www.genverde.it\/es\/gen-verde-tour-italia-2021-si-riparte\/#article","isPartOf":{"@id":"https:\/\/www.genverde.it\/es\/gen-verde-tour-italia-2021-si-riparte\/"},"author":{"name":"Mileni Pastore","@id":"https:\/\/www.genverde.it\/es\/#\/schema\/person\/d09c1222513aa65afd82c391277e40d8"},"headline":"Gen Verde Tour Italia 2021: \u00a1volvemos a ponernos en marcha!","datePublished":"2021-09-03T10:52:31+00:00","dateModified":"2026-03-09T10:18:49+00:00","mainEntityOfPage":{"@id":"https:\/\/www.genverde.it\/es\/gen-verde-tour-italia-2021-si-riparte\/"},"wordCount":304,"publisher":{"@id":"https:\/\/www.genverde.it\/es\/#organization"},"articleSection":["Giras y viajes"],"inLanguage":"es"},{"@type":"WebPage","@id":"https:\/\/www.genverde.it\/es\/gen-verde-tour-italia-2021-si-riparte\/","url":"https:\/\/www.genverde.it\/es\/gen-verde-tour-italia-2021-si-riparte\/","name":"Gen Verde Tour Italia 2021: \u00a1volvemos a ponernos en marcha!","isPartOf":{"@id":"https:\/\/www.genverde.it\/es\/#website"},"datePublished":"2021-09-03T10:52:31+00:00","dateModified":"2026-03-09T10:18:49+00:00","breadcrumb":{"@id":"https:\/\/www.genverde.it\/es\/gen-verde-tour-italia-2021-si-riparte\/#breadcrumb"},"inLanguage":"es","potentialAction":[{"@type":"ReadAction","target":["https:\/\/www.genverde.it\/es\/gen-verde-tour-italia-2021-si-riparte\/"]}]},{"@type":"BreadcrumbList","@id":"https:\/\/www.genverde.it\/es\/gen-verde-tour-italia-2021-si-riparte\/#breadcrumb","itemListElement":[{"@type":"ListItem","position":1,"name":"Home","item":"https:\/\/www.genverde.it\/es\/"},{"@type":"ListItem","position":2,"name":"Gen Verde Tour Italia 2021: \u00a1volvemos a ponernos en marcha!"}]},{"@type":"WebSite","@id":"https:\/\/www.genverde.it\/es\/#website","url":"https:\/\/www.genverde.it\/es\/","name":"Gen Verde","description":"","publisher":{"@id":"https:\/\/www.genverde.it\/es\/#organization"},"potentialAction":[{"@type":"SearchAction","target":{"@type":"EntryPoint","urlTemplate":"https:\/\/www.genverde.it\/es\/?s={search_term_string}"},"query-input":"required name=search_term_string"}],"inLanguage":"es"},{"@type":"Organization","@id":"https:\/\/www.genverde.it\/es\/#organization","name":"Gen Verde","url":"https:\/\/www.genverde.it\/es\/","logo":{"@type":"ImageObject","inLanguage":"es","@id":"https:\/\/www.genverde.it\/es\/#\/schema\/logo\/image\/","url":"https:\/\/www.genverde.it\/wp-content\/uploads\/2021\/05\/logo-gen-verde-black.png","contentUrl":"https:\/\/www.genverde.it\/wp-content\/uploads\/2021\/05\/logo-gen-verde-black.png","width":646,"height":392,"caption":"Gen Verde"},"image":{"@id":"https:\/\/www.genverde.it\/es\/#\/schema\/logo\/image\/"}},{"@type":"Person","@id":"https:\/\/www.genverde.it\/es\/#\/schema\/person\/d09c1222513aa65afd82c391277e40d8","name":"Mileni Pastore","image":{"@type":"ImageObject","inLanguage":"es","@id":"https:\/\/www.genverde.it\/es\/#\/schema\/person\/image\/","url":"https:\/\/secure.gravatar.com\/avatar\/5b1321f1539f5d0ea2d3f3f40135c229?s=96&d=mm&r=g","contentUrl":"https:\/\/secure.gravatar.com\/avatar\/5b1321f1539f5d0ea2d3f3f40135c229?s=96&d=mm&r=g","caption":"Mileni Pastore"}}]}},"_links":{"self":[{"href":"https:\/\/www.genverde.it\/es\/wp-json\/wp\/v2\/posts\/13497"}],"collection":[{"href":"https:\/\/www.genverde.it\/es\/wp-json\/wp\/v2\/posts"}],"about":[{"href":"https:\/\/www.genverde.it\/es\/wp-json\/wp\/v2\/types\/post"}],"author":[{"embeddable":true,"href":"https:\/\/www.genverde.it\/es\/wp-json\/wp\/v2\/users\/6"}],"replies":[{"embeddable":true,"href":"https:\/\/www.genverde.it\/es\/wp-json\/wp\/v2\/comments?post=13497"}],"version-history":[{"count":3,"href":"https:\/\/www.genverde.it\/es\/wp-json\/wp\/v2\/posts\/13497\/revisions"}],"predecessor-version":[{"id":35950,"href":"https:\/\/www.genverde.it\/es\/wp-json\/wp\/v2\/posts\/13497\/revisions\/35950"}],"wp:featuredmedia":[{"embeddable":true,"href":"https:\/\/www.genverde.it\/es\/wp-json\/wp\/v2\/media\/13373"}],"wp:attachment":[{"href":"https:\/\/www.genverde.it\/es\/wp-json\/wp\/v2\/media?parent=13497"}],"wp:term":[{"taxonomy":"category","embeddable":true,"href":"https:\/\/www.genverde.it\/es\/wp-json\/wp\/v2\/categories?post=13497"},{"taxonomy":"post_tag","embeddable":true,"href":"https:\/\/www.genverde.it\/es\/wp-json\/wp\/v2\/tags?post=13497"}],"curies":[{"name":"wp","href":"https:\/\/api.w.org\/{rel}","templated":true}]}}