{"id":15853,"date":"2021-11-26T19:31:30","date_gmt":"2021-11-26T18:31:30","guid":{"rendered":"https:\/\/www.genverde.it\/?p=15853"},"modified":"2026-03-09T11:18:27","modified_gmt":"2026-03-09T10:18:27","slug":"el-regalo-de-navidad-del-gen-verde","status":"publish","type":"post","link":"https:\/\/www.genverde.it\/es\/el-regalo-de-navidad-del-gen-verde\/","title":{"rendered":"Gen Verde: \u00abDio con Noi, Emmanuel\u00bb"},"content":{"rendered":"\n<figure class=\"wp-block-embed is-type-video is-provider-youtube wp-block-embed-youtube wp-embed-aspect-16-9 wp-has-aspect-ratio\"><div class=\"wp-block-embed__wrapper\">\n<iframe title=\"Dio con noi, Emmanuel (Official Lyric Video)\" width=\"1366\" height=\"768\" src=\"https:\/\/www.youtube.com\/embed\/9Ln9995JMYQ?feature=oembed\" frameborder=\"0\" allow=\"accelerometer; autoplay; clipboard-write; encrypted-media; gyroscope; picture-in-picture\" allowfullscreen><\/iframe><script type=\"application\/ld+json\">{\n\t\t\t\t\t\t\t\t\"@context\": \"https:\/\/schema.org\",\n\t\t\t\t\t\t\t\t\"@type\": \"VideoObject\",\n\t\t\t\t\t\t\t\t\"name\": \"Gen Verde - Dio con noi, Emmanuel (Official Lyric Video) | Tutto parla di te (Preghiera in musica)\", \n\t\t\t\t\t\t\t\t\"description\": \"Gen Verde - Dio con noi, Emmanuel (Official Lyric Video) | Tutto parla di te (Preghiera in musica)\\nCon questa canzone vogliamo comunicare la gioia, la pace e la bellezza del Natale: vogliamo celebrare questo Dio Bambino e farGli trovare casa nei nostri cuori perch\\u00e9 si \\u00e8 fatto migrante e povero per stare con noi e per amarci fino a dare la vita.\\n\\nDisponibile in streaming e formato digitale: \\nhttps:\\\/\\\/iMusicianDigital.lnk.to\\\/FT4J6N0r\\n\\nPotete anche scaricare il testo e lo spartito: \\nhttps:\\\/\\\/www.genverde.it\\\/track\\\/dio-con-noi-emmanuel\\\/\\n\\nSeguici sui social:\\nInstagram:  https:\\\/\\\/bit.ly\\\/3lNlT4S\\nFacebook: https:\\\/\\\/bit.ly\\\/2YTISS1\\nTwitter: https:\\\/\\\/bit.ly\\\/34VtqIG  \\nWebsite: https:\\\/\\\/www.genverde.it\\n\\n\\nIl Gen Verde \\u00e8 un multiartistic arts performing group formato oggi da 19 componenti di 14 nazioni: Argentina, Brasile, Canada, Corea del Sud, El Salvador, M\\u00e9xico, Irlanda del Nord, Italia, Malesia, Panama, Portogallo, Stati Uniti, Venezuela.\\nUn gruppo da sempre costituito al femminile nel quale l'internazionalit\\u00e0 porta nella produzione artistica le sonorit\\u00e0 dei diversi Paesi, l'originalit\\u00e0 e vivacit\\u00e0 delle diverse culture.\\n\\nIl Gen Verde ha sede a Loppiano (Firenze), cittadella internazionale del Movimento dei Focolari, dove si \\u00e8 formato nel 1966, quando un gruppo di ragazze ricevettero in dono da Chiara Lubich una batteria verde. \\nIl gruppo, unendo nel nome il colore verde della batteria con l'acronimo gen -- generazione nuova - vuole contribuire, attraverso l'ambito artistico, alla realizzazione dell'unit\\u00e0 tra uomini e popoli.\\n\\n#GenVerde #DioconnoiEmmanuel #Natale #new #news #song #christmasmusic #christmassong  #canzone #release  #hope #MerryChristmas #Natal #Navidad #familia #famiglia #FelizNavidad #BuonNatale #BounNatal #Christmas \\n\\n(C) Gen Verde 2021\",\n\t\t\t\t\t\t\t\t\"thumbnailUrl\": \"https:\/\/i.ytimg.com\/vi\/9Ln9995JMYQ\/mqdefault.jpg\",\n\t\t\t\t\t\t\t\t\"uploadDate\": \"2021-11-26T16:00:09Z\",\n\t\t\t\t\t\t\t\t\"duration\": \"PT4M10S\",  \n\t\t\t\t\t\t\t\t\"publisher\": {\n\t\t\t\t\t\t\t\t\t\"@type\": \"Organization\",\n\t\t\t\t\t\t\t\t\t\"name\": \"Genverde\",\n\t\t\t\t\t\t\t\t\t\"logo\": {\n\t\t\t\t\t\t\t\t\t\t\"@type\": \"ImageObject\",\n\t\t\t\t\t\t\t\t\t\t\"url\": \"https:\/\/www.genverde.it\/wp-content\/uploads\/2021\/06\/logo-gen-verde-semplice.png\",\n\t\t\t\t\t\t\t\t\t\t\"width\": \"646\",\n\t\t\t\t\t\t\t\t\t\t\"height\": \"237\"\n\t\t\t\t\t\t\t\t\t}\n\t\t\t\t\t\t\t\t},\n\t\t\t\t\t\t\t\t\"embedUrl\": \"https:\/\/youtu.be\/9Ln9995JMYQ\",\n\t\t\t\t\t\t\t\t\"interactionCount\": \"511415\" \n\t\t\t\t\t\t\t}<\/script>\n<\/div><\/figure>\n\n\n\n<p>\u00bfListos para celebrar la Navidad con regalos y sorpresas? En medio de las luces, los adornos y los villancicos, el Gen Verde no se queda atr\u00e1s; al contrario, siempre en primera fila, esta vez presentan su \u00faltimo regalo: <strong><em>Dio con Noi, Emmanuel<\/em><\/strong>, versi\u00f3n italiana de la canci\u00f3n lanzada el a\u00f1o pasado, <em>Child of Light.<\/em> <\/p>\n\n\n\n<p>\u00abQueremos comunicar la alegr\u00eda, la paz y la belleza del nacimiento que celebramos en Navidad\u00bb, explica Colomba Bai. \u00abQueremos celebrar a este Ni\u00f1o Dios y hacerLe encontrar un hogar en nuestros corazones porque se hizo emigrante y pobre para estar con nosotros y amarnos hasta dar la vida\u00bb.<\/p>\n\n\n\n<p>Tras el \u00e9xito de <a href=\"https:\/\/www.youtube.com\/watch?v=EUG6KnGxpcc\" data-rel=\"prettyPhoto-video-0\"><em>Chiamati per Nome<\/em><\/a> -con m\u00e1s de 400.000 visualizaciones en YouTube- el Gen Verde quiere donar a las parroquias, coros y grupos de j\u00f3venes de Italia esta nueva canci\u00f3n&#8230; \u00a1justo a tiempo para aprenderla y poder cantarla en Navidad!<\/p>\n\n\n\n<p>Hemos trabajado mucho\u00bb -explica Alessandra Pasquali- \u00abempujadas por las peticiones que llegaban dedistintas partes de Italia, y estamos muy contentas de poder ofrecer esta nueva versi\u00f3n. Para nosotras, se trata de estar al lado de muchas personas a trav\u00e9s de la m\u00fasica, seguras de que cada palabra puede llegar directamente al coraz\u00f3n y \u00e9ste es el mayor regalo que podemos hacer a todos en Navidad\u00bb.<\/p>\n\n\n\n<p>Se podr\u00e1 escuchar la canci\u00f3n en todas las pla todas las plataformas de m\u00fasica digitales y tambi\u00e9n en YouTube, donde hemos lanzado el <a href=\"https:\/\/www.youtube.com\/watch?v=9Ln9995JMYQ\" data-rel=\"prettyPhoto-video-1\">video lyric<\/a> para poder aprender f\u00e1cilmente la letra. \u00a1Y eso no es todo! \u00a1Tambi\u00e9n pod\u00e9is <a href=\"https:\/\/www.genverde.it\/es\/track\/dio-con-noi-emmanuel\/\">descargar la partitura<\/a>! \u00a1Estamos impacientes por escuchar a qui\u00e9nes la canten!<\/p>\n","protected":false},"excerpt":{"rendered":"<p>\u00abDio con Noi, Emmanuel\u00bb la versi\u00f3n italiana de la canci\u00f3n \u00abChild of Light\u00bb.<\/p>\n","protected":false},"author":6,"featured_media":14959,"comment_status":"closed","ping_status":"open","sticky":false,"template":"","format":"standard","meta":[],"categories":[890],"tags":[483,481,482,480,64],"blocksy_meta":{"styles_descriptor":{"styles":{"desktop":"","tablet":"","mobile":""},"google_fonts":[]}},"featured_image_urls":{"full":["https:\/\/www.genverde.it\/wp-content\/uploads\/2021\/11\/2021-11-Dio-con-noi.jpg",2500,2500,false],"thumbnail":["https:\/\/www.genverde.it\/wp-content\/uploads\/2021\/11\/2021-11-Dio-con-noi-150x150.jpg",150,150,true],"medium":["https:\/\/www.genverde.it\/wp-content\/uploads\/2021\/11\/2021-11-Dio-con-noi-300x300.jpg",300,300,true],"medium_large":["https:\/\/www.genverde.it\/wp-content\/uploads\/2021\/11\/2021-11-Dio-con-noi-768x768.jpg",768,768,true],"large":["https:\/\/www.genverde.it\/wp-content\/uploads\/2021\/11\/2021-11-Dio-con-noi-1024x1024.jpg",1024,1024,true],"1536x1536":["https:\/\/www.genverde.it\/wp-content\/uploads\/2021\/11\/2021-11-Dio-con-noi-1536x1536.jpg",1536,1536,true],"2048x2048":["https:\/\/www.genverde.it\/wp-content\/uploads\/2021\/11\/2021-11-Dio-con-noi-2048x2048.jpg",2048,2048,true]},"post_excerpt_stackable":"<p>\u00abDio con Noi, Emmanuel\u00bb la versi\u00f3n italiana de la canci\u00f3n \u00abChild of Light\u00bb.<\/p>\n","category_list":"<a href=\"https:\/\/www.genverde.it\/es\/category\/nuevos-lanzamientos-musicales\/\" rel=\"category tag\">Nuevos lanzamientos musicales<\/a>","author_info":{"name":"Mileni Pastore","url":"https:\/\/www.genverde.it\/es\/author\/mileni-pastore\/"},"comments_num":"0 comentarios","yoast_head":"<!-- This site is optimized with the Yoast SEO plugin v20.10 - https:\/\/yoast.com\/wordpress\/plugins\/seo\/ -->\n<title>Gen Verde: &quot;Dio con Noi, Emmanuel&quot;<\/title>\n<meta name=\"description\" content=\"Gen Verde presenta su \u00faltimo regalo: &quot;Dio con Noi, Emmanuel&quot; la versi\u00f3n italiana de la canci\u00f3n lanzada el a\u00f1o pasado, &quot;Child of Light&quot;\" \/>\n<meta name=\"robots\" content=\"index, follow, max-snippet:-1, max-image-preview:large, max-video-preview:-1\" \/>\n<link rel=\"canonical\" href=\"https:\/\/www.genverde.it\/es\/el-regalo-de-navidad-del-gen-verde\/\" \/>\n<meta property=\"og:locale\" content=\"es_ES\" \/>\n<meta property=\"og:type\" content=\"article\" \/>\n<meta property=\"og:title\" content=\"Gen Verde: &quot;Dio con Noi, Emmanuel&quot;\" \/>\n<meta property=\"og:description\" content=\"Gen Verde presenta su \u00faltimo regalo: &quot;Dio con Noi, Emmanuel&quot; la versi\u00f3n italiana de la canci\u00f3n lanzada el a\u00f1o pasado, &quot;Child of Light&quot;\" \/>\n<meta property=\"og:url\" content=\"https:\/\/www.genverde.it\/es\/el-regalo-de-navidad-del-gen-verde\/\" \/>\n<meta property=\"og:site_name\" content=\"Gen Verde\" \/>\n<meta property=\"article:published_time\" content=\"2021-11-26T18:31:30+00:00\" \/>\n<meta property=\"article:modified_time\" content=\"2026-03-09T10:18:27+00:00\" \/>\n<meta property=\"og:image\" content=\"https:\/\/www.genverde.it\/wp-content\/uploads\/2021\/11\/2021-11-Dio-con-noi.jpg\" \/>\n\t<meta property=\"og:image:width\" content=\"2500\" \/>\n\t<meta property=\"og:image:height\" content=\"2500\" \/>\n\t<meta property=\"og:image:type\" content=\"image\/jpeg\" \/>\n<meta name=\"author\" content=\"Mileni Pastore\" \/>\n<meta name=\"twitter:card\" content=\"summary_large_image\" \/>\n<meta name=\"twitter:label1\" content=\"Escrito por\" \/>\n\t<meta name=\"twitter:data1\" content=\"Mileni Pastore\" \/>\n\t<meta name=\"twitter:label2\" content=\"Tiempo de lectura\" \/>\n\t<meta name=\"twitter:data2\" content=\"2 minutos\" \/>\n<script type=\"application\/ld+json\" class=\"yoast-schema-graph\">{\"@context\":\"https:\/\/schema.org\",\"@graph\":[{\"@type\":\"Article\",\"@id\":\"https:\/\/www.genverde.it\/es\/el-regalo-de-navidad-del-gen-verde\/#article\",\"isPartOf\":{\"@id\":\"https:\/\/www.genverde.it\/es\/el-regalo-de-navidad-del-gen-verde\/\"},\"author\":{\"name\":\"Mileni Pastore\",\"@id\":\"https:\/\/www.genverde.it\/es\/#\/schema\/person\/d09c1222513aa65afd82c391277e40d8\"},\"headline\":\"Gen Verde: \u00abDio con Noi, Emmanuel\u00bb\",\"datePublished\":\"2021-11-26T18:31:30+00:00\",\"dateModified\":\"2026-03-09T10:18:27+00:00\",\"mainEntityOfPage\":{\"@id\":\"https:\/\/www.genverde.it\/es\/el-regalo-de-navidad-del-gen-verde\/\"},\"wordCount\":291,\"publisher\":{\"@id\":\"https:\/\/www.genverde.it\/es\/#organization\"},\"keywords\":[\"brano natalizio\",\"canci\u00f3n de navidad\",\"child of light\",\"dio con noi emmanuel\",\"gen verde\"],\"articleSection\":[\"Nuevos lanzamientos musicales\"],\"inLanguage\":\"es\"},{\"@type\":\"WebPage\",\"@id\":\"https:\/\/www.genverde.it\/es\/el-regalo-de-navidad-del-gen-verde\/\",\"url\":\"https:\/\/www.genverde.it\/es\/el-regalo-de-navidad-del-gen-verde\/\",\"name\":\"Gen Verde: \\\"Dio con Noi, Emmanuel\\\"\",\"isPartOf\":{\"@id\":\"https:\/\/www.genverde.it\/es\/#website\"},\"datePublished\":\"2021-11-26T18:31:30+00:00\",\"dateModified\":\"2026-03-09T10:18:27+00:00\",\"description\":\"Gen Verde presenta su \u00faltimo regalo: \\\"Dio con Noi, Emmanuel\\\" la versi\u00f3n italiana de la canci\u00f3n lanzada el a\u00f1o pasado, \\\"Child of Light\\\"\",\"breadcrumb\":{\"@id\":\"https:\/\/www.genverde.it\/es\/el-regalo-de-navidad-del-gen-verde\/#breadcrumb\"},\"inLanguage\":\"es\",\"potentialAction\":[{\"@type\":\"ReadAction\",\"target\":[\"https:\/\/www.genverde.it\/es\/el-regalo-de-navidad-del-gen-verde\/\"]}]},{\"@type\":\"BreadcrumbList\",\"@id\":\"https:\/\/www.genverde.it\/es\/el-regalo-de-navidad-del-gen-verde\/#breadcrumb\",\"itemListElement\":[{\"@type\":\"ListItem\",\"position\":1,\"name\":\"Home\",\"item\":\"https:\/\/www.genverde.it\/es\/\"},{\"@type\":\"ListItem\",\"position\":2,\"name\":\"Gen Verde: &#8220;Dio con Noi, Emmanuel&#8221;\"}]},{\"@type\":\"WebSite\",\"@id\":\"https:\/\/www.genverde.it\/es\/#website\",\"url\":\"https:\/\/www.genverde.it\/es\/\",\"name\":\"Gen Verde\",\"description\":\"\",\"publisher\":{\"@id\":\"https:\/\/www.genverde.it\/es\/#organization\"},\"potentialAction\":[{\"@type\":\"SearchAction\",\"target\":{\"@type\":\"EntryPoint\",\"urlTemplate\":\"https:\/\/www.genverde.it\/es\/?s={search_term_string}\"},\"query-input\":\"required name=search_term_string\"}],\"inLanguage\":\"es\"},{\"@type\":\"Organization\",\"@id\":\"https:\/\/www.genverde.it\/es\/#organization\",\"name\":\"Gen Verde\",\"url\":\"https:\/\/www.genverde.it\/es\/\",\"logo\":{\"@type\":\"ImageObject\",\"inLanguage\":\"es\",\"@id\":\"https:\/\/www.genverde.it\/es\/#\/schema\/logo\/image\/\",\"url\":\"https:\/\/www.genverde.it\/wp-content\/uploads\/2021\/05\/logo-gen-verde-black.png\",\"contentUrl\":\"https:\/\/www.genverde.it\/wp-content\/uploads\/2021\/05\/logo-gen-verde-black.png\",\"width\":646,\"height\":392,\"caption\":\"Gen Verde\"},\"image\":{\"@id\":\"https:\/\/www.genverde.it\/es\/#\/schema\/logo\/image\/\"}},{\"@type\":\"Person\",\"@id\":\"https:\/\/www.genverde.it\/es\/#\/schema\/person\/d09c1222513aa65afd82c391277e40d8\",\"name\":\"Mileni Pastore\",\"image\":{\"@type\":\"ImageObject\",\"inLanguage\":\"es\",\"@id\":\"https:\/\/www.genverde.it\/es\/#\/schema\/person\/image\/\",\"url\":\"https:\/\/secure.gravatar.com\/avatar\/5b1321f1539f5d0ea2d3f3f40135c229?s=96&d=mm&r=g\",\"contentUrl\":\"https:\/\/secure.gravatar.com\/avatar\/5b1321f1539f5d0ea2d3f3f40135c229?s=96&d=mm&r=g\",\"caption\":\"Mileni Pastore\"}}]}<\/script>\n<!-- \/ Yoast SEO plugin. -->","yoast_head_json":{"title":"Gen Verde: \"Dio con Noi, Emmanuel\"","description":"Gen Verde presenta su \u00faltimo regalo: \"Dio con Noi, Emmanuel\" la versi\u00f3n italiana de la canci\u00f3n lanzada el a\u00f1o pasado, \"Child of Light\"","robots":{"index":"index","follow":"follow","max-snippet":"max-snippet:-1","max-image-preview":"max-image-preview:large","max-video-preview":"max-video-preview:-1"},"canonical":"https:\/\/www.genverde.it\/es\/el-regalo-de-navidad-del-gen-verde\/","og_locale":"es_ES","og_type":"article","og_title":"Gen Verde: \"Dio con Noi, Emmanuel\"","og_description":"Gen Verde presenta su \u00faltimo regalo: \"Dio con Noi, Emmanuel\" la versi\u00f3n italiana de la canci\u00f3n lanzada el a\u00f1o pasado, \"Child of Light\"","og_url":"https:\/\/www.genverde.it\/es\/el-regalo-de-navidad-del-gen-verde\/","og_site_name":"Gen Verde","article_published_time":"2021-11-26T18:31:30+00:00","article_modified_time":"2026-03-09T10:18:27+00:00","og_image":[{"width":2500,"height":2500,"url":"https:\/\/www.genverde.it\/wp-content\/uploads\/2021\/11\/2021-11-Dio-con-noi.jpg","type":"image\/jpeg"}],"author":"Mileni Pastore","twitter_card":"summary_large_image","twitter_misc":{"Escrito por":"Mileni Pastore","Tiempo de lectura":"2 minutos"},"schema":{"@context":"https:\/\/schema.org","@graph":[{"@type":"Article","@id":"https:\/\/www.genverde.it\/es\/el-regalo-de-navidad-del-gen-verde\/#article","isPartOf":{"@id":"https:\/\/www.genverde.it\/es\/el-regalo-de-navidad-del-gen-verde\/"},"author":{"name":"Mileni Pastore","@id":"https:\/\/www.genverde.it\/es\/#\/schema\/person\/d09c1222513aa65afd82c391277e40d8"},"headline":"Gen Verde: \u00abDio con Noi, Emmanuel\u00bb","datePublished":"2021-11-26T18:31:30+00:00","dateModified":"2026-03-09T10:18:27+00:00","mainEntityOfPage":{"@id":"https:\/\/www.genverde.it\/es\/el-regalo-de-navidad-del-gen-verde\/"},"wordCount":291,"publisher":{"@id":"https:\/\/www.genverde.it\/es\/#organization"},"keywords":["brano natalizio","canci\u00f3n de navidad","child of light","dio con noi emmanuel","gen verde"],"articleSection":["Nuevos lanzamientos musicales"],"inLanguage":"es"},{"@type":"WebPage","@id":"https:\/\/www.genverde.it\/es\/el-regalo-de-navidad-del-gen-verde\/","url":"https:\/\/www.genverde.it\/es\/el-regalo-de-navidad-del-gen-verde\/","name":"Gen Verde: \"Dio con Noi, Emmanuel\"","isPartOf":{"@id":"https:\/\/www.genverde.it\/es\/#website"},"datePublished":"2021-11-26T18:31:30+00:00","dateModified":"2026-03-09T10:18:27+00:00","description":"Gen Verde presenta su \u00faltimo regalo: \"Dio con Noi, Emmanuel\" la versi\u00f3n italiana de la canci\u00f3n lanzada el a\u00f1o pasado, \"Child of Light\"","breadcrumb":{"@id":"https:\/\/www.genverde.it\/es\/el-regalo-de-navidad-del-gen-verde\/#breadcrumb"},"inLanguage":"es","potentialAction":[{"@type":"ReadAction","target":["https:\/\/www.genverde.it\/es\/el-regalo-de-navidad-del-gen-verde\/"]}]},{"@type":"BreadcrumbList","@id":"https:\/\/www.genverde.it\/es\/el-regalo-de-navidad-del-gen-verde\/#breadcrumb","itemListElement":[{"@type":"ListItem","position":1,"name":"Home","item":"https:\/\/www.genverde.it\/es\/"},{"@type":"ListItem","position":2,"name":"Gen Verde: &#8220;Dio con Noi, Emmanuel&#8221;"}]},{"@type":"WebSite","@id":"https:\/\/www.genverde.it\/es\/#website","url":"https:\/\/www.genverde.it\/es\/","name":"Gen Verde","description":"","publisher":{"@id":"https:\/\/www.genverde.it\/es\/#organization"},"potentialAction":[{"@type":"SearchAction","target":{"@type":"EntryPoint","urlTemplate":"https:\/\/www.genverde.it\/es\/?s={search_term_string}"},"query-input":"required name=search_term_string"}],"inLanguage":"es"},{"@type":"Organization","@id":"https:\/\/www.genverde.it\/es\/#organization","name":"Gen Verde","url":"https:\/\/www.genverde.it\/es\/","logo":{"@type":"ImageObject","inLanguage":"es","@id":"https:\/\/www.genverde.it\/es\/#\/schema\/logo\/image\/","url":"https:\/\/www.genverde.it\/wp-content\/uploads\/2021\/05\/logo-gen-verde-black.png","contentUrl":"https:\/\/www.genverde.it\/wp-content\/uploads\/2021\/05\/logo-gen-verde-black.png","width":646,"height":392,"caption":"Gen Verde"},"image":{"@id":"https:\/\/www.genverde.it\/es\/#\/schema\/logo\/image\/"}},{"@type":"Person","@id":"https:\/\/www.genverde.it\/es\/#\/schema\/person\/d09c1222513aa65afd82c391277e40d8","name":"Mileni Pastore","image":{"@type":"ImageObject","inLanguage":"es","@id":"https:\/\/www.genverde.it\/es\/#\/schema\/person\/image\/","url":"https:\/\/secure.gravatar.com\/avatar\/5b1321f1539f5d0ea2d3f3f40135c229?s=96&d=mm&r=g","contentUrl":"https:\/\/secure.gravatar.com\/avatar\/5b1321f1539f5d0ea2d3f3f40135c229?s=96&d=mm&r=g","caption":"Mileni Pastore"}}]}},"_links":{"self":[{"href":"https:\/\/www.genverde.it\/es\/wp-json\/wp\/v2\/posts\/15853"}],"collection":[{"href":"https:\/\/www.genverde.it\/es\/wp-json\/wp\/v2\/posts"}],"about":[{"href":"https:\/\/www.genverde.it\/es\/wp-json\/wp\/v2\/types\/post"}],"author":[{"embeddable":true,"href":"https:\/\/www.genverde.it\/es\/wp-json\/wp\/v2\/users\/6"}],"replies":[{"embeddable":true,"href":"https:\/\/www.genverde.it\/es\/wp-json\/wp\/v2\/comments?post=15853"}],"version-history":[{"count":6,"href":"https:\/\/www.genverde.it\/es\/wp-json\/wp\/v2\/posts\/15853\/revisions"}],"predecessor-version":[{"id":36002,"href":"https:\/\/www.genverde.it\/es\/wp-json\/wp\/v2\/posts\/15853\/revisions\/36002"}],"wp:featuredmedia":[{"embeddable":true,"href":"https:\/\/www.genverde.it\/es\/wp-json\/wp\/v2\/media\/14959"}],"wp:attachment":[{"href":"https:\/\/www.genverde.it\/es\/wp-json\/wp\/v2\/media?parent=15853"}],"wp:term":[{"taxonomy":"category","embeddable":true,"href":"https:\/\/www.genverde.it\/es\/wp-json\/wp\/v2\/categories?post=15853"},{"taxonomy":"post_tag","embeddable":true,"href":"https:\/\/www.genverde.it\/es\/wp-json\/wp\/v2\/tags?post=15853"}],"curies":[{"name":"wp","href":"https:\/\/api.w.org\/{rel}","templated":true}]}}