{"id":18537,"date":"2022-01-30T08:00:00","date_gmt":"2022-01-30T07:00:00","guid":{"rendered":"https:\/\/www.genverde.it\/gen-verde-in-concert-ce-aria-di-novita\/"},"modified":"2025-11-25T15:52:01","modified_gmt":"2025-11-25T14:52:01","slug":"gen-verde-tour-2022","status":"publish","type":"post","link":"https:\/\/www.genverde.it\/es\/gen-verde-tour-2022\/","title":{"rendered":"Gen Verde Tour 2022"},"content":{"rendered":"\n<figure class=\"is-layout-flex wp-block-gallery-1 wp-block-gallery has-nested-images columns-default is-cropped\">\n<figure class=\"wp-block-image size-large\"><img decoding=\"async\" width=\"1024\" height=\"576\" data-id=\"18340\"  src=\"https:\/\/www.genverde.it\/wp-content\/uploads\/2022\/02\/GenVerde_TOUR_2022_FB-S-1024x576.jpg\" alt=\"\" class=\"wp-image-18340\" srcset=\"https:\/\/www.genverde.it\/wp-content\/uploads\/2022\/02\/GenVerde_TOUR_2022_FB-S-1024x576.jpg 1024w, https:\/\/www.genverde.it\/wp-content\/uploads\/2022\/02\/GenVerde_TOUR_2022_FB-S-300x169.jpg 300w, https:\/\/www.genverde.it\/wp-content\/uploads\/2022\/02\/GenVerde_TOUR_2022_FB-S-768x432.jpg 768w, https:\/\/www.genverde.it\/wp-content\/uploads\/2022\/02\/GenVerde_TOUR_2022_FB-S-1536x864.jpg 1536w, https:\/\/www.genverde.it\/wp-content\/uploads\/2022\/02\/GenVerde_TOUR_2022_FB-S-2048x1152.jpg 2048w\" sizes=\"(max-width: 1024px) 100vw, 1024px\" \/><\/figure>\n<\/figure>\n\n\n\n<p>\u00a1Volver a empezar juntas, m\u00e1s cohesionadas que nunca! Una idea clara con la que el Gen Verde se zambulle en el nuevo a\u00f1o. Estamos todav\u00eda al principio aunque se piensa y se planifica&#8230; El calendario \u2013como si fuese un tablero de ajedrez- est\u00e1 repleto de compromisos y conciertos y la primavera parece estar a la vuelta de la esquina. \u201cDespu\u00e9s de dos a\u00f1os de pandemia, no somos las mismas\u201d -explica Beatrice An, una de las compositoras del Gen Verde- \u201cy por eso estamos renovando <strong>nuestro concierto<\/strong>: m\u00fasica, luces, coreograf\u00eda, videos, vestuario&#8230; todo\u201d.<\/p>\n\n\n\n<p>\u201cUna elecci\u00f3n dictada por un gran deseo\u201d -contin\u00faa Beatrice An- \u201cel de comunicar m\u00e1s y mejor qui\u00e9nes somos, los valores en los que creemos y por los que estamos dispuestas a jug\u00e1rnosla\u201d. El <strong>mensaje no cambia: un mundo unido es posible<\/strong>. Tambi\u00e9n hoy, tambi\u00e9n ahora, cuando los contextos cambian y el enfoque se renueva.<\/p>\n\n\n\n<p>La inspiraci\u00f3n se encuentra en <strong>la autenticidad, la cercan\u00eda, las relaciones aut\u00e9nticas, la interculturalidad, la diversidad<\/strong>&#8230; sin dejar de lado la <strong>creatividad<\/strong>. \u201cPor eso\u201d-explica Colomba Bai- \u201cestamos trabajando para que en nuestros conciertos haya una mayor implicaci\u00f3n del p\u00fablico y m\u00e1s espontaneidad. Durante la pandemia se desat\u00f3 una ola de creatividad y&#8230; \u00a1s\u00f3lo queda sumergirnos juntos en el espect\u00e1culo!\u201d<\/p>\n\n\n\n<p>\u00bfD\u00f3nde? <strong>Aqu\u00ed est\u00e1n los conciertos confirmados<\/strong> hasta ahora \u00a1Pero no dej\u00e9is de seguirnos porque a\u00fan continuamos construyendo <strong>nuestra gira por Europa<\/strong>!<\/p>\n","protected":false},"excerpt":{"rendered":"<p>A\u00f1o nuevo, gira nueva.<\/p>\n","protected":false},"author":6,"featured_media":18349,"comment_status":"closed","ping_status":"closed","sticky":false,"template":"","format":"standard","meta":[],"categories":[888],"tags":[64,81,459,458],"blocksy_meta":{"styles_descriptor":{"styles":{"desktop":"","tablet":"","mobile":""},"google_fonts":[]}},"featured_image_urls":{"full":["https:\/\/www.genverde.it\/wp-content\/uploads\/2022\/02\/GenVerde_TOUR_2022_Sito.jpg",1080,800,false],"thumbnail":["https:\/\/www.genverde.it\/wp-content\/uploads\/2022\/02\/GenVerde_TOUR_2022_Sito-150x150.jpg",150,150,true],"medium":["https:\/\/www.genverde.it\/wp-content\/uploads\/2022\/02\/GenVerde_TOUR_2022_Sito-300x222.jpg",300,222,true],"medium_large":["https:\/\/www.genverde.it\/wp-content\/uploads\/2022\/02\/GenVerde_TOUR_2022_Sito-768x569.jpg",768,569,true],"large":["https:\/\/www.genverde.it\/wp-content\/uploads\/2022\/02\/GenVerde_TOUR_2022_Sito-1024x759.jpg",1024,759,true],"1536x1536":["https:\/\/www.genverde.it\/wp-content\/uploads\/2022\/02\/GenVerde_TOUR_2022_Sito.jpg",1080,800,false],"2048x2048":["https:\/\/www.genverde.it\/wp-content\/uploads\/2022\/02\/GenVerde_TOUR_2022_Sito.jpg",1080,800,false]},"post_excerpt_stackable":"<p>A\u00f1o nuevo, gira nueva.<\/p>\n","category_list":"<a href=\"https:\/\/www.genverde.it\/es\/category\/giras-y-viajes\/\" rel=\"category tag\">Giras y viajes<\/a>","author_info":{"name":"Mileni Pastore","url":"https:\/\/www.genverde.it\/es\/author\/mileni-pastore\/"},"comments_num":"0 comentarios","yoast_head":"<!-- This site is optimized with the Yoast SEO plugin v20.10 - https:\/\/yoast.com\/wordpress\/plugins\/seo\/ -->\n<title>Gern Verde in Concert<\/title>\n<meta name=\"description\" content=\"El nuevo tour del Gen Verde para 2022\" \/>\n<meta name=\"robots\" content=\"index, follow, max-snippet:-1, max-image-preview:large, max-video-preview:-1\" \/>\n<link rel=\"canonical\" href=\"https:\/\/www.genverde.it\/es\/gen-verde-tour-2022\/\" \/>\n<meta property=\"og:locale\" content=\"es_ES\" \/>\n<meta property=\"og:type\" content=\"article\" \/>\n<meta property=\"og:title\" content=\"Gern Verde in Concert\" \/>\n<meta property=\"og:description\" content=\"El nuevo tour del Gen Verde para 2022\" \/>\n<meta property=\"og:url\" content=\"https:\/\/www.genverde.it\/es\/gen-verde-tour-2022\/\" \/>\n<meta property=\"og:site_name\" content=\"Gen Verde\" \/>\n<meta property=\"article:published_time\" content=\"2022-01-30T07:00:00+00:00\" \/>\n<meta property=\"article:modified_time\" content=\"2025-11-25T14:52:01+00:00\" \/>\n<meta property=\"og:image\" content=\"https:\/\/www.genverde.it\/wp-content\/uploads\/2022\/02\/GenVerde_TOUR_2022_Sito.jpg\" \/>\n\t<meta property=\"og:image:width\" content=\"1080\" \/>\n\t<meta property=\"og:image:height\" content=\"800\" \/>\n\t<meta property=\"og:image:type\" content=\"image\/jpeg\" \/>\n<meta name=\"author\" content=\"Mileni Pastore\" \/>\n<meta name=\"twitter:card\" content=\"summary_large_image\" \/>\n<meta name=\"twitter:label1\" content=\"Escrito por\" \/>\n\t<meta name=\"twitter:data1\" content=\"Mileni Pastore\" \/>\n\t<meta name=\"twitter:label2\" content=\"Tiempo de lectura\" \/>\n\t<meta name=\"twitter:data2\" content=\"2 minutos\" \/>\n<script type=\"application\/ld+json\" class=\"yoast-schema-graph\">{\"@context\":\"https:\/\/schema.org\",\"@graph\":[{\"@type\":\"Article\",\"@id\":\"https:\/\/www.genverde.it\/es\/gen-verde-tour-2022\/#article\",\"isPartOf\":{\"@id\":\"https:\/\/www.genverde.it\/es\/gen-verde-tour-2022\/\"},\"author\":{\"name\":\"Mileni Pastore\",\"@id\":\"https:\/\/www.genverde.it\/es\/#\/schema\/person\/d09c1222513aa65afd82c391277e40d8\"},\"headline\":\"Gen Verde Tour 2022\",\"datePublished\":\"2022-01-30T07:00:00+00:00\",\"dateModified\":\"2025-11-25T14:52:01+00:00\",\"mainEntityOfPage\":{\"@id\":\"https:\/\/www.genverde.it\/es\/gen-verde-tour-2022\/\"},\"wordCount\":256,\"publisher\":{\"@id\":\"https:\/\/www.genverde.it\/es\/#organization\"},\"keywords\":[\"gen verde\",\"gen verde tour\",\"gen verde tour 2022\",\"tour 2022\"],\"articleSection\":[\"Giras y viajes\"],\"inLanguage\":\"es\"},{\"@type\":\"WebPage\",\"@id\":\"https:\/\/www.genverde.it\/es\/gen-verde-tour-2022\/\",\"url\":\"https:\/\/www.genverde.it\/es\/gen-verde-tour-2022\/\",\"name\":\"Gern Verde in Concert\",\"isPartOf\":{\"@id\":\"https:\/\/www.genverde.it\/es\/#website\"},\"datePublished\":\"2022-01-30T07:00:00+00:00\",\"dateModified\":\"2025-11-25T14:52:01+00:00\",\"description\":\"El nuevo tour del Gen Verde para 2022\",\"breadcrumb\":{\"@id\":\"https:\/\/www.genverde.it\/es\/gen-verde-tour-2022\/#breadcrumb\"},\"inLanguage\":\"es\",\"potentialAction\":[{\"@type\":\"ReadAction\",\"target\":[\"https:\/\/www.genverde.it\/es\/gen-verde-tour-2022\/\"]}]},{\"@type\":\"BreadcrumbList\",\"@id\":\"https:\/\/www.genverde.it\/es\/gen-verde-tour-2022\/#breadcrumb\",\"itemListElement\":[{\"@type\":\"ListItem\",\"position\":1,\"name\":\"Home\",\"item\":\"https:\/\/www.genverde.it\/es\/\"},{\"@type\":\"ListItem\",\"position\":2,\"name\":\"Gen Verde Tour 2022\"}]},{\"@type\":\"WebSite\",\"@id\":\"https:\/\/www.genverde.it\/es\/#website\",\"url\":\"https:\/\/www.genverde.it\/es\/\",\"name\":\"Gen Verde\",\"description\":\"\",\"publisher\":{\"@id\":\"https:\/\/www.genverde.it\/es\/#organization\"},\"potentialAction\":[{\"@type\":\"SearchAction\",\"target\":{\"@type\":\"EntryPoint\",\"urlTemplate\":\"https:\/\/www.genverde.it\/es\/?s={search_term_string}\"},\"query-input\":\"required name=search_term_string\"}],\"inLanguage\":\"es\"},{\"@type\":\"Organization\",\"@id\":\"https:\/\/www.genverde.it\/es\/#organization\",\"name\":\"Gen Verde\",\"url\":\"https:\/\/www.genverde.it\/es\/\",\"logo\":{\"@type\":\"ImageObject\",\"inLanguage\":\"es\",\"@id\":\"https:\/\/www.genverde.it\/es\/#\/schema\/logo\/image\/\",\"url\":\"https:\/\/www.genverde.it\/wp-content\/uploads\/2021\/05\/logo-gen-verde-black.png\",\"contentUrl\":\"https:\/\/www.genverde.it\/wp-content\/uploads\/2021\/05\/logo-gen-verde-black.png\",\"width\":646,\"height\":392,\"caption\":\"Gen Verde\"},\"image\":{\"@id\":\"https:\/\/www.genverde.it\/es\/#\/schema\/logo\/image\/\"}},{\"@type\":\"Person\",\"@id\":\"https:\/\/www.genverde.it\/es\/#\/schema\/person\/d09c1222513aa65afd82c391277e40d8\",\"name\":\"Mileni Pastore\",\"image\":{\"@type\":\"ImageObject\",\"inLanguage\":\"es\",\"@id\":\"https:\/\/www.genverde.it\/es\/#\/schema\/person\/image\/\",\"url\":\"https:\/\/secure.gravatar.com\/avatar\/5b1321f1539f5d0ea2d3f3f40135c229?s=96&d=mm&r=g\",\"contentUrl\":\"https:\/\/secure.gravatar.com\/avatar\/5b1321f1539f5d0ea2d3f3f40135c229?s=96&d=mm&r=g\",\"caption\":\"Mileni Pastore\"}}]}<\/script>\n<!-- \/ Yoast SEO plugin. -->","yoast_head_json":{"title":"Gern Verde in Concert","description":"El nuevo tour del Gen Verde para 2022","robots":{"index":"index","follow":"follow","max-snippet":"max-snippet:-1","max-image-preview":"max-image-preview:large","max-video-preview":"max-video-preview:-1"},"canonical":"https:\/\/www.genverde.it\/es\/gen-verde-tour-2022\/","og_locale":"es_ES","og_type":"article","og_title":"Gern Verde in Concert","og_description":"El nuevo tour del Gen Verde para 2022","og_url":"https:\/\/www.genverde.it\/es\/gen-verde-tour-2022\/","og_site_name":"Gen Verde","article_published_time":"2022-01-30T07:00:00+00:00","article_modified_time":"2025-11-25T14:52:01+00:00","og_image":[{"width":1080,"height":800,"url":"https:\/\/www.genverde.it\/wp-content\/uploads\/2022\/02\/GenVerde_TOUR_2022_Sito.jpg","type":"image\/jpeg"}],"author":"Mileni Pastore","twitter_card":"summary_large_image","twitter_misc":{"Escrito por":"Mileni Pastore","Tiempo de lectura":"2 minutos"},"schema":{"@context":"https:\/\/schema.org","@graph":[{"@type":"Article","@id":"https:\/\/www.genverde.it\/es\/gen-verde-tour-2022\/#article","isPartOf":{"@id":"https:\/\/www.genverde.it\/es\/gen-verde-tour-2022\/"},"author":{"name":"Mileni Pastore","@id":"https:\/\/www.genverde.it\/es\/#\/schema\/person\/d09c1222513aa65afd82c391277e40d8"},"headline":"Gen Verde Tour 2022","datePublished":"2022-01-30T07:00:00+00:00","dateModified":"2025-11-25T14:52:01+00:00","mainEntityOfPage":{"@id":"https:\/\/www.genverde.it\/es\/gen-verde-tour-2022\/"},"wordCount":256,"publisher":{"@id":"https:\/\/www.genverde.it\/es\/#organization"},"keywords":["gen verde","gen verde tour","gen verde tour 2022","tour 2022"],"articleSection":["Giras y viajes"],"inLanguage":"es"},{"@type":"WebPage","@id":"https:\/\/www.genverde.it\/es\/gen-verde-tour-2022\/","url":"https:\/\/www.genverde.it\/es\/gen-verde-tour-2022\/","name":"Gern Verde in Concert","isPartOf":{"@id":"https:\/\/www.genverde.it\/es\/#website"},"datePublished":"2022-01-30T07:00:00+00:00","dateModified":"2025-11-25T14:52:01+00:00","description":"El nuevo tour del Gen Verde para 2022","breadcrumb":{"@id":"https:\/\/www.genverde.it\/es\/gen-verde-tour-2022\/#breadcrumb"},"inLanguage":"es","potentialAction":[{"@type":"ReadAction","target":["https:\/\/www.genverde.it\/es\/gen-verde-tour-2022\/"]}]},{"@type":"BreadcrumbList","@id":"https:\/\/www.genverde.it\/es\/gen-verde-tour-2022\/#breadcrumb","itemListElement":[{"@type":"ListItem","position":1,"name":"Home","item":"https:\/\/www.genverde.it\/es\/"},{"@type":"ListItem","position":2,"name":"Gen Verde Tour 2022"}]},{"@type":"WebSite","@id":"https:\/\/www.genverde.it\/es\/#website","url":"https:\/\/www.genverde.it\/es\/","name":"Gen Verde","description":"","publisher":{"@id":"https:\/\/www.genverde.it\/es\/#organization"},"potentialAction":[{"@type":"SearchAction","target":{"@type":"EntryPoint","urlTemplate":"https:\/\/www.genverde.it\/es\/?s={search_term_string}"},"query-input":"required name=search_term_string"}],"inLanguage":"es"},{"@type":"Organization","@id":"https:\/\/www.genverde.it\/es\/#organization","name":"Gen Verde","url":"https:\/\/www.genverde.it\/es\/","logo":{"@type":"ImageObject","inLanguage":"es","@id":"https:\/\/www.genverde.it\/es\/#\/schema\/logo\/image\/","url":"https:\/\/www.genverde.it\/wp-content\/uploads\/2021\/05\/logo-gen-verde-black.png","contentUrl":"https:\/\/www.genverde.it\/wp-content\/uploads\/2021\/05\/logo-gen-verde-black.png","width":646,"height":392,"caption":"Gen Verde"},"image":{"@id":"https:\/\/www.genverde.it\/es\/#\/schema\/logo\/image\/"}},{"@type":"Person","@id":"https:\/\/www.genverde.it\/es\/#\/schema\/person\/d09c1222513aa65afd82c391277e40d8","name":"Mileni Pastore","image":{"@type":"ImageObject","inLanguage":"es","@id":"https:\/\/www.genverde.it\/es\/#\/schema\/person\/image\/","url":"https:\/\/secure.gravatar.com\/avatar\/5b1321f1539f5d0ea2d3f3f40135c229?s=96&d=mm&r=g","contentUrl":"https:\/\/secure.gravatar.com\/avatar\/5b1321f1539f5d0ea2d3f3f40135c229?s=96&d=mm&r=g","caption":"Mileni Pastore"}}]}},"_links":{"self":[{"href":"https:\/\/www.genverde.it\/es\/wp-json\/wp\/v2\/posts\/18537"}],"collection":[{"href":"https:\/\/www.genverde.it\/es\/wp-json\/wp\/v2\/posts"}],"about":[{"href":"https:\/\/www.genverde.it\/es\/wp-json\/wp\/v2\/types\/post"}],"author":[{"embeddable":true,"href":"https:\/\/www.genverde.it\/es\/wp-json\/wp\/v2\/users\/6"}],"replies":[{"embeddable":true,"href":"https:\/\/www.genverde.it\/es\/wp-json\/wp\/v2\/comments?post=18537"}],"version-history":[{"count":4,"href":"https:\/\/www.genverde.it\/es\/wp-json\/wp\/v2\/posts\/18537\/revisions"}],"predecessor-version":[{"id":35953,"href":"https:\/\/www.genverde.it\/es\/wp-json\/wp\/v2\/posts\/18537\/revisions\/35953"}],"wp:featuredmedia":[{"embeddable":true,"href":"https:\/\/www.genverde.it\/es\/wp-json\/wp\/v2\/media\/18349"}],"wp:attachment":[{"href":"https:\/\/www.genverde.it\/es\/wp-json\/wp\/v2\/media?parent=18537"}],"wp:term":[{"taxonomy":"category","embeddable":true,"href":"https:\/\/www.genverde.it\/es\/wp-json\/wp\/v2\/categories?post=18537"},{"taxonomy":"post_tag","embeddable":true,"href":"https:\/\/www.genverde.it\/es\/wp-json\/wp\/v2\/tags?post=18537"}],"curies":[{"name":"wp","href":"https:\/\/api.w.org\/{rel}","templated":true}]}}