{"id":4841,"date":"2021-04-20T17:43:00","date_gmt":"2021-04-20T15:43:00","guid":{"rendered":"https:\/\/www.genverde.it\/apoyanos-2021\/"},"modified":"2025-11-25T15:45:49","modified_gmt":"2025-11-25T14:45:49","slug":"apoyanos-2021","status":"publish","type":"post","link":"https:\/\/www.genverde.it\/es\/apoyanos-2021\/","title":{"rendered":"Apoyanos"},"content":{"rendered":"<div class=\"wp-block-image\">\n<figure class=\"aligncenter size-large\"><img decoding=\"async\" width=\"1024\" height=\"576\" src=\"https:\/\/www.genverde.it\/wp-content\/uploads\/2021\/07\/Sostienici_2021_Italiano-2-1024x576.jpg\" alt=\"\" class=\"wp-image-11427\" srcset=\"https:\/\/www.genverde.it\/wp-content\/uploads\/2021\/07\/Sostienici_2021_Italiano-2-1024x576.jpg 1024w, https:\/\/www.genverde.it\/wp-content\/uploads\/2021\/07\/Sostienici_2021_Italiano-2-300x169.jpg 300w, https:\/\/www.genverde.it\/wp-content\/uploads\/2021\/07\/Sostienici_2021_Italiano-2-768x432.jpg 768w, https:\/\/www.genverde.it\/wp-content\/uploads\/2021\/07\/Sostienici_2021_Italiano-2-1536x864.jpg 1536w, https:\/\/www.genverde.it\/wp-content\/uploads\/2021\/07\/Sostienici_2021_Italiano-2.jpg 1920w\" sizes=\"(max-width: 1024px) 100vw, 1024px\" \/><\/figure><\/div>\n\n\n<div class=\"is-layout-flex wp-container-10 wp-block-columns\">\n<div class=\"is-layout-flow wp-block-column\" style=\"flex-basis:33.34%\">\n<figure class=\"is-layout-flex wp-block-gallery-1 wp-block-gallery has-nested-images columns-default is-cropped\">\n<figure class=\"wp-block-image size-large\"><img decoding=\"async\" width=\"1024\" height=\"576\" src=\"https:\/\/www.genverde.it\/wp-content\/uploads\/2021\/07\/Sostienici_2021_Inglese-1024x576.jpg\" alt=\"\" class=\"wp-image-11434\" srcset=\"https:\/\/www.genverde.it\/wp-content\/uploads\/2021\/07\/Sostienici_2021_Inglese-1024x576.jpg 1024w, https:\/\/www.genverde.it\/wp-content\/uploads\/2021\/07\/Sostienici_2021_Inglese-300x169.jpg 300w, https:\/\/www.genverde.it\/wp-content\/uploads\/2021\/07\/Sostienici_2021_Inglese-768x432.jpg 768w, https:\/\/www.genverde.it\/wp-content\/uploads\/2021\/07\/Sostienici_2021_Inglese-1536x864.jpg 1536w, https:\/\/www.genverde.it\/wp-content\/uploads\/2021\/07\/Sostienici_2021_Inglese.jpg 1920w\" sizes=\"(max-width: 1024px) 100vw, 1024px\" \/><\/figure>\n<\/figure>\n<\/div>\n\n\n\n<div class=\"is-layout-flow wp-block-column\" style=\"flex-basis:33.34%\">\n<figure class=\"is-layout-flex wp-block-gallery-4 wp-block-gallery has-nested-images columns-default is-cropped\">\n<figure class=\"wp-block-image size-large\"><img decoding=\"async\" width=\"1024\" height=\"576\" src=\"https:\/\/www.genverde.it\/wp-content\/uploads\/2021\/07\/Sostienici_2021_Portoghese-1024x576.jpg\" alt=\"\" class=\"wp-image-11438\" srcset=\"https:\/\/www.genverde.it\/wp-content\/uploads\/2021\/07\/Sostienici_2021_Portoghese-1024x576.jpg 1024w, https:\/\/www.genverde.it\/wp-content\/uploads\/2021\/07\/Sostienici_2021_Portoghese-300x169.jpg 300w, https:\/\/www.genverde.it\/wp-content\/uploads\/2021\/07\/Sostienici_2021_Portoghese-768x432.jpg 768w, https:\/\/www.genverde.it\/wp-content\/uploads\/2021\/07\/Sostienici_2021_Portoghese-1536x864.jpg 1536w, https:\/\/www.genverde.it\/wp-content\/uploads\/2021\/07\/Sostienici_2021_Portoghese.jpg 1920w\" sizes=\"(max-width: 1024px) 100vw, 1024px\" \/><\/figure>\n<\/figure>\n<\/div>\n\n\n\n<div class=\"is-layout-flow wp-block-column\" style=\"flex-basis:33.33%\">\n<figure class=\"is-layout-flex wp-block-gallery-7 wp-block-gallery has-nested-images columns-default is-cropped\">\n<figure class=\"wp-block-image size-large\"><img decoding=\"async\" width=\"1024\" height=\"576\" src=\"https:\/\/www.genverde.it\/wp-content\/uploads\/2021\/07\/Sostienici_2021_Spagnolo-1024x576.jpg\" alt=\"\" class=\"wp-image-11442\" srcset=\"https:\/\/www.genverde.it\/wp-content\/uploads\/2021\/07\/Sostienici_2021_Spagnolo-1024x576.jpg 1024w, https:\/\/www.genverde.it\/wp-content\/uploads\/2021\/07\/Sostienici_2021_Spagnolo-300x169.jpg 300w, https:\/\/www.genverde.it\/wp-content\/uploads\/2021\/07\/Sostienici_2021_Spagnolo-768x432.jpg 768w, https:\/\/www.genverde.it\/wp-content\/uploads\/2021\/07\/Sostienici_2021_Spagnolo-1536x864.jpg 1536w, https:\/\/www.genverde.it\/wp-content\/uploads\/2021\/07\/Sostienici_2021_Spagnolo.jpg 1920w\" sizes=\"(max-width: 1024px) 100vw, 1024px\" \/><\/figure>\n<\/figure>\n<\/div>\n<\/div>\n\n\n\n<p><strong>Ha pasado m\u00e1s de un a\u00f1o desde nuestro \u00faltimo concierto cuando, debido a la pandemia de COVID-19, nos vimos obligadas a suspender nuestras actuaciones en directo perdi\u00e9ndose as\u00ed uno de los principales ingresos de nuestra econom\u00eda.<\/strong><\/p>\n\n\n\n<p>Queremos agradecer a todos los que nos han apoyado con donaciones. Todo tipo de contribuciones, incluso las m\u00e1s peque\u00f1as, siguen siendo muy apreciadas.<\/p>\n\n\n\n<p>Adem\u00e1s, tal vez no todo el mundo sepa que cada vez que disteis a un Like en nuestros posts o reprodujisteis una de nuestras canciones o compartisteis uno de nuestros v\u00eddeos, fue tambi\u00e9n una forma de apoyarnos.<br>Por eso, lanzamos la campa\u00f1a #GenVerde | Play \u25b6\ufe0f Like \u2764\ufe0f Share ?<br>\u25b6\ufe0f \u00a1Escucha nuestras canciones y mira nuestros v\u00eddeos!<br>\u2764\ufe0f \u00a1Da a Me gusta en nuestros posts, canciones y v\u00eddeos!<br>? \u00a1Comparte nuestros contenidos con tus amigos y con tu familia!<\/p>\n\n\n\n<p><strong>No queremos dejar de ofrecer -a trav\u00e9s de nuestras producciones nacidas del Evangelio vivido- testimonios de fraternidad y semillas de esperanza tan apremiantes en estos tiempos dif\u00edciles. T\u00fa tambi\u00e9n puedes colaborar en esta empresa.<\/strong><\/p>\n\n\n\n<p><strong>\u00a1AP\u00d3YANOS!<\/strong><\/p>\n\n\n\n<p><strong>GRACIAS A TU APORTACI\u00d3N PODREMOS SEGUIR:<\/strong><\/p>\n\n\n\n<p>\u2022 ofreciendo momentos de intercambio abiertos a todos (breves conciertos en streaming, di\u00e1logos con qui\u00e9nes nos los solicitan, etc.)<\/p>\n\n\n\n<p>\u2022 impulsando proyectos educativos para j\u00f3venes y adultos<\/p>\n\n\n\n<p>\u2022 creando nuevas composiciones<\/p>\n\n\n\n<p><strong>Ingresos:<\/strong><\/p>\n\n\n\n<p>TRANSFERENCIA BANCARIA<br>Cuenta a nombre de: Gen Verde della P.A.F.O.M.<br>IBAN: IT75 R030 6909 6061 0000 0102647<br>C\u00d3DIGO BIC: BCITITMM<\/p>\n","protected":false},"excerpt":{"rendered":"<p>Ha pasado m\u00e1s de un a\u00f1o desde nuestro \u00faltimo concierto cuando, debido a la pandemia\u2026<\/p>\n","protected":false},"author":1,"featured_media":17783,"comment_status":"closed","ping_status":"open","sticky":false,"template":"","format":"standard","meta":[],"categories":[892],"tags":[],"blocksy_meta":{"styles_descriptor":{"styles":{"desktop":"","tablet":"","mobile":""},"google_fonts":[]}},"featured_image_urls":{"full":["https:\/\/www.genverde.it\/wp-content\/uploads\/2021\/04\/Dona-2021_-1.jpg",1080,800,false],"thumbnail":["https:\/\/www.genverde.it\/wp-content\/uploads\/2021\/04\/Dona-2021_-1-150x150.jpg",150,150,true],"medium":["https:\/\/www.genverde.it\/wp-content\/uploads\/2021\/04\/Dona-2021_-1-300x222.jpg",300,222,true],"medium_large":["https:\/\/www.genverde.it\/wp-content\/uploads\/2021\/04\/Dona-2021_-1-768x569.jpg",768,569,true],"large":["https:\/\/www.genverde.it\/wp-content\/uploads\/2021\/04\/Dona-2021_-1-1024x759.jpg",1024,759,true],"1536x1536":["https:\/\/www.genverde.it\/wp-content\/uploads\/2021\/04\/Dona-2021_-1.jpg",1080,800,false],"2048x2048":["https:\/\/www.genverde.it\/wp-content\/uploads\/2021\/04\/Dona-2021_-1.jpg",1080,800,false]},"post_excerpt_stackable":"<p>Ha pasado m\u00e1s de un a\u00f1o desde nuestro \u00faltimo concierto cuando, debido a la pandemia de COVID-19, nos vimos obligadas a suspender nuestras actuaciones en directo perdi\u00e9ndose as\u00ed uno de los principales ingresos de nuestra econom\u00eda. Queremos agradecer a todos los que nos han apoyado con donaciones. Todo tipo de contribuciones, incluso las m\u00e1s peque\u00f1as, siguen siendo muy apreciadas. Adem\u00e1s, tal vez no todo el mundo sepa que cada vez que disteis a un Like en nuestros posts o reprodujisteis una de nuestras canciones o compartisteis uno de nuestros v\u00eddeos, fue tambi\u00e9n una forma de apoyarnos.Por eso, lanzamos la campa\u00f1a&hellip;<\/p>\n","category_list":"<a href=\"https:\/\/www.genverde.it\/es\/category\/proyectos-culturales-y-sociales\/\" rel=\"category tag\">Proyectos culturales y sociales<\/a>","author_info":{"name":"domains@trizero.it","url":"https:\/\/www.genverde.it\/es\/author\/domainstrizero-it\/"},"comments_num":"0 comentarios","yoast_head":"<!-- This site is optimized with the Yoast SEO plugin v20.10 - https:\/\/yoast.com\/wordpress\/plugins\/seo\/ -->\n<title>Apoyanos<\/title>\n<meta name=\"robots\" content=\"index, follow, max-snippet:-1, max-image-preview:large, max-video-preview:-1\" \/>\n<link rel=\"canonical\" href=\"https:\/\/www.genverde.it\/es\/apoyanos-2021\/\" \/>\n<meta property=\"og:locale\" content=\"es_ES\" \/>\n<meta property=\"og:type\" content=\"article\" \/>\n<meta property=\"og:title\" content=\"Apoyanos\" \/>\n<meta property=\"og:description\" content=\"Ha pasado m\u00e1s de un a\u00f1o desde nuestro \u00faltimo concierto cuando, debido a la pandemia\u2026\" \/>\n<meta property=\"og:url\" content=\"https:\/\/www.genverde.it\/es\/apoyanos-2021\/\" \/>\n<meta property=\"og:site_name\" content=\"Gen Verde\" \/>\n<meta property=\"article:published_time\" content=\"2021-04-20T15:43:00+00:00\" \/>\n<meta property=\"article:modified_time\" content=\"2025-11-25T14:45:49+00:00\" \/>\n<meta property=\"og:image\" content=\"https:\/\/www.genverde.it\/wp-content\/uploads\/2021\/04\/Dona-2021_-1.jpg\" \/>\n\t<meta property=\"og:image:width\" content=\"1080\" \/>\n\t<meta property=\"og:image:height\" content=\"800\" \/>\n\t<meta property=\"og:image:type\" content=\"image\/jpeg\" \/>\n<meta name=\"author\" content=\"domains@trizero.it\" \/>\n<meta name=\"twitter:card\" content=\"summary_large_image\" \/>\n<meta name=\"twitter:label1\" content=\"Escrito por\" \/>\n\t<meta name=\"twitter:data1\" content=\"domains@trizero.it\" \/>\n\t<meta name=\"twitter:label2\" content=\"Tiempo de lectura\" \/>\n\t<meta name=\"twitter:data2\" content=\"3 minutos\" \/>\n<script type=\"application\/ld+json\" class=\"yoast-schema-graph\">{\"@context\":\"https:\/\/schema.org\",\"@graph\":[{\"@type\":\"Article\",\"@id\":\"https:\/\/www.genverde.it\/es\/apoyanos-2021\/#article\",\"isPartOf\":{\"@id\":\"https:\/\/www.genverde.it\/es\/apoyanos-2021\/\"},\"author\":{\"name\":\"domains@trizero.it\",\"@id\":\"https:\/\/www.genverde.it\/es\/#\/schema\/person\/6ecdde1503e1aac5a939c6b3d9cf61f8\"},\"headline\":\"Apoyanos\",\"datePublished\":\"2021-04-20T15:43:00+00:00\",\"dateModified\":\"2025-11-25T14:45:49+00:00\",\"mainEntityOfPage\":{\"@id\":\"https:\/\/www.genverde.it\/es\/apoyanos-2021\/\"},\"wordCount\":243,\"publisher\":{\"@id\":\"https:\/\/www.genverde.it\/es\/#organization\"},\"articleSection\":[\"Proyectos culturales y sociales\"],\"inLanguage\":\"es\"},{\"@type\":\"WebPage\",\"@id\":\"https:\/\/www.genverde.it\/es\/apoyanos-2021\/\",\"url\":\"https:\/\/www.genverde.it\/es\/apoyanos-2021\/\",\"name\":\"Apoyanos\",\"isPartOf\":{\"@id\":\"https:\/\/www.genverde.it\/es\/#website\"},\"datePublished\":\"2021-04-20T15:43:00+00:00\",\"dateModified\":\"2025-11-25T14:45:49+00:00\",\"breadcrumb\":{\"@id\":\"https:\/\/www.genverde.it\/es\/apoyanos-2021\/#breadcrumb\"},\"inLanguage\":\"es\",\"potentialAction\":[{\"@type\":\"ReadAction\",\"target\":[\"https:\/\/www.genverde.it\/es\/apoyanos-2021\/\"]}]},{\"@type\":\"BreadcrumbList\",\"@id\":\"https:\/\/www.genverde.it\/es\/apoyanos-2021\/#breadcrumb\",\"itemListElement\":[{\"@type\":\"ListItem\",\"position\":1,\"name\":\"Home\",\"item\":\"https:\/\/www.genverde.it\/es\/\"},{\"@type\":\"ListItem\",\"position\":2,\"name\":\"Apoyanos\"}]},{\"@type\":\"WebSite\",\"@id\":\"https:\/\/www.genverde.it\/es\/#website\",\"url\":\"https:\/\/www.genverde.it\/es\/\",\"name\":\"Gen Verde\",\"description\":\"\",\"publisher\":{\"@id\":\"https:\/\/www.genverde.it\/es\/#organization\"},\"potentialAction\":[{\"@type\":\"SearchAction\",\"target\":{\"@type\":\"EntryPoint\",\"urlTemplate\":\"https:\/\/www.genverde.it\/es\/?s={search_term_string}\"},\"query-input\":\"required name=search_term_string\"}],\"inLanguage\":\"es\"},{\"@type\":\"Organization\",\"@id\":\"https:\/\/www.genverde.it\/es\/#organization\",\"name\":\"Gen Verde\",\"url\":\"https:\/\/www.genverde.it\/es\/\",\"logo\":{\"@type\":\"ImageObject\",\"inLanguage\":\"es\",\"@id\":\"https:\/\/www.genverde.it\/es\/#\/schema\/logo\/image\/\",\"url\":\"https:\/\/www.genverde.it\/wp-content\/uploads\/2021\/05\/logo-gen-verde-black.png\",\"contentUrl\":\"https:\/\/www.genverde.it\/wp-content\/uploads\/2021\/05\/logo-gen-verde-black.png\",\"width\":646,\"height\":392,\"caption\":\"Gen Verde\"},\"image\":{\"@id\":\"https:\/\/www.genverde.it\/es\/#\/schema\/logo\/image\/\"}},{\"@type\":\"Person\",\"@id\":\"https:\/\/www.genverde.it\/es\/#\/schema\/person\/6ecdde1503e1aac5a939c6b3d9cf61f8\",\"name\":\"domains@trizero.it\",\"image\":{\"@type\":\"ImageObject\",\"inLanguage\":\"es\",\"@id\":\"https:\/\/www.genverde.it\/es\/#\/schema\/person\/image\/\",\"url\":\"https:\/\/secure.gravatar.com\/avatar\/27dca0b5fa1711a07921f4e77851c7c6?s=96&d=mm&r=g\",\"contentUrl\":\"https:\/\/secure.gravatar.com\/avatar\/27dca0b5fa1711a07921f4e77851c7c6?s=96&d=mm&r=g\",\"caption\":\"domains@trizero.it\"},\"sameAs\":[\"https:\/\/genverde.trizero.it\"]}]}<\/script>\n<!-- \/ Yoast SEO plugin. -->","yoast_head_json":{"title":"Apoyanos","robots":{"index":"index","follow":"follow","max-snippet":"max-snippet:-1","max-image-preview":"max-image-preview:large","max-video-preview":"max-video-preview:-1"},"canonical":"https:\/\/www.genverde.it\/es\/apoyanos-2021\/","og_locale":"es_ES","og_type":"article","og_title":"Apoyanos","og_description":"Ha pasado m\u00e1s de un a\u00f1o desde nuestro \u00faltimo concierto cuando, debido a la pandemia\u2026","og_url":"https:\/\/www.genverde.it\/es\/apoyanos-2021\/","og_site_name":"Gen Verde","article_published_time":"2021-04-20T15:43:00+00:00","article_modified_time":"2025-11-25T14:45:49+00:00","og_image":[{"width":1080,"height":800,"url":"https:\/\/www.genverde.it\/wp-content\/uploads\/2021\/04\/Dona-2021_-1.jpg","type":"image\/jpeg"}],"author":"domains@trizero.it","twitter_card":"summary_large_image","twitter_misc":{"Escrito por":"domains@trizero.it","Tiempo de lectura":"3 minutos"},"schema":{"@context":"https:\/\/schema.org","@graph":[{"@type":"Article","@id":"https:\/\/www.genverde.it\/es\/apoyanos-2021\/#article","isPartOf":{"@id":"https:\/\/www.genverde.it\/es\/apoyanos-2021\/"},"author":{"name":"domains@trizero.it","@id":"https:\/\/www.genverde.it\/es\/#\/schema\/person\/6ecdde1503e1aac5a939c6b3d9cf61f8"},"headline":"Apoyanos","datePublished":"2021-04-20T15:43:00+00:00","dateModified":"2025-11-25T14:45:49+00:00","mainEntityOfPage":{"@id":"https:\/\/www.genverde.it\/es\/apoyanos-2021\/"},"wordCount":243,"publisher":{"@id":"https:\/\/www.genverde.it\/es\/#organization"},"articleSection":["Proyectos culturales y sociales"],"inLanguage":"es"},{"@type":"WebPage","@id":"https:\/\/www.genverde.it\/es\/apoyanos-2021\/","url":"https:\/\/www.genverde.it\/es\/apoyanos-2021\/","name":"Apoyanos","isPartOf":{"@id":"https:\/\/www.genverde.it\/es\/#website"},"datePublished":"2021-04-20T15:43:00+00:00","dateModified":"2025-11-25T14:45:49+00:00","breadcrumb":{"@id":"https:\/\/www.genverde.it\/es\/apoyanos-2021\/#breadcrumb"},"inLanguage":"es","potentialAction":[{"@type":"ReadAction","target":["https:\/\/www.genverde.it\/es\/apoyanos-2021\/"]}]},{"@type":"BreadcrumbList","@id":"https:\/\/www.genverde.it\/es\/apoyanos-2021\/#breadcrumb","itemListElement":[{"@type":"ListItem","position":1,"name":"Home","item":"https:\/\/www.genverde.it\/es\/"},{"@type":"ListItem","position":2,"name":"Apoyanos"}]},{"@type":"WebSite","@id":"https:\/\/www.genverde.it\/es\/#website","url":"https:\/\/www.genverde.it\/es\/","name":"Gen Verde","description":"","publisher":{"@id":"https:\/\/www.genverde.it\/es\/#organization"},"potentialAction":[{"@type":"SearchAction","target":{"@type":"EntryPoint","urlTemplate":"https:\/\/www.genverde.it\/es\/?s={search_term_string}"},"query-input":"required name=search_term_string"}],"inLanguage":"es"},{"@type":"Organization","@id":"https:\/\/www.genverde.it\/es\/#organization","name":"Gen Verde","url":"https:\/\/www.genverde.it\/es\/","logo":{"@type":"ImageObject","inLanguage":"es","@id":"https:\/\/www.genverde.it\/es\/#\/schema\/logo\/image\/","url":"https:\/\/www.genverde.it\/wp-content\/uploads\/2021\/05\/logo-gen-verde-black.png","contentUrl":"https:\/\/www.genverde.it\/wp-content\/uploads\/2021\/05\/logo-gen-verde-black.png","width":646,"height":392,"caption":"Gen Verde"},"image":{"@id":"https:\/\/www.genverde.it\/es\/#\/schema\/logo\/image\/"}},{"@type":"Person","@id":"https:\/\/www.genverde.it\/es\/#\/schema\/person\/6ecdde1503e1aac5a939c6b3d9cf61f8","name":"domains@trizero.it","image":{"@type":"ImageObject","inLanguage":"es","@id":"https:\/\/www.genverde.it\/es\/#\/schema\/person\/image\/","url":"https:\/\/secure.gravatar.com\/avatar\/27dca0b5fa1711a07921f4e77851c7c6?s=96&d=mm&r=g","contentUrl":"https:\/\/secure.gravatar.com\/avatar\/27dca0b5fa1711a07921f4e77851c7c6?s=96&d=mm&r=g","caption":"domains@trizero.it"},"sameAs":["https:\/\/genverde.trizero.it"]}]}},"_links":{"self":[{"href":"https:\/\/www.genverde.it\/es\/wp-json\/wp\/v2\/posts\/4841"}],"collection":[{"href":"https:\/\/www.genverde.it\/es\/wp-json\/wp\/v2\/posts"}],"about":[{"href":"https:\/\/www.genverde.it\/es\/wp-json\/wp\/v2\/types\/post"}],"author":[{"embeddable":true,"href":"https:\/\/www.genverde.it\/es\/wp-json\/wp\/v2\/users\/1"}],"replies":[{"embeddable":true,"href":"https:\/\/www.genverde.it\/es\/wp-json\/wp\/v2\/comments?post=4841"}],"version-history":[{"count":8,"href":"https:\/\/www.genverde.it\/es\/wp-json\/wp\/v2\/posts\/4841\/revisions"}],"predecessor-version":[{"id":35937,"href":"https:\/\/www.genverde.it\/es\/wp-json\/wp\/v2\/posts\/4841\/revisions\/35937"}],"wp:featuredmedia":[{"embeddable":true,"href":"https:\/\/www.genverde.it\/es\/wp-json\/wp\/v2\/media\/17783"}],"wp:attachment":[{"href":"https:\/\/www.genverde.it\/es\/wp-json\/wp\/v2\/media?parent=4841"}],"wp:term":[{"taxonomy":"category","embeddable":true,"href":"https:\/\/www.genverde.it\/es\/wp-json\/wp\/v2\/categories?post=4841"},{"taxonomy":"post_tag","embeddable":true,"href":"https:\/\/www.genverde.it\/es\/wp-json\/wp\/v2\/tags?post=4841"}],"curies":[{"name":"wp","href":"https:\/\/api.w.org\/{rel}","templated":true}]}}