{"id":4846,"date":"2021-05-09T17:47:00","date_gmt":"2021-05-09T15:47:00","guid":{"rendered":"https:\/\/www.genverde.it\/quien-llora-por-ti\/"},"modified":"2025-11-25T16:20:14","modified_gmt":"2025-11-25T15:20:14","slug":"quien-llora-por-ti","status":"publish","type":"post","link":"https:\/\/www.genverde.it\/es\/quien-llora-por-ti\/","title":{"rendered":"\u00bfQui\u00e9n llora por ti? &#8211; El nuevo videoclip del Gen Verde"},"content":{"rendered":"\n<figure class=\"wp-block-embed aligncenter is-type-video is-provider-youtube wp-block-embed-youtube wp-embed-aspect-16-9 wp-has-aspect-ratio\"><div class=\"wp-block-embed__wrapper\">\n<iframe title=\"Gen Verde - Chi Piange Per Te? (Official Video)\" width=\"1366\" height=\"768\" src=\"https:\/\/www.youtube.com\/embed\/8iaemHN4r1c?feature=oembed\" frameborder=\"0\" allow=\"accelerometer; autoplay; clipboard-write; encrypted-media; gyroscope; picture-in-picture\" allowfullscreen><\/iframe><script type=\"application\/ld+json\">{\n\t\t\t\t\t\t\t\t\"@context\": \"https:\/\/schema.org\",\n\t\t\t\t\t\t\t\t\"@type\": \"VideoObject\",\n\t\t\t\t\t\t\t\t\"name\": \"Gen Verde - Chi Piange Per Te? (Official Video)\", \n\t\t\t\t\t\t\t\t\"description\": \"'Chi Piange Per Te?' \\u00e8 la storia di una piccola bambina che, scappando dalla guerra, \\u00e8 annegata nelle acque di Lampedusa. E\\u2019 stata trovata nella stiva di una nave con indosso il suo vestito pi\\u00f9 bello e le sue scarpe di vernice. La canzone \\u00e8 una ninna nanna dedicata a lei il cui nome non sapremo mai...\\n\\nDisponibile in streaming e formato digitale:  https:\\\/\\\/imusiciandigital.lnk.to\\\/NSedF\\nIn formato fisico: https:\\\/\\\/www.madeinloppiano.com\\\/it\\\/prodotto\\\/cd-on-the-other-side\\\/\\n\\nLyrics: https:\\\/\\\/bit.ly\\\/3uqCX4z\\nSheet Music:  https:\\\/\\\/bit.ly\\\/2RvNmNP\\n \\u200b\\nSeguiteci sui nostri social:\\nInstagram:  https:\\\/\\\/bit.ly\\\/2YzMgUX\\nFacebook: https:\\\/\\\/bit.ly\\\/2YTISS1\\u200b\\nTwitter: https:\\\/\\\/bit.ly\\\/34VtqIG\\u200b  \\nWebsite: https:\\\/\\\/www.genverde.it\\n\\nVideo production: Maricel Prieto \\\/ Christina Wang \\\/ Francesco Baita\\n\\nLa pandemia del COVID-19 ci ha costrette a sospendere i nostri concerti live, facendo venir meno una delle entrate principali della nostra economia. Se riesci a darci una mano... Sostienici! \\nBONIFICO BANCARIO Conto intestato a: Gen Verde della P.A.F.O.M. IBAN: IT75 R030 6909 6061 0000 0102647 Codice BIC: BCITITMM\\n\\u200b\\n\\u200b\\n#GenVerde #Chipiangeperte #DareToCare #Zumaia #Itzurun #newvideo #Lampedusa\\nGen Verde - Chi Piange Per Te (Official Video)\\n(C) Gen Verde 2021\",\n\t\t\t\t\t\t\t\t\"thumbnailUrl\": \"https:\/\/i.ytimg.com\/vi\/8iaemHN4r1c\/mqdefault.jpg\",\n\t\t\t\t\t\t\t\t\"uploadDate\": \"2021-05-09T13:00:03Z\",\n\t\t\t\t\t\t\t\t\"duration\": \"PT3M45S\",  \n\t\t\t\t\t\t\t\t\"publisher\": {\n\t\t\t\t\t\t\t\t\t\"@type\": \"Organization\",\n\t\t\t\t\t\t\t\t\t\"name\": \"Genverde\",\n\t\t\t\t\t\t\t\t\t\"logo\": {\n\t\t\t\t\t\t\t\t\t\t\"@type\": \"ImageObject\",\n\t\t\t\t\t\t\t\t\t\t\"url\": \"https:\/\/www.genverde.it\/wp-content\/uploads\/2021\/06\/logo-gen-verde-semplice.png\",\n\t\t\t\t\t\t\t\t\t\t\"width\": \"646\",\n\t\t\t\t\t\t\t\t\t\t\"height\": \"237\"\n\t\t\t\t\t\t\t\t\t}\n\t\t\t\t\t\t\t\t},\n\t\t\t\t\t\t\t\t\"embedUrl\": \"https:\/\/youtu.be\/8iaemHN4r1c\",\n\t\t\t\t\t\t\t\t\"interactionCount\": \"82158\" \n\t\t\t\t\t\t\t}<\/script>\n<\/div><\/figure>\n\n\n\n<p>En una patera destartalada, con olas de m\u00e1s de seis metros, huyendo del horror. Frente a las costas de Libia, gritando auxilio durante dos d\u00edas interminables. Todo en vano: m\u00e1s de <strong>130 personas terminaron ahogadas<\/strong> hace dos semanas.<br>Y \u00e9sta es s\u00f3lo la m\u00e1s reciente de las tragedias que se vienen produciendo en el Mediterr\u00e1neo desde hace a\u00f1os.<\/p>\n\n\n\n<p>\u00abHemos ca\u00eddo en la <strong>globalizaci\u00f3n de la indiferencia<\/strong>. Nos hemos acostumbrado al sufrimiento del otro, no nos afecta, no nos importa, \u00a1no es asunto nuestro!\u00bb, dijo el Papa Francisco tras el terrible naufragio de Lampedusa. Palabras que, por desgracia, siguen siendo muy actuales y que se refieren a diversas situaciones dram\u00e1ticas en el mundo.<\/p>\n\n\n\n<p>Justo por aquel entonces compusimos <strong><em>\u00bfQui\u00e9n llora por ti?<\/em><\/strong>, inspirada en la historia real de una ni\u00f1a emigrante. Nos dimos cuenta que a muchos les <strong>ayud\u00f3 a cambiar su perspectiva y a despertar<\/strong> esa llama de ternura y <strong>solidaridad<\/strong> que todos llevamos dentro.<\/p>\n\n\n\n<p>Por eso, y ante la gran demanda,<strong>la volvemos a ofrecer con un videoclip in\u00e9dito<\/strong> que, esperamos, ayude a meterse en la piel de quien sufre.<\/p>\n\n\n\n<p>Porque si despertamos la conciencia de que quienes est\u00e1n a merced de las olas son realmente hermanos y hermanas nuestros a los que hay que cuidar, nuestra forma de pensar y de actuar tambi\u00e9n cambiar\u00e1. De modo <strong>que \u00abya no est\u00e9n \u201clos otros\u201d, sino s\u00f3lo un \u201cnosotros\u201d\u00bb cada vez m\u00e1s grande<\/strong>, que llegue a incluir a todos.<\/p>\n","protected":false},"excerpt":{"rendered":"<p>Cuando alguien sufre, es asunto nuestro: una invitaci\u00f3n a cuidar a los dem\u00e1s<\/p>\n","protected":false},"author":1,"featured_media":4847,"comment_status":"closed","ping_status":"open","sticky":false,"template":"","format":"standard","meta":[],"categories":[890],"tags":[],"blocksy_meta":{"styles_descriptor":{"styles":{"desktop":"","tablet":"","mobile":""},"google_fonts":[]}},"featured_image_urls":{"full":["https:\/\/www.genverde.it\/wp-content\/uploads\/2021\/06\/Chi_piange_Video_sito.jpg",800,400,false],"thumbnail":["https:\/\/www.genverde.it\/wp-content\/uploads\/2021\/06\/Chi_piange_Video_sito-150x150.jpg",150,150,true],"medium":["https:\/\/www.genverde.it\/wp-content\/uploads\/2021\/06\/Chi_piange_Video_sito-300x150.jpg",300,150,true],"medium_large":["https:\/\/www.genverde.it\/wp-content\/uploads\/2021\/06\/Chi_piange_Video_sito-768x384.jpg",768,384,true],"large":["https:\/\/www.genverde.it\/wp-content\/uploads\/2021\/06\/Chi_piange_Video_sito.jpg",800,400,false],"1536x1536":["https:\/\/www.genverde.it\/wp-content\/uploads\/2021\/06\/Chi_piange_Video_sito.jpg",800,400,false],"2048x2048":["https:\/\/www.genverde.it\/wp-content\/uploads\/2021\/06\/Chi_piange_Video_sito.jpg",800,400,false]},"post_excerpt_stackable":"<p>Cuando alguien sufre, es asunto nuestro: una invitaci\u00f3n a cuidar a los dem\u00e1s<\/p>\n","category_list":"<a href=\"https:\/\/www.genverde.it\/es\/category\/nuevos-lanzamientos-musicales\/\" rel=\"category tag\">Nuevos lanzamientos musicales<\/a>","author_info":{"name":"domains@trizero.it","url":"https:\/\/www.genverde.it\/es\/author\/domainstrizero-it\/"},"comments_num":"0 comentarios","yoast_head":"<!-- This site is optimized with the Yoast SEO plugin v20.10 - https:\/\/yoast.com\/wordpress\/plugins\/seo\/ -->\n<title>\u00bfQui\u00e9n llora por ti? - El nuevo videoclip del Gen Verde<\/title>\n<meta name=\"robots\" content=\"index, follow, max-snippet:-1, max-image-preview:large, max-video-preview:-1\" \/>\n<link rel=\"canonical\" href=\"https:\/\/www.genverde.it\/es\/quien-llora-por-ti\/\" \/>\n<meta property=\"og:locale\" content=\"es_ES\" \/>\n<meta property=\"og:type\" content=\"article\" \/>\n<meta property=\"og:title\" content=\"\u00bfQui\u00e9n llora por ti? - El nuevo videoclip del Gen Verde\" \/>\n<meta property=\"og:description\" content=\"Cuando alguien sufre, es asunto nuestro: una invitaci\u00f3n a cuidar a los dem\u00e1s\" \/>\n<meta property=\"og:url\" content=\"https:\/\/www.genverde.it\/es\/quien-llora-por-ti\/\" \/>\n<meta property=\"og:site_name\" content=\"Gen Verde\" \/>\n<meta property=\"article:published_time\" content=\"2021-05-09T15:47:00+00:00\" \/>\n<meta property=\"article:modified_time\" content=\"2025-11-25T15:20:14+00:00\" \/>\n<meta property=\"og:image\" content=\"https:\/\/www.genverde.it\/wp-content\/uploads\/2021\/06\/Chi_piange_Video_sito.jpg\" \/>\n\t<meta property=\"og:image:width\" content=\"800\" \/>\n\t<meta property=\"og:image:height\" content=\"400\" \/>\n\t<meta property=\"og:image:type\" content=\"image\/jpeg\" \/>\n<meta name=\"author\" content=\"domains@trizero.it\" \/>\n<meta name=\"twitter:card\" content=\"summary_large_image\" \/>\n<meta name=\"twitter:label1\" content=\"Escrito por\" \/>\n\t<meta name=\"twitter:data1\" content=\"domains@trizero.it\" \/>\n\t<meta name=\"twitter:label2\" content=\"Tiempo de lectura\" \/>\n\t<meta name=\"twitter:data2\" content=\"2 minutos\" \/>\n<script type=\"application\/ld+json\" class=\"yoast-schema-graph\">{\"@context\":\"https:\/\/schema.org\",\"@graph\":[{\"@type\":\"Article\",\"@id\":\"https:\/\/www.genverde.it\/es\/quien-llora-por-ti\/#article\",\"isPartOf\":{\"@id\":\"https:\/\/www.genverde.it\/es\/quien-llora-por-ti\/\"},\"author\":{\"name\":\"domains@trizero.it\",\"@id\":\"https:\/\/www.genverde.it\/es\/#\/schema\/person\/6ecdde1503e1aac5a939c6b3d9cf61f8\"},\"headline\":\"\u00bfQui\u00e9n llora por ti? &#8211; El nuevo videoclip del Gen Verde\",\"datePublished\":\"2021-05-09T15:47:00+00:00\",\"dateModified\":\"2025-11-25T15:20:14+00:00\",\"mainEntityOfPage\":{\"@id\":\"https:\/\/www.genverde.it\/es\/quien-llora-por-ti\/\"},\"wordCount\":276,\"publisher\":{\"@id\":\"https:\/\/www.genverde.it\/es\/#organization\"},\"articleSection\":[\"Nuevos lanzamientos musicales\"],\"inLanguage\":\"es\"},{\"@type\":\"WebPage\",\"@id\":\"https:\/\/www.genverde.it\/es\/quien-llora-por-ti\/\",\"url\":\"https:\/\/www.genverde.it\/es\/quien-llora-por-ti\/\",\"name\":\"\u00bfQui\u00e9n llora por ti? - El nuevo videoclip del Gen Verde\",\"isPartOf\":{\"@id\":\"https:\/\/www.genverde.it\/es\/#website\"},\"datePublished\":\"2021-05-09T15:47:00+00:00\",\"dateModified\":\"2025-11-25T15:20:14+00:00\",\"breadcrumb\":{\"@id\":\"https:\/\/www.genverde.it\/es\/quien-llora-por-ti\/#breadcrumb\"},\"inLanguage\":\"es\",\"potentialAction\":[{\"@type\":\"ReadAction\",\"target\":[\"https:\/\/www.genverde.it\/es\/quien-llora-por-ti\/\"]}]},{\"@type\":\"BreadcrumbList\",\"@id\":\"https:\/\/www.genverde.it\/es\/quien-llora-por-ti\/#breadcrumb\",\"itemListElement\":[{\"@type\":\"ListItem\",\"position\":1,\"name\":\"Home\",\"item\":\"https:\/\/www.genverde.it\/es\/\"},{\"@type\":\"ListItem\",\"position\":2,\"name\":\"\u00bfQui\u00e9n llora por ti? &#8211; El nuevo videoclip del Gen Verde\"}]},{\"@type\":\"WebSite\",\"@id\":\"https:\/\/www.genverde.it\/es\/#website\",\"url\":\"https:\/\/www.genverde.it\/es\/\",\"name\":\"Gen Verde\",\"description\":\"\",\"publisher\":{\"@id\":\"https:\/\/www.genverde.it\/es\/#organization\"},\"potentialAction\":[{\"@type\":\"SearchAction\",\"target\":{\"@type\":\"EntryPoint\",\"urlTemplate\":\"https:\/\/www.genverde.it\/es\/?s={search_term_string}\"},\"query-input\":\"required name=search_term_string\"}],\"inLanguage\":\"es\"},{\"@type\":\"Organization\",\"@id\":\"https:\/\/www.genverde.it\/es\/#organization\",\"name\":\"Gen Verde\",\"url\":\"https:\/\/www.genverde.it\/es\/\",\"logo\":{\"@type\":\"ImageObject\",\"inLanguage\":\"es\",\"@id\":\"https:\/\/www.genverde.it\/es\/#\/schema\/logo\/image\/\",\"url\":\"https:\/\/www.genverde.it\/wp-content\/uploads\/2021\/05\/logo-gen-verde-black.png\",\"contentUrl\":\"https:\/\/www.genverde.it\/wp-content\/uploads\/2021\/05\/logo-gen-verde-black.png\",\"width\":646,\"height\":392,\"caption\":\"Gen Verde\"},\"image\":{\"@id\":\"https:\/\/www.genverde.it\/es\/#\/schema\/logo\/image\/\"}},{\"@type\":\"Person\",\"@id\":\"https:\/\/www.genverde.it\/es\/#\/schema\/person\/6ecdde1503e1aac5a939c6b3d9cf61f8\",\"name\":\"domains@trizero.it\",\"image\":{\"@type\":\"ImageObject\",\"inLanguage\":\"es\",\"@id\":\"https:\/\/www.genverde.it\/es\/#\/schema\/person\/image\/\",\"url\":\"https:\/\/secure.gravatar.com\/avatar\/27dca0b5fa1711a07921f4e77851c7c6?s=96&d=mm&r=g\",\"contentUrl\":\"https:\/\/secure.gravatar.com\/avatar\/27dca0b5fa1711a07921f4e77851c7c6?s=96&d=mm&r=g\",\"caption\":\"domains@trizero.it\"},\"sameAs\":[\"https:\/\/genverde.trizero.it\"]}]}<\/script>\n<!-- \/ Yoast SEO plugin. -->","yoast_head_json":{"title":"\u00bfQui\u00e9n llora por ti? - El nuevo videoclip del Gen Verde","robots":{"index":"index","follow":"follow","max-snippet":"max-snippet:-1","max-image-preview":"max-image-preview:large","max-video-preview":"max-video-preview:-1"},"canonical":"https:\/\/www.genverde.it\/es\/quien-llora-por-ti\/","og_locale":"es_ES","og_type":"article","og_title":"\u00bfQui\u00e9n llora por ti? - El nuevo videoclip del Gen Verde","og_description":"Cuando alguien sufre, es asunto nuestro: una invitaci\u00f3n a cuidar a los dem\u00e1s","og_url":"https:\/\/www.genverde.it\/es\/quien-llora-por-ti\/","og_site_name":"Gen Verde","article_published_time":"2021-05-09T15:47:00+00:00","article_modified_time":"2025-11-25T15:20:14+00:00","og_image":[{"width":800,"height":400,"url":"https:\/\/www.genverde.it\/wp-content\/uploads\/2021\/06\/Chi_piange_Video_sito.jpg","type":"image\/jpeg"}],"author":"domains@trizero.it","twitter_card":"summary_large_image","twitter_misc":{"Escrito por":"domains@trizero.it","Tiempo de lectura":"2 minutos"},"schema":{"@context":"https:\/\/schema.org","@graph":[{"@type":"Article","@id":"https:\/\/www.genverde.it\/es\/quien-llora-por-ti\/#article","isPartOf":{"@id":"https:\/\/www.genverde.it\/es\/quien-llora-por-ti\/"},"author":{"name":"domains@trizero.it","@id":"https:\/\/www.genverde.it\/es\/#\/schema\/person\/6ecdde1503e1aac5a939c6b3d9cf61f8"},"headline":"\u00bfQui\u00e9n llora por ti? &#8211; El nuevo videoclip del Gen Verde","datePublished":"2021-05-09T15:47:00+00:00","dateModified":"2025-11-25T15:20:14+00:00","mainEntityOfPage":{"@id":"https:\/\/www.genverde.it\/es\/quien-llora-por-ti\/"},"wordCount":276,"publisher":{"@id":"https:\/\/www.genverde.it\/es\/#organization"},"articleSection":["Nuevos lanzamientos musicales"],"inLanguage":"es"},{"@type":"WebPage","@id":"https:\/\/www.genverde.it\/es\/quien-llora-por-ti\/","url":"https:\/\/www.genverde.it\/es\/quien-llora-por-ti\/","name":"\u00bfQui\u00e9n llora por ti? - El nuevo videoclip del Gen Verde","isPartOf":{"@id":"https:\/\/www.genverde.it\/es\/#website"},"datePublished":"2021-05-09T15:47:00+00:00","dateModified":"2025-11-25T15:20:14+00:00","breadcrumb":{"@id":"https:\/\/www.genverde.it\/es\/quien-llora-por-ti\/#breadcrumb"},"inLanguage":"es","potentialAction":[{"@type":"ReadAction","target":["https:\/\/www.genverde.it\/es\/quien-llora-por-ti\/"]}]},{"@type":"BreadcrumbList","@id":"https:\/\/www.genverde.it\/es\/quien-llora-por-ti\/#breadcrumb","itemListElement":[{"@type":"ListItem","position":1,"name":"Home","item":"https:\/\/www.genverde.it\/es\/"},{"@type":"ListItem","position":2,"name":"\u00bfQui\u00e9n llora por ti? &#8211; El nuevo videoclip del Gen Verde"}]},{"@type":"WebSite","@id":"https:\/\/www.genverde.it\/es\/#website","url":"https:\/\/www.genverde.it\/es\/","name":"Gen Verde","description":"","publisher":{"@id":"https:\/\/www.genverde.it\/es\/#organization"},"potentialAction":[{"@type":"SearchAction","target":{"@type":"EntryPoint","urlTemplate":"https:\/\/www.genverde.it\/es\/?s={search_term_string}"},"query-input":"required name=search_term_string"}],"inLanguage":"es"},{"@type":"Organization","@id":"https:\/\/www.genverde.it\/es\/#organization","name":"Gen Verde","url":"https:\/\/www.genverde.it\/es\/","logo":{"@type":"ImageObject","inLanguage":"es","@id":"https:\/\/www.genverde.it\/es\/#\/schema\/logo\/image\/","url":"https:\/\/www.genverde.it\/wp-content\/uploads\/2021\/05\/logo-gen-verde-black.png","contentUrl":"https:\/\/www.genverde.it\/wp-content\/uploads\/2021\/05\/logo-gen-verde-black.png","width":646,"height":392,"caption":"Gen Verde"},"image":{"@id":"https:\/\/www.genverde.it\/es\/#\/schema\/logo\/image\/"}},{"@type":"Person","@id":"https:\/\/www.genverde.it\/es\/#\/schema\/person\/6ecdde1503e1aac5a939c6b3d9cf61f8","name":"domains@trizero.it","image":{"@type":"ImageObject","inLanguage":"es","@id":"https:\/\/www.genverde.it\/es\/#\/schema\/person\/image\/","url":"https:\/\/secure.gravatar.com\/avatar\/27dca0b5fa1711a07921f4e77851c7c6?s=96&d=mm&r=g","contentUrl":"https:\/\/secure.gravatar.com\/avatar\/27dca0b5fa1711a07921f4e77851c7c6?s=96&d=mm&r=g","caption":"domains@trizero.it"},"sameAs":["https:\/\/genverde.trizero.it"]}]}},"_links":{"self":[{"href":"https:\/\/www.genverde.it\/es\/wp-json\/wp\/v2\/posts\/4846"}],"collection":[{"href":"https:\/\/www.genverde.it\/es\/wp-json\/wp\/v2\/posts"}],"about":[{"href":"https:\/\/www.genverde.it\/es\/wp-json\/wp\/v2\/types\/post"}],"author":[{"embeddable":true,"href":"https:\/\/www.genverde.it\/es\/wp-json\/wp\/v2\/users\/1"}],"replies":[{"embeddable":true,"href":"https:\/\/www.genverde.it\/es\/wp-json\/wp\/v2\/comments?post=4846"}],"version-history":[{"count":21,"href":"https:\/\/www.genverde.it\/es\/wp-json\/wp\/v2\/posts\/4846\/revisions"}],"predecessor-version":[{"id":36001,"href":"https:\/\/www.genverde.it\/es\/wp-json\/wp\/v2\/posts\/4846\/revisions\/36001"}],"wp:featuredmedia":[{"embeddable":true,"href":"https:\/\/www.genverde.it\/es\/wp-json\/wp\/v2\/media\/4847"}],"wp:attachment":[{"href":"https:\/\/www.genverde.it\/es\/wp-json\/wp\/v2\/media?parent=4846"}],"wp:term":[{"taxonomy":"category","embeddable":true,"href":"https:\/\/www.genverde.it\/es\/wp-json\/wp\/v2\/categories?post=4846"},{"taxonomy":"post_tag","embeddable":true,"href":"https:\/\/www.genverde.it\/es\/wp-json\/wp\/v2\/tags?post=4846"}],"curies":[{"name":"wp","href":"https:\/\/api.w.org\/{rel}","templated":true}]}}