{"id":4853,"date":"2020-01-25T15:38:47","date_gmt":"2020-01-25T14:38:47","guid":{"rendered":"https:\/\/www.genverde.it\/espana-ya-vamos\/"},"modified":"2025-11-25T15:52:27","modified_gmt":"2025-11-25T14:52:27","slug":"espana-ya-vamos","status":"publish","type":"post","link":"https:\/\/www.genverde.it\/es\/espana-ya-vamos\/","title":{"rendered":"Espa\u00f1a: \u00a1ya vamos!"},"content":{"rendered":"<div class=\"wp-block-image\">\n<figure class=\"aligncenter size-large\"><img decoding=\"async\" width=\"1024\" height=\"576\" src=\"https:\/\/www.genverde.it\/wp-content\/uploads\/2021\/05\/Tour-Spagna-2020-genverde-1024x576.jpg\" alt=\"\" class=\"wp-image-333\" srcset=\"https:\/\/www.genverde.it\/wp-content\/uploads\/2021\/05\/Tour-Spagna-2020-genverde-1024x576.jpg 1024w, https:\/\/www.genverde.it\/wp-content\/uploads\/2021\/05\/Tour-Spagna-2020-genverde-300x169.jpg 300w, https:\/\/www.genverde.it\/wp-content\/uploads\/2021\/05\/Tour-Spagna-2020-genverde-768x432.jpg 768w, https:\/\/www.genverde.it\/wp-content\/uploads\/2021\/05\/Tour-Spagna-2020-genverde-1536x864.jpg 1536w, https:\/\/www.genverde.it\/wp-content\/uploads\/2021\/05\/Tour-Spagna-2020-genverde.jpg 1600w\" sizes=\"(max-width: 1024px) 100vw, 1024px\" \/><\/figure><\/div>\n\n\n<p>En pocos d\u00edas, salimos. Regresamos con alegr\u00eda a un pa\u00eds en el que ya hemos estado m\u00e1s veces: <strong>volveremos a encontrarnos con viejos amigos y conoceremos a otros nuevos<\/strong>. Con todos podremos compartir un tramo de vida y animarnos a vivir y sembrar fraternidad. <\/p>\n\n\n\n<p>Las <strong>etapas de nuestro tour<\/strong>dibujan sobre el papel la figura de un bonito arabesco: <strong>entre febrero y marzo<\/strong> estaremos en Granada, Ja\u00e9n, Albacete, Talavera de la Reina, C\u00e1ceres, Madrid y en otras ciudades.<\/p>\n\n\n\n<p><strong>\u00a1Os llevamos con nosotras!<\/strong> Y no es un decir: verdaderamente, nos sentimos expresi\u00f3n de un <strong>pueblo incontable<\/strong> que pone en pr\u00e1ctica la <strong>cultura de la unidad<\/strong>.<\/p>\n\n\n\n<p>Como siempre, <strong>os tendremos al d\u00eda<\/strong> a trav\u00e9s de la web y las redes sociales. \u00a1Hasta pronto!<\/p>\n\n\n\n<p><strong>Gen Verde Tours &#8211; <\/strong><a href=\"https:\/\/www.genverde.it\/es\/giras\/\" target=\"_blank\" rel=\"noreferrer noopener\"><strong>https:\/\/www.genverde.it\/es\/giras\/<\/strong><\/a><\/p>\n","protected":false},"excerpt":{"rendered":"<p>Las etapas de la primera tourn\u00e9e 2020 del Gen Verde<\/p>\n","protected":false},"author":1,"featured_media":4854,"comment_status":"closed","ping_status":"open","sticky":false,"template":"","format":"standard","meta":[],"categories":[888],"tags":[],"blocksy_meta":{"styles_descriptor":{"styles":{"desktop":"","tablet":"","mobile":""},"google_fonts":[]}},"featured_image_urls":{"full":["https:\/\/www.genverde.it\/wp-content\/uploads\/2021\/05\/Tour-Spagna-2020-genverde.jpg",1600,900,false],"thumbnail":["https:\/\/www.genverde.it\/wp-content\/uploads\/2021\/05\/Tour-Spagna-2020-genverde-150x150.jpg",150,150,true],"medium":["https:\/\/www.genverde.it\/wp-content\/uploads\/2021\/05\/Tour-Spagna-2020-genverde-300x169.jpg",300,169,true],"medium_large":["https:\/\/www.genverde.it\/wp-content\/uploads\/2021\/05\/Tour-Spagna-2020-genverde-768x432.jpg",768,432,true],"large":["https:\/\/www.genverde.it\/wp-content\/uploads\/2021\/05\/Tour-Spagna-2020-genverde-1024x576.jpg",1024,576,true],"1536x1536":["https:\/\/www.genverde.it\/wp-content\/uploads\/2021\/05\/Tour-Spagna-2020-genverde-1536x864.jpg",1536,864,true],"2048x2048":["https:\/\/www.genverde.it\/wp-content\/uploads\/2021\/05\/Tour-Spagna-2020-genverde.jpg",1600,900,false]},"post_excerpt_stackable":"<p>Las etapas de la primera tourn\u00e9e 2020 del Gen Verde<\/p>\n","category_list":"<a href=\"https:\/\/www.genverde.it\/es\/category\/giras-y-viajes\/\" rel=\"category tag\">Giras y viajes<\/a>","author_info":{"name":"domains@trizero.it","url":"https:\/\/www.genverde.it\/es\/author\/domainstrizero-it\/"},"comments_num":"0 comentarios","yoast_head":"<!-- This site is optimized with the Yoast SEO plugin v20.10 - https:\/\/yoast.com\/wordpress\/plugins\/seo\/ -->\n<title>Espa\u00f1a: \u00a1ya vamos!<\/title>\n<meta name=\"robots\" content=\"index, follow, max-snippet:-1, max-image-preview:large, max-video-preview:-1\" \/>\n<link rel=\"canonical\" href=\"https:\/\/www.genverde.it\/es\/espana-ya-vamos\/\" \/>\n<meta property=\"og:locale\" content=\"es_ES\" \/>\n<meta property=\"og:type\" content=\"article\" \/>\n<meta property=\"og:title\" content=\"Espa\u00f1a: \u00a1ya vamos!\" \/>\n<meta property=\"og:description\" content=\"Las etapas de la primera tourn\u00e9e 2020 del Gen Verde\" \/>\n<meta property=\"og:url\" content=\"https:\/\/www.genverde.it\/es\/espana-ya-vamos\/\" \/>\n<meta property=\"og:site_name\" content=\"Gen Verde\" \/>\n<meta property=\"article:published_time\" content=\"2020-01-25T14:38:47+00:00\" \/>\n<meta property=\"article:modified_time\" content=\"2025-11-25T14:52:27+00:00\" \/>\n<meta property=\"og:image\" content=\"https:\/\/www.genverde.it\/wp-content\/uploads\/2021\/05\/Tour-Spagna-2020-genverde.jpg\" \/>\n\t<meta property=\"og:image:width\" content=\"1600\" \/>\n\t<meta property=\"og:image:height\" content=\"900\" \/>\n\t<meta property=\"og:image:type\" content=\"image\/jpeg\" \/>\n<meta name=\"author\" content=\"domains@trizero.it\" \/>\n<meta name=\"twitter:card\" content=\"summary_large_image\" \/>\n<meta name=\"twitter:label1\" content=\"Escrito por\" \/>\n\t<meta name=\"twitter:data1\" content=\"domains@trizero.it\" \/>\n\t<meta name=\"twitter:label2\" content=\"Tiempo de lectura\" \/>\n\t<meta name=\"twitter:data2\" content=\"1 minuto\" \/>\n<script type=\"application\/ld+json\" class=\"yoast-schema-graph\">{\"@context\":\"https:\/\/schema.org\",\"@graph\":[{\"@type\":\"Article\",\"@id\":\"https:\/\/www.genverde.it\/es\/espana-ya-vamos\/#article\",\"isPartOf\":{\"@id\":\"https:\/\/www.genverde.it\/es\/espana-ya-vamos\/\"},\"author\":{\"name\":\"domains@trizero.it\",\"@id\":\"https:\/\/www.genverde.it\/es\/#\/schema\/person\/6ecdde1503e1aac5a939c6b3d9cf61f8\"},\"headline\":\"Espa\u00f1a: \u00a1ya vamos!\",\"datePublished\":\"2020-01-25T14:38:47+00:00\",\"dateModified\":\"2025-11-25T14:52:27+00:00\",\"mainEntityOfPage\":{\"@id\":\"https:\/\/www.genverde.it\/es\/espana-ya-vamos\/\"},\"wordCount\":144,\"publisher\":{\"@id\":\"https:\/\/www.genverde.it\/es\/#organization\"},\"articleSection\":[\"Giras y viajes\"],\"inLanguage\":\"es\"},{\"@type\":\"WebPage\",\"@id\":\"https:\/\/www.genverde.it\/es\/espana-ya-vamos\/\",\"url\":\"https:\/\/www.genverde.it\/es\/espana-ya-vamos\/\",\"name\":\"Espa\u00f1a: \u00a1ya vamos!\",\"isPartOf\":{\"@id\":\"https:\/\/www.genverde.it\/es\/#website\"},\"datePublished\":\"2020-01-25T14:38:47+00:00\",\"dateModified\":\"2025-11-25T14:52:27+00:00\",\"breadcrumb\":{\"@id\":\"https:\/\/www.genverde.it\/es\/espana-ya-vamos\/#breadcrumb\"},\"inLanguage\":\"es\",\"potentialAction\":[{\"@type\":\"ReadAction\",\"target\":[\"https:\/\/www.genverde.it\/es\/espana-ya-vamos\/\"]}]},{\"@type\":\"BreadcrumbList\",\"@id\":\"https:\/\/www.genverde.it\/es\/espana-ya-vamos\/#breadcrumb\",\"itemListElement\":[{\"@type\":\"ListItem\",\"position\":1,\"name\":\"Home\",\"item\":\"https:\/\/www.genverde.it\/es\/\"},{\"@type\":\"ListItem\",\"position\":2,\"name\":\"Espa\u00f1a: \u00a1ya vamos!\"}]},{\"@type\":\"WebSite\",\"@id\":\"https:\/\/www.genverde.it\/es\/#website\",\"url\":\"https:\/\/www.genverde.it\/es\/\",\"name\":\"Gen Verde\",\"description\":\"\",\"publisher\":{\"@id\":\"https:\/\/www.genverde.it\/es\/#organization\"},\"potentialAction\":[{\"@type\":\"SearchAction\",\"target\":{\"@type\":\"EntryPoint\",\"urlTemplate\":\"https:\/\/www.genverde.it\/es\/?s={search_term_string}\"},\"query-input\":\"required name=search_term_string\"}],\"inLanguage\":\"es\"},{\"@type\":\"Organization\",\"@id\":\"https:\/\/www.genverde.it\/es\/#organization\",\"name\":\"Gen Verde\",\"url\":\"https:\/\/www.genverde.it\/es\/\",\"logo\":{\"@type\":\"ImageObject\",\"inLanguage\":\"es\",\"@id\":\"https:\/\/www.genverde.it\/es\/#\/schema\/logo\/image\/\",\"url\":\"https:\/\/www.genverde.it\/wp-content\/uploads\/2021\/05\/logo-gen-verde-black.png\",\"contentUrl\":\"https:\/\/www.genverde.it\/wp-content\/uploads\/2021\/05\/logo-gen-verde-black.png\",\"width\":646,\"height\":392,\"caption\":\"Gen Verde\"},\"image\":{\"@id\":\"https:\/\/www.genverde.it\/es\/#\/schema\/logo\/image\/\"}},{\"@type\":\"Person\",\"@id\":\"https:\/\/www.genverde.it\/es\/#\/schema\/person\/6ecdde1503e1aac5a939c6b3d9cf61f8\",\"name\":\"domains@trizero.it\",\"image\":{\"@type\":\"ImageObject\",\"inLanguage\":\"es\",\"@id\":\"https:\/\/www.genverde.it\/es\/#\/schema\/person\/image\/\",\"url\":\"https:\/\/secure.gravatar.com\/avatar\/27dca0b5fa1711a07921f4e77851c7c6?s=96&d=mm&r=g\",\"contentUrl\":\"https:\/\/secure.gravatar.com\/avatar\/27dca0b5fa1711a07921f4e77851c7c6?s=96&d=mm&r=g\",\"caption\":\"domains@trizero.it\"},\"sameAs\":[\"https:\/\/genverde.trizero.it\"]}]}<\/script>\n<!-- \/ Yoast SEO plugin. -->","yoast_head_json":{"title":"Espa\u00f1a: \u00a1ya vamos!","robots":{"index":"index","follow":"follow","max-snippet":"max-snippet:-1","max-image-preview":"max-image-preview:large","max-video-preview":"max-video-preview:-1"},"canonical":"https:\/\/www.genverde.it\/es\/espana-ya-vamos\/","og_locale":"es_ES","og_type":"article","og_title":"Espa\u00f1a: \u00a1ya vamos!","og_description":"Las etapas de la primera tourn\u00e9e 2020 del Gen Verde","og_url":"https:\/\/www.genverde.it\/es\/espana-ya-vamos\/","og_site_name":"Gen Verde","article_published_time":"2020-01-25T14:38:47+00:00","article_modified_time":"2025-11-25T14:52:27+00:00","og_image":[{"width":1600,"height":900,"url":"https:\/\/www.genverde.it\/wp-content\/uploads\/2021\/05\/Tour-Spagna-2020-genverde.jpg","type":"image\/jpeg"}],"author":"domains@trizero.it","twitter_card":"summary_large_image","twitter_misc":{"Escrito por":"domains@trizero.it","Tiempo de lectura":"1 minuto"},"schema":{"@context":"https:\/\/schema.org","@graph":[{"@type":"Article","@id":"https:\/\/www.genverde.it\/es\/espana-ya-vamos\/#article","isPartOf":{"@id":"https:\/\/www.genverde.it\/es\/espana-ya-vamos\/"},"author":{"name":"domains@trizero.it","@id":"https:\/\/www.genverde.it\/es\/#\/schema\/person\/6ecdde1503e1aac5a939c6b3d9cf61f8"},"headline":"Espa\u00f1a: \u00a1ya vamos!","datePublished":"2020-01-25T14:38:47+00:00","dateModified":"2025-11-25T14:52:27+00:00","mainEntityOfPage":{"@id":"https:\/\/www.genverde.it\/es\/espana-ya-vamos\/"},"wordCount":144,"publisher":{"@id":"https:\/\/www.genverde.it\/es\/#organization"},"articleSection":["Giras y viajes"],"inLanguage":"es"},{"@type":"WebPage","@id":"https:\/\/www.genverde.it\/es\/espana-ya-vamos\/","url":"https:\/\/www.genverde.it\/es\/espana-ya-vamos\/","name":"Espa\u00f1a: \u00a1ya vamos!","isPartOf":{"@id":"https:\/\/www.genverde.it\/es\/#website"},"datePublished":"2020-01-25T14:38:47+00:00","dateModified":"2025-11-25T14:52:27+00:00","breadcrumb":{"@id":"https:\/\/www.genverde.it\/es\/espana-ya-vamos\/#breadcrumb"},"inLanguage":"es","potentialAction":[{"@type":"ReadAction","target":["https:\/\/www.genverde.it\/es\/espana-ya-vamos\/"]}]},{"@type":"BreadcrumbList","@id":"https:\/\/www.genverde.it\/es\/espana-ya-vamos\/#breadcrumb","itemListElement":[{"@type":"ListItem","position":1,"name":"Home","item":"https:\/\/www.genverde.it\/es\/"},{"@type":"ListItem","position":2,"name":"Espa\u00f1a: \u00a1ya vamos!"}]},{"@type":"WebSite","@id":"https:\/\/www.genverde.it\/es\/#website","url":"https:\/\/www.genverde.it\/es\/","name":"Gen Verde","description":"","publisher":{"@id":"https:\/\/www.genverde.it\/es\/#organization"},"potentialAction":[{"@type":"SearchAction","target":{"@type":"EntryPoint","urlTemplate":"https:\/\/www.genverde.it\/es\/?s={search_term_string}"},"query-input":"required name=search_term_string"}],"inLanguage":"es"},{"@type":"Organization","@id":"https:\/\/www.genverde.it\/es\/#organization","name":"Gen Verde","url":"https:\/\/www.genverde.it\/es\/","logo":{"@type":"ImageObject","inLanguage":"es","@id":"https:\/\/www.genverde.it\/es\/#\/schema\/logo\/image\/","url":"https:\/\/www.genverde.it\/wp-content\/uploads\/2021\/05\/logo-gen-verde-black.png","contentUrl":"https:\/\/www.genverde.it\/wp-content\/uploads\/2021\/05\/logo-gen-verde-black.png","width":646,"height":392,"caption":"Gen Verde"},"image":{"@id":"https:\/\/www.genverde.it\/es\/#\/schema\/logo\/image\/"}},{"@type":"Person","@id":"https:\/\/www.genverde.it\/es\/#\/schema\/person\/6ecdde1503e1aac5a939c6b3d9cf61f8","name":"domains@trizero.it","image":{"@type":"ImageObject","inLanguage":"es","@id":"https:\/\/www.genverde.it\/es\/#\/schema\/person\/image\/","url":"https:\/\/secure.gravatar.com\/avatar\/27dca0b5fa1711a07921f4e77851c7c6?s=96&d=mm&r=g","contentUrl":"https:\/\/secure.gravatar.com\/avatar\/27dca0b5fa1711a07921f4e77851c7c6?s=96&d=mm&r=g","caption":"domains@trizero.it"},"sameAs":["https:\/\/genverde.trizero.it"]}]}},"_links":{"self":[{"href":"https:\/\/www.genverde.it\/es\/wp-json\/wp\/v2\/posts\/4853"}],"collection":[{"href":"https:\/\/www.genverde.it\/es\/wp-json\/wp\/v2\/posts"}],"about":[{"href":"https:\/\/www.genverde.it\/es\/wp-json\/wp\/v2\/types\/post"}],"author":[{"embeddable":true,"href":"https:\/\/www.genverde.it\/es\/wp-json\/wp\/v2\/users\/1"}],"replies":[{"embeddable":true,"href":"https:\/\/www.genverde.it\/es\/wp-json\/wp\/v2\/comments?post=4853"}],"version-history":[{"count":5,"href":"https:\/\/www.genverde.it\/es\/wp-json\/wp\/v2\/posts\/4853\/revisions"}],"predecessor-version":[{"id":35954,"href":"https:\/\/www.genverde.it\/es\/wp-json\/wp\/v2\/posts\/4853\/revisions\/35954"}],"wp:featuredmedia":[{"embeddable":true,"href":"https:\/\/www.genverde.it\/es\/wp-json\/wp\/v2\/media\/4854"}],"wp:attachment":[{"href":"https:\/\/www.genverde.it\/es\/wp-json\/wp\/v2\/media?parent=4853"}],"wp:term":[{"taxonomy":"category","embeddable":true,"href":"https:\/\/www.genverde.it\/es\/wp-json\/wp\/v2\/categories?post=4853"},{"taxonomy":"post_tag","embeddable":true,"href":"https:\/\/www.genverde.it\/es\/wp-json\/wp\/v2\/tags?post=4853"}],"curies":[{"name":"wp","href":"https:\/\/api.w.org\/{rel}","templated":true}]}}