{"id":4927,"date":"2020-09-16T12:25:00","date_gmt":"2020-09-16T10:25:00","guid":{"rendered":"https:\/\/www.genverde.it\/nota-de-prensa\/"},"modified":"2025-11-25T15:51:57","modified_gmt":"2025-11-25T14:51:57","slug":"one-in-hope","status":"publish","type":"post","link":"https:\/\/www.genverde.it\/es\/one-in-hope\/","title":{"rendered":"One in Hope"},"content":{"rendered":"\n<figure class=\"wp-block-embed is-type-video is-provider-youtube wp-block-embed-youtube wp-embed-aspect-16-9 wp-has-aspect-ratio\"><div class=\"wp-block-embed__wrapper\">\n<iframe title=\"Gen Verde Online Concert : &quot;One in Hope&quot;\" width=\"1366\" height=\"768\" src=\"https:\/\/www.youtube.com\/embed\/WyMHyK-L-TU?feature=oembed\" frameborder=\"0\" allow=\"accelerometer; autoplay; clipboard-write; encrypted-media; gyroscope; picture-in-picture\" allowfullscreen><\/iframe><script type=\"application\/ld+json\">{\n\t\t\t\t\t\t\t\t\"@context\": \"https:\/\/schema.org\",\n\t\t\t\t\t\t\t\t\"@type\": \"VideoObject\",\n\t\t\t\t\t\t\t\t\"name\": \"Gen Verde Online Concert : \"One in Hope\"\", \n\t\t\t\t\t\t\t\t\"description\": \"If the pandemic had not changed our plans, on September 27th we would have been in St. John's University in New York to start our 2020 U.S. Tour. So, we wanted to find a way to be present just the same, across the miles. 'One in Hope' is a special hour-long online concert  which we have prepared in collaboration with a team linked to the Vincentian Family Office based in the U.S. The program will feature testimonies and songs in various languages on the themes of solidarity and universal fraternity, including a new song especially dedicated to St. Vincent de Paul. In this moment of world-wide crisis, it will be a moment to walk together, united in our diversity, a sign of hope for many.\\n\\n********************************************************************************************\\n\\nSe la pandemia non avesse cambiato i nostri piani, il 27 settembre saremmo alla St. John's University di New York per iniziare il nostro tour negli Stati Uniti. Per questo abbiamo trovato un modo per essere presenti comunque, al di l\\u00e0 delle distanze.\\n'One in Hope' \\u00e8 uno speciale concerto online che vi accompagner\\u00e0 per un'ora e che abbiamo preparato in collaborazione col team legato al \\u201cVincentian Family Office\\u201d con sede negli Stati Uniti. Il programma consiste in testimonianze e canzoni in varie lingue su temi come la solidariet\\u00e0 e la fraternit\\u00e0 universale, con inclusa una nuova canzone dedicata specialmente a San Vincenzo de\\u2019 Paoli. In questo momento di crisi mondiale, sar\\u00e0 un\\u2019occasione per camminare insieme, uniti nella nostra diversit\\u00e0, segno di speranza per molti.\\n\\n*******************************************************************************************\\n\\nSi la pandemia no hubiese cambiado nuestros planes, el 27 de septiembre estar\\u00edamos en la St. John's University de Nueva York para dar comienzo a nuestro tour en los Estados Unidos. Por eso, hemos encontrado un modo de estar presente de todas formas, m\\u00e1s all\\u00e1 de las distancias.\\n'One in Hope' es un concierto especial online que durante una hora os acompa\\u00f1ar\\u00e1 y que hemos preparado en colaboraci\\u00f3n con el equipo vinculado al \\u201cVincentian Family Office\\u201d con sede en los Estados Unidos. El programa consiste en testimonios y canciones en varias lenguas sobre temas como la solidaridad y la fraternidad universal, incluyendo una nueva canci\\u00f3n dedicada especialmente a San Vicente de Pa\\u00fal. En este momento de crisis mundial, ser\\u00e1 una ocasi\\u00f3n para caminar juntos, unidos en nuestra diversidad, signo de esperanza para muchos.\\n\\n******************************************************************************************\\n\\nSe a pandemia n\\u00e3o tivesse mudado nossos planos, em 27 de setembro estar\\u00edamos na Universidade de St. John's  de Nova York para iniciar nossa turn\\u00ea pelos Estados Unidos. Para isso, encontramos uma maneira de estar presente de qualquer maneira, al\\u00e9m das dist\\u00e2ncias.\\n'One in Hope' \\u00e9 um show  especial online que os acompanhar\\u00e1 por uma hora e que preparamos em colabora\\u00e7\\u00e3o com a equipe vinculada ao 'Escrit\\u00f3rio da Fam\\u00edlia Vicentina' com sede nos Estados Unidos. O programa consiste em testemunhos e can\\u00e7\\u00f5es em v\\u00e1rias l\\u00ednguas sobre temas como a solidariedade e a fraternidade universal, incluindo uma nova can\\u00e7\\u00e3o dedicada especialmente a S\\u00e3o Vicente de Paulo. Neste momento de crise mundial, ser\\u00e1 uma oportunidade para caminharmos juntos, unidos na nossa diversidade, sinal de esperan\\u00e7a para muitos.\\n\\n\\n\\n#GenVerde #oneinhope #Vincentian #Hope #famvin #Vincentian #jmvitalia #iamvincentian #wearevincentian #giventothemission #vincentianheart #vicentinos #vicentino\\n(C) Gen Verde\",\n\t\t\t\t\t\t\t\t\"thumbnailUrl\": \"https:\/\/i.ytimg.com\/vi\/WyMHyK-L-TU\/mqdefault.jpg\",\n\t\t\t\t\t\t\t\t\"uploadDate\": \"2020-09-27T20:13:22Z\",\n\t\t\t\t\t\t\t\t\"duration\": \"PT1H6M30S\",  \n\t\t\t\t\t\t\t\t\"publisher\": {\n\t\t\t\t\t\t\t\t\t\"@type\": \"Organization\",\n\t\t\t\t\t\t\t\t\t\"name\": \"Genverde\",\n\t\t\t\t\t\t\t\t\t\"logo\": {\n\t\t\t\t\t\t\t\t\t\t\"@type\": \"ImageObject\",\n\t\t\t\t\t\t\t\t\t\t\"url\": \"https:\/\/www.genverde.it\/wp-content\/uploads\/2021\/06\/logo-gen-verde-semplice.png\",\n\t\t\t\t\t\t\t\t\t\t\"width\": \"646\",\n\t\t\t\t\t\t\t\t\t\t\"height\": \"237\"\n\t\t\t\t\t\t\t\t\t}\n\t\t\t\t\t\t\t\t},\n\t\t\t\t\t\t\t\t\"embedUrl\": \"https:\/\/youtu.be\/WyMHyK-L-TU\",\n\t\t\t\t\t\t\t\t\"interactionCount\": \"37909\" \n\t\t\t\t\t\t\t}<\/script>\n<\/div><\/figure>\n\n\n\n<p><strong>One in Hope: Concierto del Gen Verde el domingo 27 de septiembre de 2020 a las 21 horas en directo desde el siguiente enlace <a href=\"https:\/\/youtu.be\/WyMHyK-L-TU\" data-rel=\"prettyPhoto-video-0\" target=\"_blank\" rel=\"noreferrer noopener\">https:\/\/youtu.be\/WyMHyK-L-TU<\/a>. Un evento promovido y organizado con la Familia Vicenciana recordando a la figura de San Vicente de Pa\u00fal. El primer paso de un gran proyecto.<\/strong><\/p>\n\n\n\n<p>El d\u00eda en que la Iglesia celebra la figura de San Vicente de Pa\u00fal, la Familia Vicentina, que con sus 170 ramas est\u00e1 presente en 158 pa\u00edses y cuenta con m\u00e1s de cuatro millones de adherentes en los cinco continentes, lo recuerda junto al grupo musical Gen Verde que ofrecer\u00e1 un concierto a las 21 horas (horario italiano) transmitido en directo a trav\u00e9s del enlace <a href=\"https:\/\/youtu.be\/WyMHyK-L-TU\" data-rel=\"prettyPhoto-video-0\" target=\"_blank\" rel=\"noreferrer noopener\">https:\/\/youtu.be\/WyMHyK-L-TU<\/a><\/p>\n\n\n\n<p>\u201cLos planes eran otros \u2013explica Sally McAllister, manager del Gen Verde\u2013 de hecho, en estos d\u00edas deber\u00edamos estar en U.S.A. en una gira que hubiera involucrado en m\u00e1s conciertos a nuestros amigos de la Familia Vicenciana y del Movimiento de los Focolares. Pero la pandemia paraliz\u00f3 todo y por eso pensamos hacer de este obst\u00e1culo un trampol\u00edn de lanzamiento, usando la web para hacer un concierto \u2013en el mismo fin de semana que hubiera marcado el comienzo del tour\u2013 implicando de este modo a muchas m\u00e1s personas, y no s\u00f3lo a los presentes en Norteam\u00e9rica sino en todo el mundo\u201d. Junto con un equipo del Vincentian Family Office en USA, el Gen Verde ha creado este evento especial que marca tambi\u00e9n el inicio de un nuevo camino, un proyecto en el que el Movimiento de los Focolares y la Familia Vicenciana trabajan conjuntamente para transmitir a muchos la fuerza de la unidad que emana de sus carismas al servicio de la humanidad entera. <\/p>\n\n\n\n<p>\u201cOne in Hope\u201d, ese es el t\u00edtulo del concierto que incluye no s\u00f3lo canciones sino tambi\u00e9n testimonios sobre la solidaridad y la fraternidad universal. <\/p>\n\n\n\n<p>Nace as\u00ed la idea del pr\u00f3ximo <strong>27 de septiembre a las 21 horas (italiana): un concierto in\u00e9dito y, para la ocasi\u00f3n, el Gen Verde ha escrito y compuesto una canci\u00f3n en honor al fundador de la Familia Vicentina.<\/strong> \u201cNos impresion\u00f3 mucho la historia de San Vicente de Pa\u00fal \u2013explica la compositora Nancy Uelmen\u2013 y, en particular, c\u00f3mo supo mirar m\u00e1s all\u00e1 de las apariencias para descubrir el rostro de Dios en los pobres. Este descubrimiento para \u00e9l era una llamada a encontrar a Jes\u00fas en los pobres. En la letra de la canci\u00f3n, escrita en primera persona como si fuese San Vicente de Pa\u00fal el que hablase, uno percibe la misma mirada del Buen Samaritano (del que habla el Evangelio) que cuando ve a una persona necesitada no pasa de largo, indiferente, sino que se detiene y le ayuda. Nos ha parecido un mensaje de lo m\u00e1s actual: en la vida de cada d\u00eda, tan fren\u00e9tica y fugaz, existe una necesidad extrema de que todos nosotros aprendamos a vivir con ese mismo esp\u00edritu\u201d.<\/p>\n\n\n\n<p>Vincent\u2019s Song (You Did It To Me) es una canci\u00f3n con sonidos electr\u00f3nicos y con un ritmo absorbente. Una clara elecci\u00f3n la que ha mantenido el Gen Verde, no ya por involucrar sobre todo a los j\u00f3venes, sino tambi\u00e9n por expresar el sentido de urgencia que siempre tuvo San Vicente en su voluntad de salir e ir al encuentro de los pobres para ayudarlos. <\/p>\n\n\n\n<p>Para quien desee escuchar la canci\u00f3n Vincent\u2019s Song (You Did It To Me), puede encontrarla en el siguiente link <a href=\"https:\/\/imusiciandigital.lnk.to\/YF7bADntEM\" target=\"_blank\" rel=\"noreferrer noopener\">https:\/\/imusiciandigital.lnk.to\/YF7bADntEM<\/a><\/p>\n\n\n\n<p class=\"has-text-align-right\"><em>Tiziana Nicastro &#8211; Press Office Gen Verde<\/em><br><em>Elena Grazini &#8211; Press Office Vincentian Family<\/em><\/p>\n","protected":false},"excerpt":{"rendered":"<p>One in Hope: Concierto del Gen Verde el domingo 27 de septiembre de 2020 a\u2026<\/p>\n","protected":false},"author":1,"featured_media":4928,"comment_status":"closed","ping_status":"open","sticky":false,"template":"","format":"standard","meta":[],"categories":[888],"tags":[],"blocksy_meta":{"styles_descriptor":{"styles":{"desktop":"","tablet":"","mobile":""},"google_fonts":[]}},"featured_image_urls":{"full":["https:\/\/www.genverde.it\/wp-content\/uploads\/2021\/05\/gv-streaming-one-in-hope.jpg",1024,576,false],"thumbnail":["https:\/\/www.genverde.it\/wp-content\/uploads\/2021\/05\/gv-streaming-one-in-hope-150x150.jpg",150,150,true],"medium":["https:\/\/www.genverde.it\/wp-content\/uploads\/2021\/05\/gv-streaming-one-in-hope-300x169.jpg",300,169,true],"medium_large":["https:\/\/www.genverde.it\/wp-content\/uploads\/2021\/05\/gv-streaming-one-in-hope-768x432.jpg",768,432,true],"large":["https:\/\/www.genverde.it\/wp-content\/uploads\/2021\/05\/gv-streaming-one-in-hope.jpg",1024,576,false],"1536x1536":["https:\/\/www.genverde.it\/wp-content\/uploads\/2021\/05\/gv-streaming-one-in-hope.jpg",1024,576,false],"2048x2048":["https:\/\/www.genverde.it\/wp-content\/uploads\/2021\/05\/gv-streaming-one-in-hope.jpg",1024,576,false]},"post_excerpt_stackable":"<p>One in Hope: Concierto del Gen Verde el domingo 27 de septiembre de 2020 a las 21 horas en directo desde el siguiente enlace https:\/\/youtu.be\/WyMHyK-L-TU. Un evento promovido y organizado con la Familia Vicenciana recordando a la figura de San Vicente de Pa\u00fal. El primer paso de un gran proyecto. El d\u00eda en que la Iglesia celebra la figura de San Vicente de Pa\u00fal, la Familia Vicentina, que con sus 170 ramas est\u00e1 presente en 158 pa\u00edses y cuenta con m\u00e1s de cuatro millones de adherentes en los cinco continentes, lo recuerda junto al grupo musical Gen Verde que ofrecer\u00e1&hellip;<\/p>\n","category_list":"<a href=\"https:\/\/www.genverde.it\/es\/category\/giras-y-viajes\/\" rel=\"category tag\">Giras y viajes<\/a>","author_info":{"name":"domains@trizero.it","url":"https:\/\/www.genverde.it\/es\/author\/domainstrizero-it\/"},"comments_num":"0 comentarios","yoast_head":"<!-- This site is optimized with the Yoast SEO plugin v20.10 - https:\/\/yoast.com\/wordpress\/plugins\/seo\/ -->\n<title>One in Hope<\/title>\n<meta name=\"robots\" content=\"index, follow, max-snippet:-1, max-image-preview:large, max-video-preview:-1\" \/>\n<link rel=\"canonical\" href=\"https:\/\/www.genverde.it\/es\/one-in-hope\/\" \/>\n<meta property=\"og:locale\" content=\"es_ES\" \/>\n<meta property=\"og:type\" content=\"article\" \/>\n<meta property=\"og:title\" content=\"One in Hope\" \/>\n<meta property=\"og:description\" content=\"One in Hope: Concierto del Gen Verde el domingo 27 de septiembre de 2020 a\u2026\" \/>\n<meta property=\"og:url\" content=\"https:\/\/www.genverde.it\/es\/one-in-hope\/\" \/>\n<meta property=\"og:site_name\" content=\"Gen Verde\" \/>\n<meta property=\"article:published_time\" content=\"2020-09-16T10:25:00+00:00\" \/>\n<meta property=\"article:modified_time\" content=\"2025-11-25T14:51:57+00:00\" \/>\n<meta property=\"og:image\" content=\"https:\/\/www.genverde.it\/wp-content\/uploads\/2021\/05\/gv-streaming-one-in-hope.jpg\" \/>\n\t<meta property=\"og:image:width\" content=\"1024\" \/>\n\t<meta property=\"og:image:height\" content=\"576\" \/>\n\t<meta property=\"og:image:type\" content=\"image\/jpeg\" \/>\n<meta name=\"author\" content=\"domains@trizero.it\" \/>\n<meta name=\"twitter:card\" content=\"summary_large_image\" \/>\n<meta name=\"twitter:label1\" content=\"Escrito por\" \/>\n\t<meta name=\"twitter:data1\" content=\"domains@trizero.it\" \/>\n\t<meta name=\"twitter:label2\" content=\"Tiempo de lectura\" \/>\n\t<meta name=\"twitter:data2\" content=\"4 minutos\" \/>\n<script type=\"application\/ld+json\" class=\"yoast-schema-graph\">{\"@context\":\"https:\/\/schema.org\",\"@graph\":[{\"@type\":\"Article\",\"@id\":\"https:\/\/www.genverde.it\/es\/one-in-hope\/#article\",\"isPartOf\":{\"@id\":\"https:\/\/www.genverde.it\/es\/one-in-hope\/\"},\"author\":{\"name\":\"domains@trizero.it\",\"@id\":\"https:\/\/www.genverde.it\/es\/#\/schema\/person\/6ecdde1503e1aac5a939c6b3d9cf61f8\"},\"headline\":\"One in Hope\",\"datePublished\":\"2020-09-16T10:25:00+00:00\",\"dateModified\":\"2025-11-25T14:51:57+00:00\",\"mainEntityOfPage\":{\"@id\":\"https:\/\/www.genverde.it\/es\/one-in-hope\/\"},\"wordCount\":629,\"publisher\":{\"@id\":\"https:\/\/www.genverde.it\/es\/#organization\"},\"articleSection\":[\"Giras y viajes\"],\"inLanguage\":\"es\"},{\"@type\":\"WebPage\",\"@id\":\"https:\/\/www.genverde.it\/es\/one-in-hope\/\",\"url\":\"https:\/\/www.genverde.it\/es\/one-in-hope\/\",\"name\":\"One in Hope\",\"isPartOf\":{\"@id\":\"https:\/\/www.genverde.it\/es\/#website\"},\"datePublished\":\"2020-09-16T10:25:00+00:00\",\"dateModified\":\"2025-11-25T14:51:57+00:00\",\"breadcrumb\":{\"@id\":\"https:\/\/www.genverde.it\/es\/one-in-hope\/#breadcrumb\"},\"inLanguage\":\"es\",\"potentialAction\":[{\"@type\":\"ReadAction\",\"target\":[\"https:\/\/www.genverde.it\/es\/one-in-hope\/\"]}]},{\"@type\":\"BreadcrumbList\",\"@id\":\"https:\/\/www.genverde.it\/es\/one-in-hope\/#breadcrumb\",\"itemListElement\":[{\"@type\":\"ListItem\",\"position\":1,\"name\":\"Home\",\"item\":\"https:\/\/www.genverde.it\/es\/\"},{\"@type\":\"ListItem\",\"position\":2,\"name\":\"One in Hope\"}]},{\"@type\":\"WebSite\",\"@id\":\"https:\/\/www.genverde.it\/es\/#website\",\"url\":\"https:\/\/www.genverde.it\/es\/\",\"name\":\"Gen Verde\",\"description\":\"\",\"publisher\":{\"@id\":\"https:\/\/www.genverde.it\/es\/#organization\"},\"potentialAction\":[{\"@type\":\"SearchAction\",\"target\":{\"@type\":\"EntryPoint\",\"urlTemplate\":\"https:\/\/www.genverde.it\/es\/?s={search_term_string}\"},\"query-input\":\"required name=search_term_string\"}],\"inLanguage\":\"es\"},{\"@type\":\"Organization\",\"@id\":\"https:\/\/www.genverde.it\/es\/#organization\",\"name\":\"Gen Verde\",\"url\":\"https:\/\/www.genverde.it\/es\/\",\"logo\":{\"@type\":\"ImageObject\",\"inLanguage\":\"es\",\"@id\":\"https:\/\/www.genverde.it\/es\/#\/schema\/logo\/image\/\",\"url\":\"https:\/\/www.genverde.it\/wp-content\/uploads\/2021\/05\/logo-gen-verde-black.png\",\"contentUrl\":\"https:\/\/www.genverde.it\/wp-content\/uploads\/2021\/05\/logo-gen-verde-black.png\",\"width\":646,\"height\":392,\"caption\":\"Gen Verde\"},\"image\":{\"@id\":\"https:\/\/www.genverde.it\/es\/#\/schema\/logo\/image\/\"}},{\"@type\":\"Person\",\"@id\":\"https:\/\/www.genverde.it\/es\/#\/schema\/person\/6ecdde1503e1aac5a939c6b3d9cf61f8\",\"name\":\"domains@trizero.it\",\"image\":{\"@type\":\"ImageObject\",\"inLanguage\":\"es\",\"@id\":\"https:\/\/www.genverde.it\/es\/#\/schema\/person\/image\/\",\"url\":\"https:\/\/secure.gravatar.com\/avatar\/27dca0b5fa1711a07921f4e77851c7c6?s=96&d=mm&r=g\",\"contentUrl\":\"https:\/\/secure.gravatar.com\/avatar\/27dca0b5fa1711a07921f4e77851c7c6?s=96&d=mm&r=g\",\"caption\":\"domains@trizero.it\"},\"sameAs\":[\"https:\/\/genverde.trizero.it\"]}]}<\/script>\n<!-- \/ Yoast SEO plugin. -->","yoast_head_json":{"title":"One in Hope","robots":{"index":"index","follow":"follow","max-snippet":"max-snippet:-1","max-image-preview":"max-image-preview:large","max-video-preview":"max-video-preview:-1"},"canonical":"https:\/\/www.genverde.it\/es\/one-in-hope\/","og_locale":"es_ES","og_type":"article","og_title":"One in Hope","og_description":"One in Hope: Concierto del Gen Verde el domingo 27 de septiembre de 2020 a\u2026","og_url":"https:\/\/www.genverde.it\/es\/one-in-hope\/","og_site_name":"Gen Verde","article_published_time":"2020-09-16T10:25:00+00:00","article_modified_time":"2025-11-25T14:51:57+00:00","og_image":[{"width":1024,"height":576,"url":"https:\/\/www.genverde.it\/wp-content\/uploads\/2021\/05\/gv-streaming-one-in-hope.jpg","type":"image\/jpeg"}],"author":"domains@trizero.it","twitter_card":"summary_large_image","twitter_misc":{"Escrito por":"domains@trizero.it","Tiempo de lectura":"4 minutos"},"schema":{"@context":"https:\/\/schema.org","@graph":[{"@type":"Article","@id":"https:\/\/www.genverde.it\/es\/one-in-hope\/#article","isPartOf":{"@id":"https:\/\/www.genverde.it\/es\/one-in-hope\/"},"author":{"name":"domains@trizero.it","@id":"https:\/\/www.genverde.it\/es\/#\/schema\/person\/6ecdde1503e1aac5a939c6b3d9cf61f8"},"headline":"One in Hope","datePublished":"2020-09-16T10:25:00+00:00","dateModified":"2025-11-25T14:51:57+00:00","mainEntityOfPage":{"@id":"https:\/\/www.genverde.it\/es\/one-in-hope\/"},"wordCount":629,"publisher":{"@id":"https:\/\/www.genverde.it\/es\/#organization"},"articleSection":["Giras y viajes"],"inLanguage":"es"},{"@type":"WebPage","@id":"https:\/\/www.genverde.it\/es\/one-in-hope\/","url":"https:\/\/www.genverde.it\/es\/one-in-hope\/","name":"One in Hope","isPartOf":{"@id":"https:\/\/www.genverde.it\/es\/#website"},"datePublished":"2020-09-16T10:25:00+00:00","dateModified":"2025-11-25T14:51:57+00:00","breadcrumb":{"@id":"https:\/\/www.genverde.it\/es\/one-in-hope\/#breadcrumb"},"inLanguage":"es","potentialAction":[{"@type":"ReadAction","target":["https:\/\/www.genverde.it\/es\/one-in-hope\/"]}]},{"@type":"BreadcrumbList","@id":"https:\/\/www.genverde.it\/es\/one-in-hope\/#breadcrumb","itemListElement":[{"@type":"ListItem","position":1,"name":"Home","item":"https:\/\/www.genverde.it\/es\/"},{"@type":"ListItem","position":2,"name":"One in Hope"}]},{"@type":"WebSite","@id":"https:\/\/www.genverde.it\/es\/#website","url":"https:\/\/www.genverde.it\/es\/","name":"Gen Verde","description":"","publisher":{"@id":"https:\/\/www.genverde.it\/es\/#organization"},"potentialAction":[{"@type":"SearchAction","target":{"@type":"EntryPoint","urlTemplate":"https:\/\/www.genverde.it\/es\/?s={search_term_string}"},"query-input":"required name=search_term_string"}],"inLanguage":"es"},{"@type":"Organization","@id":"https:\/\/www.genverde.it\/es\/#organization","name":"Gen Verde","url":"https:\/\/www.genverde.it\/es\/","logo":{"@type":"ImageObject","inLanguage":"es","@id":"https:\/\/www.genverde.it\/es\/#\/schema\/logo\/image\/","url":"https:\/\/www.genverde.it\/wp-content\/uploads\/2021\/05\/logo-gen-verde-black.png","contentUrl":"https:\/\/www.genverde.it\/wp-content\/uploads\/2021\/05\/logo-gen-verde-black.png","width":646,"height":392,"caption":"Gen Verde"},"image":{"@id":"https:\/\/www.genverde.it\/es\/#\/schema\/logo\/image\/"}},{"@type":"Person","@id":"https:\/\/www.genverde.it\/es\/#\/schema\/person\/6ecdde1503e1aac5a939c6b3d9cf61f8","name":"domains@trizero.it","image":{"@type":"ImageObject","inLanguage":"es","@id":"https:\/\/www.genverde.it\/es\/#\/schema\/person\/image\/","url":"https:\/\/secure.gravatar.com\/avatar\/27dca0b5fa1711a07921f4e77851c7c6?s=96&d=mm&r=g","contentUrl":"https:\/\/secure.gravatar.com\/avatar\/27dca0b5fa1711a07921f4e77851c7c6?s=96&d=mm&r=g","caption":"domains@trizero.it"},"sameAs":["https:\/\/genverde.trizero.it"]}]}},"_links":{"self":[{"href":"https:\/\/www.genverde.it\/es\/wp-json\/wp\/v2\/posts\/4927"}],"collection":[{"href":"https:\/\/www.genverde.it\/es\/wp-json\/wp\/v2\/posts"}],"about":[{"href":"https:\/\/www.genverde.it\/es\/wp-json\/wp\/v2\/types\/post"}],"author":[{"embeddable":true,"href":"https:\/\/www.genverde.it\/es\/wp-json\/wp\/v2\/users\/1"}],"replies":[{"embeddable":true,"href":"https:\/\/www.genverde.it\/es\/wp-json\/wp\/v2\/comments?post=4927"}],"version-history":[{"count":12,"href":"https:\/\/www.genverde.it\/es\/wp-json\/wp\/v2\/posts\/4927\/revisions"}],"predecessor-version":[{"id":35952,"href":"https:\/\/www.genverde.it\/es\/wp-json\/wp\/v2\/posts\/4927\/revisions\/35952"}],"wp:featuredmedia":[{"embeddable":true,"href":"https:\/\/www.genverde.it\/es\/wp-json\/wp\/v2\/media\/4928"}],"wp:attachment":[{"href":"https:\/\/www.genverde.it\/es\/wp-json\/wp\/v2\/media?parent=4927"}],"wp:term":[{"taxonomy":"category","embeddable":true,"href":"https:\/\/www.genverde.it\/es\/wp-json\/wp\/v2\/categories?post=4927"},{"taxonomy":"post_tag","embeddable":true,"href":"https:\/\/www.genverde.it\/es\/wp-json\/wp\/v2\/tags?post=4927"}],"curies":[{"name":"wp","href":"https:\/\/api.w.org\/{rel}","templated":true}]}}