{"id":4950,"date":"2020-05-11T11:52:00","date_gmt":"2020-05-11T09:52:00","guid":{"rendered":"https:\/\/www.genverde.it\/un-autentico-festival-de-la-fraternidad\/"},"modified":"2025-11-25T15:46:07","modified_gmt":"2025-11-25T14:46:07","slug":"un-autentico-festival-de-la-fraternidad","status":"publish","type":"post","link":"https:\/\/www.genverde.it\/es\/un-autentico-festival-de-la-fraternidad\/","title":{"rendered":"Un aut\u00e9ntico festival de la fraternidad"},"content":{"rendered":"\n<p>Un Zoom, un directo por YouTube, por Facebook o por Instagram. \u00c9stas son, hoy d\u00eda, las herramientas para mantener vivos los contactos, las relaciones incluso\u2026 a miles de kil\u00f3metros de distancia. De este modo se derriban muros y barreras; tan s\u00f3lo hace falta controlar el huso horario y saber en qu\u00e9 idioma se habla.<\/p>\n\n\n\n<p>Parece algo extra\u00f1o, pero \u00e9sta es la vida del Gen Verde en tiempos de pandemia. Una vida aparentemente en aislamiento y, sin embargo, inmersa m\u00e1s que nunca en el mundo, en contacto con la gente.<\/p>\n\n\n\n<p>Y m\u00e1s a\u00fan durante los \u00faltimos d\u00edas que han marcado hora tras hora la Semana Mundo Unido, un aut\u00e9ntico festival de la fraternidad. \u201cNos hemos encontrado con miles de j\u00f3venes desde Francia a M\u00e9xico, desde India a Argentina, desde Italia a Portugal sin olvidar a todos los pa\u00edses de Am\u00e9rica Latina \u2013nos cuenta Marita-; de la relaci\u00f3n creada con cada uno hemos descubierto, una vez m\u00e1s, que lo conseguiremos si permanecemos unidos, viviendo juntos por ideales grandes como la paz y la fraternidad universal. Juntos podemos ser constructores de una gran familia del tama\u00f1o del mundo\u201d.<\/p>\n\n\n\n<p>Y realmente hoy la familia tiene unas dimensiones nuevas. El Gen Verde se ha encontrado en una sola semana con m\u00e1s de 50 mil personas de los 5 continentes. Parece imposible que se pueda hablar de aspectos positivos del COVID-19 y, en cambio, el mundo corre hacia la fraternidad y lo atestiguan las muchas, much\u00edsimas impresiones que llegan a las plataformas digitales del Gen Verde:<\/p>\n\n\n\n<ul>\n<li>\u201cLa verdad es que nunca hubiera imaginado que pudiera hacer algo con el Gen Verde, es incre\u00edble todo lo que est\u00e1 pasando, \u00a1\u00a1\u00a1es el momento apropiado!!!\u201d<\/li>\n\n\n\n<li>\u201cEs tan bonito sentirse como una familia y tan cercanos\u201d<\/li>\n<\/ul>\n\n\n\n<p>Y ahora el Gen Verde recibe las peticiones m\u00e1s variopintas: \u201cun d\u00eda contactaron con nosotras desde la comunidad Shalom en la Suiza italiana \u2013dice Alessandra-; sentimos que no pod\u00edamos y no quer\u00edamos echarnos atr\u00e1s porque nuestras canciones y experiencias se siguen y se comparten, por eso, en poqu\u00edsimo tiempo, organizamos una conexi\u00f3n en directo con ellos y ha sido precioso porque tuvimos la posibilidad de conocernos y de descubrir el don que somos unos para otros\u201d.<\/p>\n\n\n\n<p>\u00bfY cu\u00e1les son los siguientes pasos? Los directos por streaming continuar\u00e1n y tampoco dejar\u00e1n atr\u00e1s todas las ocasiones para encontrarse con j\u00f3venes de todo el mundo y\u2026 tambi\u00e9n se traen entre manos unas videolecciones con estudiantes de escuelas italianas que, a trav\u00e9s de sus profesores, han tenido modo de reflexionar sobre canciones y textos del Gen Verde.<\/p>\n\n\n\n<p>Resumiendo, cambian los contextos y las formas pero la pandemia est\u00e1 impulsando a todos a perseguir el mundo unido, la fraternidad universal.<\/p>\n\n\n\n<p class=\"has-text-align-right\"><em>Tiziana Nicastro<\/em><\/p>\n\n\n\n<p>Link YouTube: <a href=\"https:\/\/www.youtube.com\/watch?v=AHifOZUrr7U\" data-rel=\"prettyPhoto-video-0\" target=\"_blank\" rel=\"noreferrer noopener\">https:\/\/www.youtube.com\/watch?v=AHifOZUrr7U<\/a><\/p>\n","protected":false},"excerpt":{"rendered":"<p>El Gen Verde se re\u00fane con 50 mil j\u00f3venes durante la Semana Mundo Unido. <\/p>\n","protected":false},"author":1,"featured_media":0,"comment_status":"closed","ping_status":"open","sticky":false,"template":"","format":"standard","meta":[],"categories":[892],"tags":[],"blocksy_meta":{"styles_descriptor":{"styles":{"desktop":"","tablet":"","mobile":""},"google_fonts":[]}},"featured_image_urls":{"full":"","thumbnail":"","medium":"","medium_large":"","large":"","1536x1536":"","2048x2048":""},"post_excerpt_stackable":"<p>El Gen Verde se re\u00fane con 50 mil j\u00f3venes durante la Semana Mundo Unido. <\/p>\n","category_list":"<a href=\"https:\/\/www.genverde.it\/es\/category\/proyectos-culturales-y-sociales\/\" rel=\"category tag\">Proyectos culturales y sociales<\/a>","author_info":{"name":"domains@trizero.it","url":"https:\/\/www.genverde.it\/es\/author\/domainstrizero-it\/"},"comments_num":"0 comentarios","yoast_head":"<!-- This site is optimized with the Yoast SEO plugin v20.10 - https:\/\/yoast.com\/wordpress\/plugins\/seo\/ -->\n<title>Un aut\u00e9ntico festival de la fraternidad<\/title>\n<meta name=\"robots\" content=\"index, follow, max-snippet:-1, max-image-preview:large, max-video-preview:-1\" \/>\n<link rel=\"canonical\" href=\"https:\/\/www.genverde.it\/es\/un-autentico-festival-de-la-fraternidad\/\" \/>\n<meta property=\"og:locale\" content=\"es_ES\" \/>\n<meta property=\"og:type\" content=\"article\" \/>\n<meta property=\"og:title\" content=\"Un aut\u00e9ntico festival de la fraternidad\" \/>\n<meta property=\"og:description\" content=\"El Gen Verde se re\u00fane con 50 mil j\u00f3venes durante la Semana Mundo Unido.\" \/>\n<meta property=\"og:url\" content=\"https:\/\/www.genverde.it\/es\/un-autentico-festival-de-la-fraternidad\/\" \/>\n<meta property=\"og:site_name\" content=\"Gen Verde\" \/>\n<meta property=\"article:published_time\" content=\"2020-05-11T09:52:00+00:00\" \/>\n<meta property=\"article:modified_time\" content=\"2025-11-25T14:46:07+00:00\" \/>\n<meta property=\"og:image\" content=\"https:\/\/www.genverde.it\/wp-content\/uploads\/2021\/06\/logo-gen-verde-semplice.png\" \/>\n\t<meta property=\"og:image:width\" content=\"646\" \/>\n\t<meta property=\"og:image:height\" content=\"237\" \/>\n\t<meta property=\"og:image:type\" content=\"image\/png\" \/>\n<meta name=\"author\" content=\"domains@trizero.it\" \/>\n<meta name=\"twitter:card\" content=\"summary_large_image\" \/>\n<meta name=\"twitter:label1\" content=\"Escrito por\" \/>\n\t<meta name=\"twitter:data1\" content=\"domains@trizero.it\" \/>\n<script type=\"application\/ld+json\" class=\"yoast-schema-graph\">{\"@context\":\"https:\/\/schema.org\",\"@graph\":[{\"@type\":\"Article\",\"@id\":\"https:\/\/www.genverde.it\/es\/un-autentico-festival-de-la-fraternidad\/#article\",\"isPartOf\":{\"@id\":\"https:\/\/www.genverde.it\/es\/un-autentico-festival-de-la-fraternidad\/\"},\"author\":{\"name\":\"domains@trizero.it\",\"@id\":\"https:\/\/www.genverde.it\/es\/#\/schema\/person\/6ecdde1503e1aac5a939c6b3d9cf61f8\"},\"headline\":\"Un aut\u00e9ntico festival de la fraternidad\",\"datePublished\":\"2020-05-11T09:52:00+00:00\",\"dateModified\":\"2025-11-25T14:46:07+00:00\",\"mainEntityOfPage\":{\"@id\":\"https:\/\/www.genverde.it\/es\/un-autentico-festival-de-la-fraternidad\/\"},\"wordCount\":491,\"publisher\":{\"@id\":\"https:\/\/www.genverde.it\/es\/#organization\"},\"articleSection\":[\"Proyectos culturales y sociales\"],\"inLanguage\":\"es\"},{\"@type\":\"WebPage\",\"@id\":\"https:\/\/www.genverde.it\/es\/un-autentico-festival-de-la-fraternidad\/\",\"url\":\"https:\/\/www.genverde.it\/es\/un-autentico-festival-de-la-fraternidad\/\",\"name\":\"Un aut\u00e9ntico festival de la fraternidad\",\"isPartOf\":{\"@id\":\"https:\/\/www.genverde.it\/es\/#website\"},\"datePublished\":\"2020-05-11T09:52:00+00:00\",\"dateModified\":\"2025-11-25T14:46:07+00:00\",\"breadcrumb\":{\"@id\":\"https:\/\/www.genverde.it\/es\/un-autentico-festival-de-la-fraternidad\/#breadcrumb\"},\"inLanguage\":\"es\",\"potentialAction\":[{\"@type\":\"ReadAction\",\"target\":[\"https:\/\/www.genverde.it\/es\/un-autentico-festival-de-la-fraternidad\/\"]}]},{\"@type\":\"BreadcrumbList\",\"@id\":\"https:\/\/www.genverde.it\/es\/un-autentico-festival-de-la-fraternidad\/#breadcrumb\",\"itemListElement\":[{\"@type\":\"ListItem\",\"position\":1,\"name\":\"Home\",\"item\":\"https:\/\/www.genverde.it\/es\/\"},{\"@type\":\"ListItem\",\"position\":2,\"name\":\"Un aut\u00e9ntico festival de la fraternidad\"}]},{\"@type\":\"WebSite\",\"@id\":\"https:\/\/www.genverde.it\/es\/#website\",\"url\":\"https:\/\/www.genverde.it\/es\/\",\"name\":\"Gen Verde\",\"description\":\"\",\"publisher\":{\"@id\":\"https:\/\/www.genverde.it\/es\/#organization\"},\"potentialAction\":[{\"@type\":\"SearchAction\",\"target\":{\"@type\":\"EntryPoint\",\"urlTemplate\":\"https:\/\/www.genverde.it\/es\/?s={search_term_string}\"},\"query-input\":\"required name=search_term_string\"}],\"inLanguage\":\"es\"},{\"@type\":\"Organization\",\"@id\":\"https:\/\/www.genverde.it\/es\/#organization\",\"name\":\"Gen Verde\",\"url\":\"https:\/\/www.genverde.it\/es\/\",\"logo\":{\"@type\":\"ImageObject\",\"inLanguage\":\"es\",\"@id\":\"https:\/\/www.genverde.it\/es\/#\/schema\/logo\/image\/\",\"url\":\"https:\/\/www.genverde.it\/wp-content\/uploads\/2021\/05\/logo-gen-verde-black.png\",\"contentUrl\":\"https:\/\/www.genverde.it\/wp-content\/uploads\/2021\/05\/logo-gen-verde-black.png\",\"width\":646,\"height\":392,\"caption\":\"Gen Verde\"},\"image\":{\"@id\":\"https:\/\/www.genverde.it\/es\/#\/schema\/logo\/image\/\"}},{\"@type\":\"Person\",\"@id\":\"https:\/\/www.genverde.it\/es\/#\/schema\/person\/6ecdde1503e1aac5a939c6b3d9cf61f8\",\"name\":\"domains@trizero.it\",\"image\":{\"@type\":\"ImageObject\",\"inLanguage\":\"es\",\"@id\":\"https:\/\/www.genverde.it\/es\/#\/schema\/person\/image\/\",\"url\":\"https:\/\/secure.gravatar.com\/avatar\/27dca0b5fa1711a07921f4e77851c7c6?s=96&d=mm&r=g\",\"contentUrl\":\"https:\/\/secure.gravatar.com\/avatar\/27dca0b5fa1711a07921f4e77851c7c6?s=96&d=mm&r=g\",\"caption\":\"domains@trizero.it\"},\"sameAs\":[\"https:\/\/genverde.trizero.it\"]}]}<\/script>\n<!-- \/ Yoast SEO plugin. -->","yoast_head_json":{"title":"Un aut\u00e9ntico festival de la fraternidad","robots":{"index":"index","follow":"follow","max-snippet":"max-snippet:-1","max-image-preview":"max-image-preview:large","max-video-preview":"max-video-preview:-1"},"canonical":"https:\/\/www.genverde.it\/es\/un-autentico-festival-de-la-fraternidad\/","og_locale":"es_ES","og_type":"article","og_title":"Un aut\u00e9ntico festival de la fraternidad","og_description":"El Gen Verde se re\u00fane con 50 mil j\u00f3venes durante la Semana Mundo Unido.","og_url":"https:\/\/www.genverde.it\/es\/un-autentico-festival-de-la-fraternidad\/","og_site_name":"Gen Verde","article_published_time":"2020-05-11T09:52:00+00:00","article_modified_time":"2025-11-25T14:46:07+00:00","og_image":[{"width":646,"height":237,"url":"https:\/\/www.genverde.it\/wp-content\/uploads\/2021\/06\/logo-gen-verde-semplice.png","type":"image\/png"}],"author":"domains@trizero.it","twitter_card":"summary_large_image","twitter_misc":{"Escrito por":"domains@trizero.it"},"schema":{"@context":"https:\/\/schema.org","@graph":[{"@type":"Article","@id":"https:\/\/www.genverde.it\/es\/un-autentico-festival-de-la-fraternidad\/#article","isPartOf":{"@id":"https:\/\/www.genverde.it\/es\/un-autentico-festival-de-la-fraternidad\/"},"author":{"name":"domains@trizero.it","@id":"https:\/\/www.genverde.it\/es\/#\/schema\/person\/6ecdde1503e1aac5a939c6b3d9cf61f8"},"headline":"Un aut\u00e9ntico festival de la fraternidad","datePublished":"2020-05-11T09:52:00+00:00","dateModified":"2025-11-25T14:46:07+00:00","mainEntityOfPage":{"@id":"https:\/\/www.genverde.it\/es\/un-autentico-festival-de-la-fraternidad\/"},"wordCount":491,"publisher":{"@id":"https:\/\/www.genverde.it\/es\/#organization"},"articleSection":["Proyectos culturales y sociales"],"inLanguage":"es"},{"@type":"WebPage","@id":"https:\/\/www.genverde.it\/es\/un-autentico-festival-de-la-fraternidad\/","url":"https:\/\/www.genverde.it\/es\/un-autentico-festival-de-la-fraternidad\/","name":"Un aut\u00e9ntico festival de la fraternidad","isPartOf":{"@id":"https:\/\/www.genverde.it\/es\/#website"},"datePublished":"2020-05-11T09:52:00+00:00","dateModified":"2025-11-25T14:46:07+00:00","breadcrumb":{"@id":"https:\/\/www.genverde.it\/es\/un-autentico-festival-de-la-fraternidad\/#breadcrumb"},"inLanguage":"es","potentialAction":[{"@type":"ReadAction","target":["https:\/\/www.genverde.it\/es\/un-autentico-festival-de-la-fraternidad\/"]}]},{"@type":"BreadcrumbList","@id":"https:\/\/www.genverde.it\/es\/un-autentico-festival-de-la-fraternidad\/#breadcrumb","itemListElement":[{"@type":"ListItem","position":1,"name":"Home","item":"https:\/\/www.genverde.it\/es\/"},{"@type":"ListItem","position":2,"name":"Un aut\u00e9ntico festival de la fraternidad"}]},{"@type":"WebSite","@id":"https:\/\/www.genverde.it\/es\/#website","url":"https:\/\/www.genverde.it\/es\/","name":"Gen Verde","description":"","publisher":{"@id":"https:\/\/www.genverde.it\/es\/#organization"},"potentialAction":[{"@type":"SearchAction","target":{"@type":"EntryPoint","urlTemplate":"https:\/\/www.genverde.it\/es\/?s={search_term_string}"},"query-input":"required name=search_term_string"}],"inLanguage":"es"},{"@type":"Organization","@id":"https:\/\/www.genverde.it\/es\/#organization","name":"Gen Verde","url":"https:\/\/www.genverde.it\/es\/","logo":{"@type":"ImageObject","inLanguage":"es","@id":"https:\/\/www.genverde.it\/es\/#\/schema\/logo\/image\/","url":"https:\/\/www.genverde.it\/wp-content\/uploads\/2021\/05\/logo-gen-verde-black.png","contentUrl":"https:\/\/www.genverde.it\/wp-content\/uploads\/2021\/05\/logo-gen-verde-black.png","width":646,"height":392,"caption":"Gen Verde"},"image":{"@id":"https:\/\/www.genverde.it\/es\/#\/schema\/logo\/image\/"}},{"@type":"Person","@id":"https:\/\/www.genverde.it\/es\/#\/schema\/person\/6ecdde1503e1aac5a939c6b3d9cf61f8","name":"domains@trizero.it","image":{"@type":"ImageObject","inLanguage":"es","@id":"https:\/\/www.genverde.it\/es\/#\/schema\/person\/image\/","url":"https:\/\/secure.gravatar.com\/avatar\/27dca0b5fa1711a07921f4e77851c7c6?s=96&d=mm&r=g","contentUrl":"https:\/\/secure.gravatar.com\/avatar\/27dca0b5fa1711a07921f4e77851c7c6?s=96&d=mm&r=g","caption":"domains@trizero.it"},"sameAs":["https:\/\/genverde.trizero.it"]}]}},"_links":{"self":[{"href":"https:\/\/www.genverde.it\/es\/wp-json\/wp\/v2\/posts\/4950"}],"collection":[{"href":"https:\/\/www.genverde.it\/es\/wp-json\/wp\/v2\/posts"}],"about":[{"href":"https:\/\/www.genverde.it\/es\/wp-json\/wp\/v2\/types\/post"}],"author":[{"embeddable":true,"href":"https:\/\/www.genverde.it\/es\/wp-json\/wp\/v2\/users\/1"}],"replies":[{"embeddable":true,"href":"https:\/\/www.genverde.it\/es\/wp-json\/wp\/v2\/comments?post=4950"}],"version-history":[{"count":6,"href":"https:\/\/www.genverde.it\/es\/wp-json\/wp\/v2\/posts\/4950\/revisions"}],"predecessor-version":[{"id":35940,"href":"https:\/\/www.genverde.it\/es\/wp-json\/wp\/v2\/posts\/4950\/revisions\/35940"}],"wp:attachment":[{"href":"https:\/\/www.genverde.it\/es\/wp-json\/wp\/v2\/media?parent=4950"}],"wp:term":[{"taxonomy":"category","embeddable":true,"href":"https:\/\/www.genverde.it\/es\/wp-json\/wp\/v2\/categories?post=4950"},{"taxonomy":"post_tag","embeddable":true,"href":"https:\/\/www.genverde.it\/es\/wp-json\/wp\/v2\/tags?post=4950"}],"curies":[{"name":"wp","href":"https:\/\/api.w.org\/{rel}","templated":true}]}}