{"id":4993,"date":"2020-04-10T11:28:00","date_gmt":"2020-04-10T09:28:00","guid":{"rendered":"https:\/\/www.genverde.it\/viernes-santo\/"},"modified":"2025-11-25T16:21:15","modified_gmt":"2025-11-25T15:21:15","slug":"viernes-santo","status":"publish","type":"post","link":"https:\/\/www.genverde.it\/es\/viernes-santo\/","title":{"rendered":"Viernes Santo"},"content":{"rendered":"\n<figure class=\"wp-block-embed is-type-video is-provider-youtube wp-block-embed-youtube wp-embed-aspect-16-9 wp-has-aspect-ratio\"><div class=\"wp-block-embed__wrapper\">\n<iframe title=\"Gen Verde - Morning Will Come (Official Lyric Video)\" width=\"1366\" height=\"768\" src=\"https:\/\/www.youtube.com\/embed\/DbKhFDFKzDA?feature=oembed\" frameborder=\"0\" allow=\"accelerometer; autoplay; clipboard-write; encrypted-media; gyroscope; picture-in-picture\" allowfullscreen><\/iframe><script type=\"application\/ld+json\">{\n\t\t\t\t\t\t\t\t\"@context\": \"https:\/\/schema.org\",\n\t\t\t\t\t\t\t\t\"@type\": \"VideoObject\",\n\t\t\t\t\t\t\t\t\"name\": \"Gen Verde - Morning Will Come (Official Lyric Video)\", \n\t\t\t\t\t\t\t\t\"description\": \"Good Friday lies at the heart of the passion and death of Jesus.\\nHe gave everything, to the point of experiencing the most profound solitude which led him to cry out: 'my God, why have you forsaken me?'\\nYet, he entrusted Himself to the Father, transforming suffering into love.\\nThere is no place His infinite love cannot reach, not even death and forsakenness.\\nRecently, I've felt overwhelmed by so much shocking news on COVID-19. \\nBut then when I remember that Jesus on the cross has taken on himself this suffering too,  \\nI am certain that He is close to those who are suffering and that this period will be followed by a resurrection.\\n\\nThis song, 'Morning Will Come\\u201d, is taken from the album 'He's Alive'  (https:\\\/\\\/tinyurl.com\\\/ua5sks5). The Italian version \\u201cAmore abbandonato\\u201d is also available in the album 'Il mistero pasquale' (https:\\\/\\\/tinyurl.com\\\/qsdnowc) and the Spanish version \\u201cAmor abandonado\\u201d is in the album  'Vive hoy, vive aqu\\u00ed\\u201d (https:\\\/\\\/tinyurl.com\\\/sbhebfu)\\n\\n#OfficialLyricVideo #GenVerde #MorningWillCome\\n\\n(C) Gen Verde 2020\",\n\t\t\t\t\t\t\t\t\"thumbnailUrl\": \"https:\/\/i.ytimg.com\/vi\/DbKhFDFKzDA\/mqdefault.jpg\",\n\t\t\t\t\t\t\t\t\"uploadDate\": \"2020-04-10T07:45:01Z\",\n\t\t\t\t\t\t\t\t\"duration\": \"PT3M29S\",  \n\t\t\t\t\t\t\t\t\"publisher\": {\n\t\t\t\t\t\t\t\t\t\"@type\": \"Organization\",\n\t\t\t\t\t\t\t\t\t\"name\": \"Genverde\",\n\t\t\t\t\t\t\t\t\t\"logo\": {\n\t\t\t\t\t\t\t\t\t\t\"@type\": \"ImageObject\",\n\t\t\t\t\t\t\t\t\t\t\"url\": \"https:\/\/www.genverde.it\/wp-content\/uploads\/2021\/06\/logo-gen-verde-semplice.png\",\n\t\t\t\t\t\t\t\t\t\t\"width\": \"646\",\n\t\t\t\t\t\t\t\t\t\t\"height\": \"237\"\n\t\t\t\t\t\t\t\t\t}\n\t\t\t\t\t\t\t\t},\n\t\t\t\t\t\t\t\t\"embedUrl\": \"https:\/\/youtu.be\/DbKhFDFKzDA\",\n\t\t\t\t\t\t\t\t\"interactionCount\": \"31360\" \n\t\t\t\t\t\t\t}<\/script>\n<\/div><\/figure>\n\n\n<p><\/p>\n<p>El Viernes Santo nos conduce al gran abismo de la pasi\u00f3n y muerte de Jes\u00fas.<br>Jes\u00fas lo dio todo, hasta el punto de experimentar la soledad m\u00e1s profunda, y lanza un grito de Abandono.<br>No obstante, se entrega al Padre y transforma el dolor en amor.<br>No existe lugar al cual no llegue su amor extremo, ni siquiera la muerte y el abandono.<br>En este periodo me sent\u00eda aplastada ante tantas noticias dram\u00e1ticas sobre el COVID-19. Pero despu\u00e9s me acord\u00e9 que Jes\u00fas en la cruz ha tomado sobre S\u00ed tambi\u00e9n estos sufrimientos. Ahora s\u00e9 que \u00c9l est\u00e1 al lado de quienes sufren y que este tiempo dar\u00e1 paso a la Resurrecci\u00f3n.<\/p>\n<p>Link YouTube &#8211; <a href=\"https:\/\/www.youtube.com\/watch?v=DbKhFDFKzDA\" data-rel=\"prettyPhoto-video-0\" target=\"_blank\" rel=\"noopener\">https:\/\/www.youtube.com\/watch?v=DbKhFDFKzDA<\/a><\/p>","protected":false},"excerpt":{"rendered":"<p>El Viernes Santo nos conduce al gran abismo de la pasi\u00f3n y muerte de Jes\u00fas.Jes\u00fas\u2026<\/p>\n","protected":false},"author":1,"featured_media":0,"comment_status":"closed","ping_status":"open","sticky":false,"template":"","format":"standard","meta":[],"categories":[890],"tags":[],"blocksy_meta":{"styles_descriptor":{"styles":{"desktop":"","tablet":"","mobile":""},"google_fonts":[]}},"featured_image_urls":{"full":"","thumbnail":"","medium":"","medium_large":"","large":"","1536x1536":"","2048x2048":""},"post_excerpt_stackable":"<p>El Viernes Santo nos conduce al gran abismo de la pasi\u00f3n y muerte de Jes\u00fas.Jes\u00fas lo dio todo, hasta el punto de experimentar la soledad m\u00e1s profunda, y lanza un grito de Abandono.No obstante, se entrega al Padre y transforma el dolor en amor.No existe lugar al cual no llegue su amor extremo, ni siquiera la muerte y el abandono.En este periodo me sent\u00eda aplastada ante tantas noticias dram\u00e1ticas sobre el COVID-19. Pero despu\u00e9s me acord\u00e9 que Jes\u00fas en la cruz ha tomado sobre S\u00ed tambi\u00e9n estos sufrimientos. Ahora s\u00e9 que \u00c9l est\u00e1 al lado de quienes sufren y que&hellip;<\/p>\n","category_list":"<a href=\"https:\/\/www.genverde.it\/es\/category\/nuevos-lanzamientos-musicales\/\" rel=\"category tag\">Nuevos lanzamientos musicales<\/a>","author_info":{"name":"domains@trizero.it","url":"https:\/\/www.genverde.it\/es\/author\/domainstrizero-it\/"},"comments_num":"0 comentarios","yoast_head":"<!-- This site is optimized with the Yoast SEO plugin v20.10 - https:\/\/yoast.com\/wordpress\/plugins\/seo\/ -->\n<title>Viernes Santo<\/title>\n<meta name=\"robots\" content=\"index, follow, max-snippet:-1, max-image-preview:large, max-video-preview:-1\" \/>\n<link rel=\"canonical\" href=\"https:\/\/www.genverde.it\/es\/viernes-santo\/\" \/>\n<meta property=\"og:locale\" content=\"es_ES\" \/>\n<meta property=\"og:type\" content=\"article\" \/>\n<meta property=\"og:title\" content=\"Viernes Santo\" \/>\n<meta property=\"og:description\" content=\"El Viernes Santo nos conduce al gran abismo de la pasi\u00f3n y muerte de Jes\u00fas.Jes\u00fas\u2026\" \/>\n<meta property=\"og:url\" content=\"https:\/\/www.genverde.it\/es\/viernes-santo\/\" \/>\n<meta property=\"og:site_name\" content=\"Gen Verde\" \/>\n<meta property=\"article:published_time\" content=\"2020-04-10T09:28:00+00:00\" \/>\n<meta property=\"article:modified_time\" content=\"2025-11-25T15:21:15+00:00\" \/>\n<meta property=\"og:image\" content=\"https:\/\/www.genverde.it\/wp-content\/uploads\/2021\/06\/logo-gen-verde-semplice.png\" \/>\n\t<meta property=\"og:image:width\" content=\"646\" \/>\n\t<meta property=\"og:image:height\" content=\"237\" \/>\n\t<meta property=\"og:image:type\" content=\"image\/png\" \/>\n<meta name=\"author\" content=\"domains@trizero.it\" \/>\n<meta name=\"twitter:card\" content=\"summary_large_image\" \/>\n<meta name=\"twitter:label1\" content=\"Escrito por\" \/>\n\t<meta name=\"twitter:data1\" content=\"domains@trizero.it\" \/>\n\t<meta name=\"twitter:label2\" content=\"Tiempo de lectura\" \/>\n\t<meta name=\"twitter:data2\" content=\"1 minuto\" \/>\n<script type=\"application\/ld+json\" class=\"yoast-schema-graph\">{\"@context\":\"https:\/\/schema.org\",\"@graph\":[{\"@type\":\"Article\",\"@id\":\"https:\/\/www.genverde.it\/es\/viernes-santo\/#article\",\"isPartOf\":{\"@id\":\"https:\/\/www.genverde.it\/es\/viernes-santo\/\"},\"author\":{\"name\":\"domains@trizero.it\",\"@id\":\"https:\/\/www.genverde.it\/es\/#\/schema\/person\/6ecdde1503e1aac5a939c6b3d9cf61f8\"},\"headline\":\"Viernes Santo\",\"datePublished\":\"2020-04-10T09:28:00+00:00\",\"dateModified\":\"2025-11-25T15:21:15+00:00\",\"mainEntityOfPage\":{\"@id\":\"https:\/\/www.genverde.it\/es\/viernes-santo\/\"},\"wordCount\":140,\"publisher\":{\"@id\":\"https:\/\/www.genverde.it\/es\/#organization\"},\"articleSection\":[\"Nuevos lanzamientos musicales\"],\"inLanguage\":\"es\"},{\"@type\":\"WebPage\",\"@id\":\"https:\/\/www.genverde.it\/es\/viernes-santo\/\",\"url\":\"https:\/\/www.genverde.it\/es\/viernes-santo\/\",\"name\":\"Viernes Santo\",\"isPartOf\":{\"@id\":\"https:\/\/www.genverde.it\/es\/#website\"},\"datePublished\":\"2020-04-10T09:28:00+00:00\",\"dateModified\":\"2025-11-25T15:21:15+00:00\",\"breadcrumb\":{\"@id\":\"https:\/\/www.genverde.it\/es\/viernes-santo\/#breadcrumb\"},\"inLanguage\":\"es\",\"potentialAction\":[{\"@type\":\"ReadAction\",\"target\":[\"https:\/\/www.genverde.it\/es\/viernes-santo\/\"]}]},{\"@type\":\"BreadcrumbList\",\"@id\":\"https:\/\/www.genverde.it\/es\/viernes-santo\/#breadcrumb\",\"itemListElement\":[{\"@type\":\"ListItem\",\"position\":1,\"name\":\"Home\",\"item\":\"https:\/\/www.genverde.it\/es\/\"},{\"@type\":\"ListItem\",\"position\":2,\"name\":\"Viernes Santo\"}]},{\"@type\":\"WebSite\",\"@id\":\"https:\/\/www.genverde.it\/es\/#website\",\"url\":\"https:\/\/www.genverde.it\/es\/\",\"name\":\"Gen Verde\",\"description\":\"\",\"publisher\":{\"@id\":\"https:\/\/www.genverde.it\/es\/#organization\"},\"potentialAction\":[{\"@type\":\"SearchAction\",\"target\":{\"@type\":\"EntryPoint\",\"urlTemplate\":\"https:\/\/www.genverde.it\/es\/?s={search_term_string}\"},\"query-input\":\"required name=search_term_string\"}],\"inLanguage\":\"es\"},{\"@type\":\"Organization\",\"@id\":\"https:\/\/www.genverde.it\/es\/#organization\",\"name\":\"Gen Verde\",\"url\":\"https:\/\/www.genverde.it\/es\/\",\"logo\":{\"@type\":\"ImageObject\",\"inLanguage\":\"es\",\"@id\":\"https:\/\/www.genverde.it\/es\/#\/schema\/logo\/image\/\",\"url\":\"https:\/\/www.genverde.it\/wp-content\/uploads\/2021\/05\/logo-gen-verde-black.png\",\"contentUrl\":\"https:\/\/www.genverde.it\/wp-content\/uploads\/2021\/05\/logo-gen-verde-black.png\",\"width\":646,\"height\":392,\"caption\":\"Gen Verde\"},\"image\":{\"@id\":\"https:\/\/www.genverde.it\/es\/#\/schema\/logo\/image\/\"}},{\"@type\":\"Person\",\"@id\":\"https:\/\/www.genverde.it\/es\/#\/schema\/person\/6ecdde1503e1aac5a939c6b3d9cf61f8\",\"name\":\"domains@trizero.it\",\"image\":{\"@type\":\"ImageObject\",\"inLanguage\":\"es\",\"@id\":\"https:\/\/www.genverde.it\/es\/#\/schema\/person\/image\/\",\"url\":\"https:\/\/secure.gravatar.com\/avatar\/27dca0b5fa1711a07921f4e77851c7c6?s=96&d=mm&r=g\",\"contentUrl\":\"https:\/\/secure.gravatar.com\/avatar\/27dca0b5fa1711a07921f4e77851c7c6?s=96&d=mm&r=g\",\"caption\":\"domains@trizero.it\"},\"sameAs\":[\"https:\/\/genverde.trizero.it\"]}]}<\/script>\n<!-- \/ Yoast SEO plugin. -->","yoast_head_json":{"title":"Viernes Santo","robots":{"index":"index","follow":"follow","max-snippet":"max-snippet:-1","max-image-preview":"max-image-preview:large","max-video-preview":"max-video-preview:-1"},"canonical":"https:\/\/www.genverde.it\/es\/viernes-santo\/","og_locale":"es_ES","og_type":"article","og_title":"Viernes Santo","og_description":"El Viernes Santo nos conduce al gran abismo de la pasi\u00f3n y muerte de Jes\u00fas.Jes\u00fas\u2026","og_url":"https:\/\/www.genverde.it\/es\/viernes-santo\/","og_site_name":"Gen Verde","article_published_time":"2020-04-10T09:28:00+00:00","article_modified_time":"2025-11-25T15:21:15+00:00","og_image":[{"width":646,"height":237,"url":"https:\/\/www.genverde.it\/wp-content\/uploads\/2021\/06\/logo-gen-verde-semplice.png","type":"image\/png"}],"author":"domains@trizero.it","twitter_card":"summary_large_image","twitter_misc":{"Escrito por":"domains@trizero.it","Tiempo de lectura":"1 minuto"},"schema":{"@context":"https:\/\/schema.org","@graph":[{"@type":"Article","@id":"https:\/\/www.genverde.it\/es\/viernes-santo\/#article","isPartOf":{"@id":"https:\/\/www.genverde.it\/es\/viernes-santo\/"},"author":{"name":"domains@trizero.it","@id":"https:\/\/www.genverde.it\/es\/#\/schema\/person\/6ecdde1503e1aac5a939c6b3d9cf61f8"},"headline":"Viernes Santo","datePublished":"2020-04-10T09:28:00+00:00","dateModified":"2025-11-25T15:21:15+00:00","mainEntityOfPage":{"@id":"https:\/\/www.genverde.it\/es\/viernes-santo\/"},"wordCount":140,"publisher":{"@id":"https:\/\/www.genverde.it\/es\/#organization"},"articleSection":["Nuevos lanzamientos musicales"],"inLanguage":"es"},{"@type":"WebPage","@id":"https:\/\/www.genverde.it\/es\/viernes-santo\/","url":"https:\/\/www.genverde.it\/es\/viernes-santo\/","name":"Viernes Santo","isPartOf":{"@id":"https:\/\/www.genverde.it\/es\/#website"},"datePublished":"2020-04-10T09:28:00+00:00","dateModified":"2025-11-25T15:21:15+00:00","breadcrumb":{"@id":"https:\/\/www.genverde.it\/es\/viernes-santo\/#breadcrumb"},"inLanguage":"es","potentialAction":[{"@type":"ReadAction","target":["https:\/\/www.genverde.it\/es\/viernes-santo\/"]}]},{"@type":"BreadcrumbList","@id":"https:\/\/www.genverde.it\/es\/viernes-santo\/#breadcrumb","itemListElement":[{"@type":"ListItem","position":1,"name":"Home","item":"https:\/\/www.genverde.it\/es\/"},{"@type":"ListItem","position":2,"name":"Viernes Santo"}]},{"@type":"WebSite","@id":"https:\/\/www.genverde.it\/es\/#website","url":"https:\/\/www.genverde.it\/es\/","name":"Gen Verde","description":"","publisher":{"@id":"https:\/\/www.genverde.it\/es\/#organization"},"potentialAction":[{"@type":"SearchAction","target":{"@type":"EntryPoint","urlTemplate":"https:\/\/www.genverde.it\/es\/?s={search_term_string}"},"query-input":"required name=search_term_string"}],"inLanguage":"es"},{"@type":"Organization","@id":"https:\/\/www.genverde.it\/es\/#organization","name":"Gen Verde","url":"https:\/\/www.genverde.it\/es\/","logo":{"@type":"ImageObject","inLanguage":"es","@id":"https:\/\/www.genverde.it\/es\/#\/schema\/logo\/image\/","url":"https:\/\/www.genverde.it\/wp-content\/uploads\/2021\/05\/logo-gen-verde-black.png","contentUrl":"https:\/\/www.genverde.it\/wp-content\/uploads\/2021\/05\/logo-gen-verde-black.png","width":646,"height":392,"caption":"Gen Verde"},"image":{"@id":"https:\/\/www.genverde.it\/es\/#\/schema\/logo\/image\/"}},{"@type":"Person","@id":"https:\/\/www.genverde.it\/es\/#\/schema\/person\/6ecdde1503e1aac5a939c6b3d9cf61f8","name":"domains@trizero.it","image":{"@type":"ImageObject","inLanguage":"es","@id":"https:\/\/www.genverde.it\/es\/#\/schema\/person\/image\/","url":"https:\/\/secure.gravatar.com\/avatar\/27dca0b5fa1711a07921f4e77851c7c6?s=96&d=mm&r=g","contentUrl":"https:\/\/secure.gravatar.com\/avatar\/27dca0b5fa1711a07921f4e77851c7c6?s=96&d=mm&r=g","caption":"domains@trizero.it"},"sameAs":["https:\/\/genverde.trizero.it"]}]}},"_links":{"self":[{"href":"https:\/\/www.genverde.it\/es\/wp-json\/wp\/v2\/posts\/4993"}],"collection":[{"href":"https:\/\/www.genverde.it\/es\/wp-json\/wp\/v2\/posts"}],"about":[{"href":"https:\/\/www.genverde.it\/es\/wp-json\/wp\/v2\/types\/post"}],"author":[{"embeddable":true,"href":"https:\/\/www.genverde.it\/es\/wp-json\/wp\/v2\/users\/1"}],"replies":[{"embeddable":true,"href":"https:\/\/www.genverde.it\/es\/wp-json\/wp\/v2\/comments?post=4993"}],"version-history":[{"count":4,"href":"https:\/\/www.genverde.it\/es\/wp-json\/wp\/v2\/posts\/4993\/revisions"}],"predecessor-version":[{"id":36009,"href":"https:\/\/www.genverde.it\/es\/wp-json\/wp\/v2\/posts\/4993\/revisions\/36009"}],"wp:attachment":[{"href":"https:\/\/www.genverde.it\/es\/wp-json\/wp\/v2\/media?parent=4993"}],"wp:term":[{"taxonomy":"category","embeddable":true,"href":"https:\/\/www.genverde.it\/es\/wp-json\/wp\/v2\/categories?post=4993"},{"taxonomy":"post_tag","embeddable":true,"href":"https:\/\/www.genverde.it\/es\/wp-json\/wp\/v2\/tags?post=4993"}],"curies":[{"name":"wp","href":"https:\/\/api.w.org\/{rel}","templated":true}]}}