{"id":5016,"date":"2020-06-05T11:58:00","date_gmt":"2020-06-05T09:58:00","guid":{"rendered":"https:\/\/www.genverde.it\/para-dar-gracias\/"},"modified":"2025-11-25T16:20:59","modified_gmt":"2025-11-25T15:20:59","slug":"para-dar-gracias","status":"publish","type":"post","link":"https:\/\/www.genverde.it\/es\/para-dar-gracias\/","title":{"rendered":"Para dar GRACIAS"},"content":{"rendered":"\n<figure class=\"wp-block-embed is-type-video is-provider-youtube wp-block-embed-youtube wp-embed-aspect-16-9 wp-has-aspect-ratio\"><div class=\"wp-block-embed__wrapper\">\n<iframe title=\"Gen Verde - Che Siano Uno\" width=\"1366\" height=\"768\" src=\"https:\/\/www.youtube.com\/embed\/A3xuaqtkOj8?feature=oembed\" frameborder=\"0\" allow=\"accelerometer; autoplay; clipboard-write; encrypted-media; gyroscope; picture-in-picture\" allowfullscreen><\/iframe><script type=\"application\/ld+json\">{\n\t\t\t\t\t\t\t\t\"@context\": \"https:\/\/schema.org\",\n\t\t\t\t\t\t\t\t\"@type\": \"VideoObject\",\n\t\t\t\t\t\t\t\t\"name\": \"Gen Verde - Che Siano Uno (Official Video)\", \n\t\t\t\t\t\t\t\t\"description\": \"Chiara Lubich ha lasciato che il Vangelo\\nrivoluzionasse la sua vita e il suo pi\\u00f9 grande\\nsogno abbiamo scoperto essere anche il nostro:\\n\\u201cChe tutti siano una cosa sola\\u201d (Gv 17, 21).\\nUn sogno che si \\u00e8 fatto progetto di vita per\\nognuna di noi e, da questo, la spinta a raggiungere\\ntanti, in tutto il mondo, senza limiti.\\n\\nDisponibile in streaming e formato digitale:\\nhttps:\\\/\\\/imusiciandigital.lnk.to\\\/XZRhl\\n\\nPotete anche scaricare il testo e lo spartito: \\nhttps:\\\/\\\/www.genverde.it\\\/track\\\/che-siano-uno\\\/\\n\\nSeguiteci sui nostri social:\\nInstagram:  https:\\\/\\\/bit.ly\\\/2YzMgUX\\nFacebook: https:\\\/\\\/bit.ly\\\/2YTISS1\\u200b\\nTwitter: https:\\\/\\\/bit.ly\\\/34VtqIG\\u200b  \\nWebsite: https:\\\/\\\/www.genverde.it\\n\\nLa pandemia del COVID-19 ci ha costrette a sospendere i nostri concerti live, facendo venir meno una delle entrate principali della nostra economia.\\nSe riesci a darci una mano... \\nSostienici!\\nBONIFICO BANCARIO\\nConto intestato a: Gen Verde della P.A.F.O.M.\\nIBAN: IT75 R030 6909 6061 0000 0102647\\nCodice BIC: BCITITMM\\n\\n#CheSianoUno #ChiaraLubich #GenVerde #chetuttisianouno #genverdeechiaralubich #gratipersempre\\n\\n(C) Gen Verde 2020\",\n\t\t\t\t\t\t\t\t\"thumbnailUrl\": \"https:\/\/i.ytimg.com\/vi\/A3xuaqtkOj8\/mqdefault.jpg\",\n\t\t\t\t\t\t\t\t\"uploadDate\": \"2020-06-05T10:11:30Z\",\n\t\t\t\t\t\t\t\t\"duration\": \"PT4M3S\",  \n\t\t\t\t\t\t\t\t\"publisher\": {\n\t\t\t\t\t\t\t\t\t\"@type\": \"Organization\",\n\t\t\t\t\t\t\t\t\t\"name\": \"Genverde\",\n\t\t\t\t\t\t\t\t\t\"logo\": {\n\t\t\t\t\t\t\t\t\t\t\"@type\": \"ImageObject\",\n\t\t\t\t\t\t\t\t\t\t\"url\": \"https:\/\/www.genverde.it\/wp-content\/uploads\/2021\/06\/logo-gen-verde-semplice.png\",\n\t\t\t\t\t\t\t\t\t\t\"width\": \"646\",\n\t\t\t\t\t\t\t\t\t\t\"height\": \"237\"\n\t\t\t\t\t\t\t\t\t}\n\t\t\t\t\t\t\t\t},\n\t\t\t\t\t\t\t\t\"embedUrl\": \"https:\/\/youtu.be\/A3xuaqtkOj8\",\n\t\t\t\t\t\t\t\t\"interactionCount\": \"126280\" \n\t\t\t\t\t\t\t}<\/script>\n<\/div><\/figure>\n\n\n\n<p>No hay que darlo por descontado, ni es algo superficial. Dar las gracias a alguien es sencillo y profundo al mismo tiempo. Con esta intenci\u00f3n, el Gen Verde ha publicado en YouTube el nuevo video de la canci\u00f3n \u201cChe siano uno\u201d (\u201cQue sean uno\u201d). Una pieza dedicada a Chiara Lubich y a su ideal: la fraternidad universal. Un video que quiere recordarla en el a\u00f1o en que se celebra el centenario de su nacimiento.<\/p>\n\n\n\n<p>\u201cCon este video \u2013afirma Adriana de M\u00e9xico- no queremos tan s\u00f3lo conmemorar o recordar a Chiara Lubich como se hace en familia hojeando los \u00e1lbumes que hablan de eventos e historias importantes sino, sobre todo, hoy nos importa m\u00e1s que nunca que muchas personas puedan encontrarla en la sociedad de hoy, en ese suyo-nuestro ideal que se encarna en los diferentes \u00e1mbitos de la vida civil, religiosa y pol\u00edtica. La recordamos porque fue ella quien dio vida al Gen Verde, fue ella quien gui\u00f3 nuestros primeros pasos, fue ella quien nos regal\u00f3 los primeros instrumentos de los que parti\u00f3 todo. As\u00ed como a muchas de nosotras nos fascinaron sus gestos, sus palabras y su vida, ahora sentimos que debemos ser testigos aut\u00e9nticos y cre\u00edbles de su mensaje\u201d.<\/p>\n\n\n\n<p>Un fuerte ideal nacido bajo las bombas de la segunda guerra mundial, pero actual\u00edsimo a\u00fan hoy cuando la televisi\u00f3n y las redes sociales nos muestran oleadas de racismo y discriminaci\u00f3n.<\/p>\n\n\n\n<p>Si bien se est\u00e1 logrando erradicar razonablemente la emergencia por el covid-19 en algunos continentes, no es menos cierto que en otros ha crecido la brecha entre ricos y pobres, negros y blancos, entre quien puede permitirse los cuidados m\u00e9dicos necesarios para sobrevivir y los que caen como fichas de domin\u00f3 en medio de la calle.<\/p>\n\n\n\n<p>\u201cEstamos absolutamente convencidas que la fraternidad universal \u2013explica Beatrice de Corea\u2013 es posible y no es una utop\u00eda; es lo que experimentamos cotidianamente e intentamos transformar nuestras experiencias en m\u00fasica. Muchas veces se trata de cosas sencillas -aunque no hay que darlas por descontado- las que hacen caer prejuicios o barreras culturales\u201d.<\/p>\n\n\n\n<p>Es lo que hizo Chiara Lubich desde 1943, a\u00f1o de fundaci\u00f3n del Movimiento de los Focolares. Paso a paso, con constancia y tenacidad, junto a sus amigas, construy\u00f3 relaciones nuevas, profundas y al mismo tiempo revolucionarias, al principio, dentro de su ciudad (Trento) y despu\u00e9s en todo el mundo. El propio video del Gen Verde ha captado im\u00e1genes fotogr\u00e1ficas importantes: Chiara junto a jud\u00edos, sijs, hind\u00faes, musulmanes y con los l\u00edderes de dos tribus de Camer\u00fan. Im\u00e1genes que reflejan momentos hist\u00f3ricos y que permanecer\u00e1n para siempre en la historia de la humanidad.<\/p>\n\n\n\n<p>\u201cEvidentemente el gracias m\u00e1s grande que podemos dar a Chiara \u2013explica Nancy de Estados Unidos\u2013 es vivir por su ideal pero con este video queremos darle un inmenso gracias; fue ella quien nos cre\u00f3, sin ella no existir\u00eda el Gen Verde\u201d.<\/p>\n\n\n\n<p class=\"has-text-align-right\"><em>Tiziana Nicastro<\/em><\/p>\n\n\n\n<p>Para ver el video \u00a1haz clic aqu\u00ed! <a href=\"https:\/\/youtu.be\/A3xuaqtkOj8\" data-rel=\"prettyPhoto-video-0\" target=\"_blank\" rel=\"noreferrer noopener\">https:\/\/youtu.be\/A3xuaqtkOj8<\/a><\/p>\n","protected":false},"excerpt":{"rendered":"<p>Un nuevo video del Gen Verde dedicado a Chiara Lubich<\/p>\n","protected":false},"author":1,"featured_media":5017,"comment_status":"closed","ping_status":"open","sticky":false,"template":"","format":"standard","meta":[],"categories":[890],"tags":[],"blocksy_meta":{"styles_descriptor":{"styles":{"desktop":"","tablet":"","mobile":""},"google_fonts":[]}},"featured_image_urls":{"full":["https:\/\/www.genverde.it\/wp-content\/uploads\/2020\/06\/che-siano-uno-gen-verde.jpg",1024,576,false],"thumbnail":["https:\/\/www.genverde.it\/wp-content\/uploads\/2020\/06\/che-siano-uno-gen-verde-150x150.jpg",150,150,true],"medium":["https:\/\/www.genverde.it\/wp-content\/uploads\/2020\/06\/che-siano-uno-gen-verde-300x169.jpg",300,169,true],"medium_large":["https:\/\/www.genverde.it\/wp-content\/uploads\/2020\/06\/che-siano-uno-gen-verde-768x432.jpg",768,432,true],"large":["https:\/\/www.genverde.it\/wp-content\/uploads\/2020\/06\/che-siano-uno-gen-verde.jpg",1024,576,false],"1536x1536":["https:\/\/www.genverde.it\/wp-content\/uploads\/2020\/06\/che-siano-uno-gen-verde.jpg",1024,576,false],"2048x2048":["https:\/\/www.genverde.it\/wp-content\/uploads\/2020\/06\/che-siano-uno-gen-verde.jpg",1024,576,false]},"post_excerpt_stackable":"<p>Un nuevo video del Gen Verde dedicado a Chiara Lubich<\/p>\n","category_list":"<a href=\"https:\/\/www.genverde.it\/es\/category\/nuevos-lanzamientos-musicales\/\" rel=\"category tag\">Nuevos lanzamientos musicales<\/a>","author_info":{"name":"domains@trizero.it","url":"https:\/\/www.genverde.it\/es\/author\/domainstrizero-it\/"},"comments_num":"0 comentarios","yoast_head":"<!-- This site is optimized with the Yoast SEO plugin v20.10 - https:\/\/yoast.com\/wordpress\/plugins\/seo\/ -->\n<title>Para dar GRACIAS<\/title>\n<meta name=\"robots\" content=\"index, follow, max-snippet:-1, max-image-preview:large, max-video-preview:-1\" \/>\n<link rel=\"canonical\" href=\"https:\/\/www.genverde.it\/es\/para-dar-gracias\/\" \/>\n<meta property=\"og:locale\" content=\"es_ES\" \/>\n<meta property=\"og:type\" content=\"article\" \/>\n<meta property=\"og:title\" content=\"Para dar GRACIAS\" \/>\n<meta property=\"og:description\" content=\"Un nuevo video del Gen Verde dedicado a Chiara Lubich\" \/>\n<meta property=\"og:url\" content=\"https:\/\/www.genverde.it\/es\/para-dar-gracias\/\" \/>\n<meta property=\"og:site_name\" content=\"Gen Verde\" \/>\n<meta property=\"article:published_time\" content=\"2020-06-05T09:58:00+00:00\" \/>\n<meta property=\"article:modified_time\" content=\"2025-11-25T15:20:59+00:00\" \/>\n<meta property=\"og:image\" content=\"https:\/\/www.genverde.it\/wp-content\/uploads\/2020\/06\/che-siano-uno-gen-verde.jpg\" \/>\n\t<meta property=\"og:image:width\" content=\"1024\" \/>\n\t<meta property=\"og:image:height\" content=\"576\" \/>\n\t<meta property=\"og:image:type\" content=\"image\/jpeg\" \/>\n<meta name=\"author\" content=\"domains@trizero.it\" \/>\n<meta name=\"twitter:card\" content=\"summary_large_image\" \/>\n<meta name=\"twitter:label1\" content=\"Escrito por\" \/>\n\t<meta name=\"twitter:data1\" content=\"domains@trizero.it\" \/>\n\t<meta name=\"twitter:label2\" content=\"Tiempo de lectura\" \/>\n\t<meta name=\"twitter:data2\" content=\"3 minutos\" \/>\n<script type=\"application\/ld+json\" class=\"yoast-schema-graph\">{\"@context\":\"https:\/\/schema.org\",\"@graph\":[{\"@type\":\"Article\",\"@id\":\"https:\/\/www.genverde.it\/es\/para-dar-gracias\/#article\",\"isPartOf\":{\"@id\":\"https:\/\/www.genverde.it\/es\/para-dar-gracias\/\"},\"author\":{\"name\":\"domains@trizero.it\",\"@id\":\"https:\/\/www.genverde.it\/es\/#\/schema\/person\/6ecdde1503e1aac5a939c6b3d9cf61f8\"},\"headline\":\"Para dar GRACIAS\",\"datePublished\":\"2020-06-05T09:58:00+00:00\",\"dateModified\":\"2025-11-25T15:20:59+00:00\",\"mainEntityOfPage\":{\"@id\":\"https:\/\/www.genverde.it\/es\/para-dar-gracias\/\"},\"wordCount\":526,\"publisher\":{\"@id\":\"https:\/\/www.genverde.it\/es\/#organization\"},\"articleSection\":[\"Nuevos lanzamientos musicales\"],\"inLanguage\":\"es\"},{\"@type\":\"WebPage\",\"@id\":\"https:\/\/www.genverde.it\/es\/para-dar-gracias\/\",\"url\":\"https:\/\/www.genverde.it\/es\/para-dar-gracias\/\",\"name\":\"Para dar GRACIAS\",\"isPartOf\":{\"@id\":\"https:\/\/www.genverde.it\/es\/#website\"},\"datePublished\":\"2020-06-05T09:58:00+00:00\",\"dateModified\":\"2025-11-25T15:20:59+00:00\",\"breadcrumb\":{\"@id\":\"https:\/\/www.genverde.it\/es\/para-dar-gracias\/#breadcrumb\"},\"inLanguage\":\"es\",\"potentialAction\":[{\"@type\":\"ReadAction\",\"target\":[\"https:\/\/www.genverde.it\/es\/para-dar-gracias\/\"]}]},{\"@type\":\"BreadcrumbList\",\"@id\":\"https:\/\/www.genverde.it\/es\/para-dar-gracias\/#breadcrumb\",\"itemListElement\":[{\"@type\":\"ListItem\",\"position\":1,\"name\":\"Home\",\"item\":\"https:\/\/www.genverde.it\/es\/\"},{\"@type\":\"ListItem\",\"position\":2,\"name\":\"Para dar GRACIAS\"}]},{\"@type\":\"WebSite\",\"@id\":\"https:\/\/www.genverde.it\/es\/#website\",\"url\":\"https:\/\/www.genverde.it\/es\/\",\"name\":\"Gen Verde\",\"description\":\"\",\"publisher\":{\"@id\":\"https:\/\/www.genverde.it\/es\/#organization\"},\"potentialAction\":[{\"@type\":\"SearchAction\",\"target\":{\"@type\":\"EntryPoint\",\"urlTemplate\":\"https:\/\/www.genverde.it\/es\/?s={search_term_string}\"},\"query-input\":\"required name=search_term_string\"}],\"inLanguage\":\"es\"},{\"@type\":\"Organization\",\"@id\":\"https:\/\/www.genverde.it\/es\/#organization\",\"name\":\"Gen Verde\",\"url\":\"https:\/\/www.genverde.it\/es\/\",\"logo\":{\"@type\":\"ImageObject\",\"inLanguage\":\"es\",\"@id\":\"https:\/\/www.genverde.it\/es\/#\/schema\/logo\/image\/\",\"url\":\"https:\/\/www.genverde.it\/wp-content\/uploads\/2021\/05\/logo-gen-verde-black.png\",\"contentUrl\":\"https:\/\/www.genverde.it\/wp-content\/uploads\/2021\/05\/logo-gen-verde-black.png\",\"width\":646,\"height\":392,\"caption\":\"Gen Verde\"},\"image\":{\"@id\":\"https:\/\/www.genverde.it\/es\/#\/schema\/logo\/image\/\"}},{\"@type\":\"Person\",\"@id\":\"https:\/\/www.genverde.it\/es\/#\/schema\/person\/6ecdde1503e1aac5a939c6b3d9cf61f8\",\"name\":\"domains@trizero.it\",\"image\":{\"@type\":\"ImageObject\",\"inLanguage\":\"es\",\"@id\":\"https:\/\/www.genverde.it\/es\/#\/schema\/person\/image\/\",\"url\":\"https:\/\/secure.gravatar.com\/avatar\/27dca0b5fa1711a07921f4e77851c7c6?s=96&d=mm&r=g\",\"contentUrl\":\"https:\/\/secure.gravatar.com\/avatar\/27dca0b5fa1711a07921f4e77851c7c6?s=96&d=mm&r=g\",\"caption\":\"domains@trizero.it\"},\"sameAs\":[\"https:\/\/genverde.trizero.it\"]}]}<\/script>\n<!-- \/ Yoast SEO plugin. -->","yoast_head_json":{"title":"Para dar GRACIAS","robots":{"index":"index","follow":"follow","max-snippet":"max-snippet:-1","max-image-preview":"max-image-preview:large","max-video-preview":"max-video-preview:-1"},"canonical":"https:\/\/www.genverde.it\/es\/para-dar-gracias\/","og_locale":"es_ES","og_type":"article","og_title":"Para dar GRACIAS","og_description":"Un nuevo video del Gen Verde dedicado a Chiara Lubich","og_url":"https:\/\/www.genverde.it\/es\/para-dar-gracias\/","og_site_name":"Gen Verde","article_published_time":"2020-06-05T09:58:00+00:00","article_modified_time":"2025-11-25T15:20:59+00:00","og_image":[{"width":1024,"height":576,"url":"https:\/\/www.genverde.it\/wp-content\/uploads\/2020\/06\/che-siano-uno-gen-verde.jpg","type":"image\/jpeg"}],"author":"domains@trizero.it","twitter_card":"summary_large_image","twitter_misc":{"Escrito por":"domains@trizero.it","Tiempo de lectura":"3 minutos"},"schema":{"@context":"https:\/\/schema.org","@graph":[{"@type":"Article","@id":"https:\/\/www.genverde.it\/es\/para-dar-gracias\/#article","isPartOf":{"@id":"https:\/\/www.genverde.it\/es\/para-dar-gracias\/"},"author":{"name":"domains@trizero.it","@id":"https:\/\/www.genverde.it\/es\/#\/schema\/person\/6ecdde1503e1aac5a939c6b3d9cf61f8"},"headline":"Para dar GRACIAS","datePublished":"2020-06-05T09:58:00+00:00","dateModified":"2025-11-25T15:20:59+00:00","mainEntityOfPage":{"@id":"https:\/\/www.genverde.it\/es\/para-dar-gracias\/"},"wordCount":526,"publisher":{"@id":"https:\/\/www.genverde.it\/es\/#organization"},"articleSection":["Nuevos lanzamientos musicales"],"inLanguage":"es"},{"@type":"WebPage","@id":"https:\/\/www.genverde.it\/es\/para-dar-gracias\/","url":"https:\/\/www.genverde.it\/es\/para-dar-gracias\/","name":"Para dar GRACIAS","isPartOf":{"@id":"https:\/\/www.genverde.it\/es\/#website"},"datePublished":"2020-06-05T09:58:00+00:00","dateModified":"2025-11-25T15:20:59+00:00","breadcrumb":{"@id":"https:\/\/www.genverde.it\/es\/para-dar-gracias\/#breadcrumb"},"inLanguage":"es","potentialAction":[{"@type":"ReadAction","target":["https:\/\/www.genverde.it\/es\/para-dar-gracias\/"]}]},{"@type":"BreadcrumbList","@id":"https:\/\/www.genverde.it\/es\/para-dar-gracias\/#breadcrumb","itemListElement":[{"@type":"ListItem","position":1,"name":"Home","item":"https:\/\/www.genverde.it\/es\/"},{"@type":"ListItem","position":2,"name":"Para dar GRACIAS"}]},{"@type":"WebSite","@id":"https:\/\/www.genverde.it\/es\/#website","url":"https:\/\/www.genverde.it\/es\/","name":"Gen Verde","description":"","publisher":{"@id":"https:\/\/www.genverde.it\/es\/#organization"},"potentialAction":[{"@type":"SearchAction","target":{"@type":"EntryPoint","urlTemplate":"https:\/\/www.genverde.it\/es\/?s={search_term_string}"},"query-input":"required name=search_term_string"}],"inLanguage":"es"},{"@type":"Organization","@id":"https:\/\/www.genverde.it\/es\/#organization","name":"Gen Verde","url":"https:\/\/www.genverde.it\/es\/","logo":{"@type":"ImageObject","inLanguage":"es","@id":"https:\/\/www.genverde.it\/es\/#\/schema\/logo\/image\/","url":"https:\/\/www.genverde.it\/wp-content\/uploads\/2021\/05\/logo-gen-verde-black.png","contentUrl":"https:\/\/www.genverde.it\/wp-content\/uploads\/2021\/05\/logo-gen-verde-black.png","width":646,"height":392,"caption":"Gen Verde"},"image":{"@id":"https:\/\/www.genverde.it\/es\/#\/schema\/logo\/image\/"}},{"@type":"Person","@id":"https:\/\/www.genverde.it\/es\/#\/schema\/person\/6ecdde1503e1aac5a939c6b3d9cf61f8","name":"domains@trizero.it","image":{"@type":"ImageObject","inLanguage":"es","@id":"https:\/\/www.genverde.it\/es\/#\/schema\/person\/image\/","url":"https:\/\/secure.gravatar.com\/avatar\/27dca0b5fa1711a07921f4e77851c7c6?s=96&d=mm&r=g","contentUrl":"https:\/\/secure.gravatar.com\/avatar\/27dca0b5fa1711a07921f4e77851c7c6?s=96&d=mm&r=g","caption":"domains@trizero.it"},"sameAs":["https:\/\/genverde.trizero.it"]}]}},"_links":{"self":[{"href":"https:\/\/www.genverde.it\/es\/wp-json\/wp\/v2\/posts\/5016"}],"collection":[{"href":"https:\/\/www.genverde.it\/es\/wp-json\/wp\/v2\/posts"}],"about":[{"href":"https:\/\/www.genverde.it\/es\/wp-json\/wp\/v2\/types\/post"}],"author":[{"embeddable":true,"href":"https:\/\/www.genverde.it\/es\/wp-json\/wp\/v2\/users\/1"}],"replies":[{"embeddable":true,"href":"https:\/\/www.genverde.it\/es\/wp-json\/wp\/v2\/comments?post=5016"}],"version-history":[{"count":10,"href":"https:\/\/www.genverde.it\/es\/wp-json\/wp\/v2\/posts\/5016\/revisions"}],"predecessor-version":[{"id":36005,"href":"https:\/\/www.genverde.it\/es\/wp-json\/wp\/v2\/posts\/5016\/revisions\/36005"}],"wp:featuredmedia":[{"embeddable":true,"href":"https:\/\/www.genverde.it\/es\/wp-json\/wp\/v2\/media\/5017"}],"wp:attachment":[{"href":"https:\/\/www.genverde.it\/es\/wp-json\/wp\/v2\/media?parent=5016"}],"wp:term":[{"taxonomy":"category","embeddable":true,"href":"https:\/\/www.genverde.it\/es\/wp-json\/wp\/v2\/categories?post=5016"},{"taxonomy":"post_tag","embeddable":true,"href":"https:\/\/www.genverde.it\/es\/wp-json\/wp\/v2\/tags?post=5016"}],"curies":[{"name":"wp","href":"https:\/\/api.w.org\/{rel}","templated":true}]}}