{"id":13493,"date":"2021-09-03T12:52:31","date_gmt":"2021-09-03T10:52:31","guid":{"rendered":"https:\/\/www.genverde.it\/gen-verde-tour-italia-2021-si-riparte\/"},"modified":"2026-03-09T11:18:54","modified_gmt":"2026-03-09T10:18:54","slug":"gen-verde-tour-italia-2021-si-riparte","status":"publish","type":"post","link":"https:\/\/www.genverde.it\/pt\/gen-verde-tour-italia-2021-si-riparte\/","title":{"rendered":"Gen Verde Tour It\u00e1lia 2021: partimos de novo!"},"content":{"rendered":"\n<figure class=\"is-layout-flex wp-block-gallery-1 wp-block-gallery has-nested-images columns-default is-cropped\">\n<figure class=\"wp-block-image size-large\"><img decoding=\"async\" width=\"1024\" height=\"1024\" data-id=\"13370\"  src=\"https:\/\/www.genverde.it\/wp-content\/uploads\/2021\/09\/WhatsApp-Image-2021-09-02-at-17.48.21-1024x1024.jpeg\" alt=\"\" class=\"wp-image-13370\" srcset=\"https:\/\/www.genverde.it\/wp-content\/uploads\/2021\/09\/WhatsApp-Image-2021-09-02-at-17.48.21-1024x1024.jpeg 1024w, https:\/\/www.genverde.it\/wp-content\/uploads\/2021\/09\/WhatsApp-Image-2021-09-02-at-17.48.21-300x300.jpeg 300w, https:\/\/www.genverde.it\/wp-content\/uploads\/2021\/09\/WhatsApp-Image-2021-09-02-at-17.48.21-150x150.jpeg 150w, https:\/\/www.genverde.it\/wp-content\/uploads\/2021\/09\/WhatsApp-Image-2021-09-02-at-17.48.21-768x768.jpeg 768w, https:\/\/www.genverde.it\/wp-content\/uploads\/2021\/09\/WhatsApp-Image-2021-09-02-at-17.48.21.jpeg 1080w\" sizes=\"(max-width: 1024px) 100vw, 1024px\" \/><\/figure>\n<\/figure>\n\n\n\n<p>Chegou o momento t\u00e3o esperado pelo Gen Verde e por seu p\u00fablico: depois de um ano desafiador para todos e depois de muitas atividades online que nos fizeram sentir todos mais pr\u00f3ximos, est\u00e3o de volta os shows ao vivo! Come\u00e7a novamente com <strong>GEN VERDE TOUR ITALIA 2021<\/strong>: uma oportunidade para compartilhar mensagens de esperan\u00e7a e partir juntos novamente!<\/p>\n\n\n\n<p>Come\u00e7a na It\u00e1lia com algumas datas em setembro e outubro em v\u00e1rias cidades para alcan\u00e7ar, se voc\u00eas estiverem perto. Altrimenti potete seguire il tour sui social del Gen Verde dove troverete sempre foto, video e\u2026 tanti altri contenuti. <\/p>\n\n\n\n<p><em>\u201cNunca demos como garantida a presen\u00e7a do p\u00fablico nos nossos shows \u2013<\/em> explica emocionada Marita<em> \u2013 o p\u00fablico \u00e9 o fator mais importante e, tudo o que temos a dizer, se fortalece se temos algu\u00e9m diante de n\u00f3s&#8230; E ent\u00e3o, depois desses quase 2 anos parece-nos redescobrir a beleza dessa troca preciosa que \u00e9 gerada entre n\u00f3s e quem nos ouve. Os shows online foram uma pot\u00eancia que nos permitiu alcan\u00e7ar contemporaneamente muitas pessoas nos 5 continentes, mas agora n\u00e3o vemos a hora de encontrar pessoalmente todos aqueles que estavam na frente da tela<\/em>&#8220;.<\/p>\n\n\n\n<p><strong><strong>Eis as datas:<\/strong><\/strong><\/p>\n\n\n\n<p><strong>19 settembre ore 21.00 &#8211; Vicoforte (CN) <\/strong><\/p>\n\n\n\n<p>Casa Regina Montis Regalis, Piazza Carlo Emanuele I<\/p>\n\n\n\n<p><strong>25 settembre ore 20.45 &#8211; Luino (VA)<\/strong><\/p>\n\n\n\n<p>Via S. Pietro 59<br><a href=\"https:\/\/www.instagram.com\/sanluigiluino\/\">@sanluigiluino<\/a><\/p>\n\n\n\n<p><a href=\"http:\/\/www.facebook.com\/sanluigiluino\">www.facebook.com\/sanluigiluino<\/a>  <\/p>\n\n\n\n<p><strong>2 ottobre ore 21.00 &#8211; Sorbolo (PR)<\/strong><\/p>\n\n\n\n<p>Piazza della Libert\u00e0, <\/p>\n\n\n\n<p><strong>3 ottobre ore 19.45 &#8211; Bergamo (BG)<\/strong><\/p>\n\n\n\n<p>Teatro Istituto delle Suore delle Poverelle<\/p>\n\n\n\n<p>Via S. Bernardino, 56 <\/p>\n\n\n\n<p>Tel. 035-38.31.529<\/p>\n\n\n\n<p>Para maiores info: <a href=\"https:\/\/www.genverde.it\/pt\/datas\/\">https:\/\/www.genverde.it\/tour\/<\/a><\/p>\n","protected":false},"excerpt":{"rendered":"<p>Ap\u00f3s 18 meses de lockdown, come\u00e7am os shows ao vivo.<\/p>\n","protected":false},"author":6,"featured_media":13372,"comment_status":"closed","ping_status":"open","sticky":false,"template":"","format":"standard","meta":[],"categories":[887],"tags":[],"blocksy_meta":{"styles_descriptor":{"styles":{"desktop":"","tablet":"","mobile":""},"google_fonts":[]}},"featured_image_urls":{"full":["https:\/\/www.genverde.it\/wp-content\/uploads\/2021\/09\/WhatsApp-Image-2021-09-02-at-17.48.21.jpeg",1080,1080,false],"thumbnail":["https:\/\/www.genverde.it\/wp-content\/uploads\/2021\/09\/WhatsApp-Image-2021-09-02-at-17.48.21-150x150.jpeg",150,150,true],"medium":["https:\/\/www.genverde.it\/wp-content\/uploads\/2021\/09\/WhatsApp-Image-2021-09-02-at-17.48.21-300x300.jpeg",300,300,true],"medium_large":["https:\/\/www.genverde.it\/wp-content\/uploads\/2021\/09\/WhatsApp-Image-2021-09-02-at-17.48.21-768x768.jpeg",768,768,true],"large":["https:\/\/www.genverde.it\/wp-content\/uploads\/2021\/09\/WhatsApp-Image-2021-09-02-at-17.48.21-1024x1024.jpeg",1024,1024,true],"1536x1536":["https:\/\/www.genverde.it\/wp-content\/uploads\/2021\/09\/WhatsApp-Image-2021-09-02-at-17.48.21.jpeg",1080,1080,false],"2048x2048":["https:\/\/www.genverde.it\/wp-content\/uploads\/2021\/09\/WhatsApp-Image-2021-09-02-at-17.48.21.jpeg",1080,1080,false]},"post_excerpt_stackable":"<p>Ap\u00f3s 18 meses de lockdown, come\u00e7am os shows ao vivo.<\/p>\n","category_list":"<a href=\"https:\/\/www.genverde.it\/pt\/category\/tours-e-viagens\/\" rel=\"category tag\">Tours e viagens<\/a>","author_info":{"name":"Mileni Pastore","url":"https:\/\/www.genverde.it\/pt\/author\/mileni-pastore\/"},"comments_num":"0 comments","yoast_head":"<!-- This site is optimized with the Yoast SEO plugin v20.10 - https:\/\/yoast.com\/wordpress\/plugins\/seo\/ -->\n<title>Gen Verde Tour It\u00e1lia 2021: partimos de novo!<\/title>\n<meta name=\"robots\" content=\"index, follow, max-snippet:-1, max-image-preview:large, max-video-preview:-1\" \/>\n<link rel=\"canonical\" href=\"https:\/\/www.genverde.it\/pt\/gen-verde-tour-italia-2021-si-riparte\/\" \/>\n<meta property=\"og:locale\" content=\"pt_PT\" \/>\n<meta property=\"og:type\" content=\"article\" \/>\n<meta property=\"og:title\" content=\"Gen Verde Tour It\u00e1lia 2021: partimos de novo!\" \/>\n<meta property=\"og:description\" content=\"Ap\u00f3s 18 meses de lockdown, come\u00e7am os shows ao vivo.\" \/>\n<meta property=\"og:url\" content=\"https:\/\/www.genverde.it\/pt\/gen-verde-tour-italia-2021-si-riparte\/\" \/>\n<meta property=\"og:site_name\" content=\"Gen Verde\" \/>\n<meta property=\"article:published_time\" content=\"2021-09-03T10:52:31+00:00\" \/>\n<meta property=\"article:modified_time\" content=\"2026-03-09T10:18:54+00:00\" \/>\n<meta property=\"og:image\" content=\"https:\/\/www.genverde.it\/wp-content\/uploads\/2021\/09\/WhatsApp-Image-2021-09-02-at-17.48.21.jpeg\" \/>\n\t<meta property=\"og:image:width\" content=\"1080\" \/>\n\t<meta property=\"og:image:height\" content=\"1080\" \/>\n\t<meta property=\"og:image:type\" content=\"image\/jpeg\" \/>\n<meta name=\"author\" content=\"Mileni Pastore\" \/>\n<meta name=\"twitter:card\" content=\"summary_large_image\" \/>\n<meta name=\"twitter:label1\" content=\"Written by\" \/>\n\t<meta name=\"twitter:data1\" content=\"Mileni Pastore\" \/>\n<script type=\"application\/ld+json\" class=\"yoast-schema-graph\">{\"@context\":\"https:\/\/schema.org\",\"@graph\":[{\"@type\":\"Article\",\"@id\":\"https:\/\/www.genverde.it\/pt\/gen-verde-tour-italia-2021-si-riparte\/#article\",\"isPartOf\":{\"@id\":\"https:\/\/www.genverde.it\/pt\/gen-verde-tour-italia-2021-si-riparte\/\"},\"author\":{\"name\":\"Mileni Pastore\",\"@id\":\"https:\/\/www.genverde.it\/pt\/#\/schema\/person\/d09c1222513aa65afd82c391277e40d8\"},\"headline\":\"Gen Verde Tour It\u00e1lia 2021: partimos de novo!\",\"datePublished\":\"2021-09-03T10:52:31+00:00\",\"dateModified\":\"2026-03-09T10:18:54+00:00\",\"mainEntityOfPage\":{\"@id\":\"https:\/\/www.genverde.it\/pt\/gen-verde-tour-italia-2021-si-riparte\/\"},\"wordCount\":273,\"publisher\":{\"@id\":\"https:\/\/www.genverde.it\/pt\/#organization\"},\"articleSection\":[\"Tours e viagens\"],\"inLanguage\":\"pt\"},{\"@type\":\"WebPage\",\"@id\":\"https:\/\/www.genverde.it\/pt\/gen-verde-tour-italia-2021-si-riparte\/\",\"url\":\"https:\/\/www.genverde.it\/pt\/gen-verde-tour-italia-2021-si-riparte\/\",\"name\":\"Gen Verde Tour It\u00e1lia 2021: partimos de novo!\",\"isPartOf\":{\"@id\":\"https:\/\/www.genverde.it\/pt\/#website\"},\"datePublished\":\"2021-09-03T10:52:31+00:00\",\"dateModified\":\"2026-03-09T10:18:54+00:00\",\"breadcrumb\":{\"@id\":\"https:\/\/www.genverde.it\/pt\/gen-verde-tour-italia-2021-si-riparte\/#breadcrumb\"},\"inLanguage\":\"pt\",\"potentialAction\":[{\"@type\":\"ReadAction\",\"target\":[\"https:\/\/www.genverde.it\/pt\/gen-verde-tour-italia-2021-si-riparte\/\"]}]},{\"@type\":\"BreadcrumbList\",\"@id\":\"https:\/\/www.genverde.it\/pt\/gen-verde-tour-italia-2021-si-riparte\/#breadcrumb\",\"itemListElement\":[{\"@type\":\"ListItem\",\"position\":1,\"name\":\"Home\",\"item\":\"https:\/\/www.genverde.it\/pt\/\"},{\"@type\":\"ListItem\",\"position\":2,\"name\":\"Gen Verde Tour It\u00e1lia 2021: partimos de novo!\"}]},{\"@type\":\"WebSite\",\"@id\":\"https:\/\/www.genverde.it\/pt\/#website\",\"url\":\"https:\/\/www.genverde.it\/pt\/\",\"name\":\"Gen Verde\",\"description\":\"\",\"publisher\":{\"@id\":\"https:\/\/www.genverde.it\/pt\/#organization\"},\"potentialAction\":[{\"@type\":\"SearchAction\",\"target\":{\"@type\":\"EntryPoint\",\"urlTemplate\":\"https:\/\/www.genverde.it\/pt\/?s={search_term_string}\"},\"query-input\":\"required name=search_term_string\"}],\"inLanguage\":\"pt\"},{\"@type\":\"Organization\",\"@id\":\"https:\/\/www.genverde.it\/pt\/#organization\",\"name\":\"Gen Verde\",\"url\":\"https:\/\/www.genverde.it\/pt\/\",\"logo\":{\"@type\":\"ImageObject\",\"inLanguage\":\"pt\",\"@id\":\"https:\/\/www.genverde.it\/pt\/#\/schema\/logo\/image\/\",\"url\":\"https:\/\/www.genverde.it\/wp-content\/uploads\/2021\/05\/logo-gen-verde-black.png\",\"contentUrl\":\"https:\/\/www.genverde.it\/wp-content\/uploads\/2021\/05\/logo-gen-verde-black.png\",\"width\":646,\"height\":392,\"caption\":\"Gen Verde\"},\"image\":{\"@id\":\"https:\/\/www.genverde.it\/pt\/#\/schema\/logo\/image\/\"}},{\"@type\":\"Person\",\"@id\":\"https:\/\/www.genverde.it\/pt\/#\/schema\/person\/d09c1222513aa65afd82c391277e40d8\",\"name\":\"Mileni Pastore\",\"image\":{\"@type\":\"ImageObject\",\"inLanguage\":\"pt\",\"@id\":\"https:\/\/www.genverde.it\/pt\/#\/schema\/person\/image\/\",\"url\":\"https:\/\/secure.gravatar.com\/avatar\/5b1321f1539f5d0ea2d3f3f40135c229?s=96&d=mm&r=g\",\"contentUrl\":\"https:\/\/secure.gravatar.com\/avatar\/5b1321f1539f5d0ea2d3f3f40135c229?s=96&d=mm&r=g\",\"caption\":\"Mileni Pastore\"}}]}<\/script>\n<!-- \/ Yoast SEO plugin. -->","yoast_head_json":{"title":"Gen Verde Tour It\u00e1lia 2021: partimos de novo!","robots":{"index":"index","follow":"follow","max-snippet":"max-snippet:-1","max-image-preview":"max-image-preview:large","max-video-preview":"max-video-preview:-1"},"canonical":"https:\/\/www.genverde.it\/pt\/gen-verde-tour-italia-2021-si-riparte\/","og_locale":"pt_PT","og_type":"article","og_title":"Gen Verde Tour It\u00e1lia 2021: partimos de novo!","og_description":"Ap\u00f3s 18 meses de lockdown, come\u00e7am os shows ao vivo.","og_url":"https:\/\/www.genverde.it\/pt\/gen-verde-tour-italia-2021-si-riparte\/","og_site_name":"Gen Verde","article_published_time":"2021-09-03T10:52:31+00:00","article_modified_time":"2026-03-09T10:18:54+00:00","og_image":[{"width":1080,"height":1080,"url":"https:\/\/www.genverde.it\/wp-content\/uploads\/2021\/09\/WhatsApp-Image-2021-09-02-at-17.48.21.jpeg","type":"image\/jpeg"}],"author":"Mileni Pastore","twitter_card":"summary_large_image","twitter_misc":{"Written by":"Mileni Pastore"},"schema":{"@context":"https:\/\/schema.org","@graph":[{"@type":"Article","@id":"https:\/\/www.genverde.it\/pt\/gen-verde-tour-italia-2021-si-riparte\/#article","isPartOf":{"@id":"https:\/\/www.genverde.it\/pt\/gen-verde-tour-italia-2021-si-riparte\/"},"author":{"name":"Mileni Pastore","@id":"https:\/\/www.genverde.it\/pt\/#\/schema\/person\/d09c1222513aa65afd82c391277e40d8"},"headline":"Gen Verde Tour It\u00e1lia 2021: partimos de novo!","datePublished":"2021-09-03T10:52:31+00:00","dateModified":"2026-03-09T10:18:54+00:00","mainEntityOfPage":{"@id":"https:\/\/www.genverde.it\/pt\/gen-verde-tour-italia-2021-si-riparte\/"},"wordCount":273,"publisher":{"@id":"https:\/\/www.genverde.it\/pt\/#organization"},"articleSection":["Tours e viagens"],"inLanguage":"pt"},{"@type":"WebPage","@id":"https:\/\/www.genverde.it\/pt\/gen-verde-tour-italia-2021-si-riparte\/","url":"https:\/\/www.genverde.it\/pt\/gen-verde-tour-italia-2021-si-riparte\/","name":"Gen Verde Tour It\u00e1lia 2021: partimos de novo!","isPartOf":{"@id":"https:\/\/www.genverde.it\/pt\/#website"},"datePublished":"2021-09-03T10:52:31+00:00","dateModified":"2026-03-09T10:18:54+00:00","breadcrumb":{"@id":"https:\/\/www.genverde.it\/pt\/gen-verde-tour-italia-2021-si-riparte\/#breadcrumb"},"inLanguage":"pt","potentialAction":[{"@type":"ReadAction","target":["https:\/\/www.genverde.it\/pt\/gen-verde-tour-italia-2021-si-riparte\/"]}]},{"@type":"BreadcrumbList","@id":"https:\/\/www.genverde.it\/pt\/gen-verde-tour-italia-2021-si-riparte\/#breadcrumb","itemListElement":[{"@type":"ListItem","position":1,"name":"Home","item":"https:\/\/www.genverde.it\/pt\/"},{"@type":"ListItem","position":2,"name":"Gen Verde Tour It\u00e1lia 2021: partimos de novo!"}]},{"@type":"WebSite","@id":"https:\/\/www.genverde.it\/pt\/#website","url":"https:\/\/www.genverde.it\/pt\/","name":"Gen Verde","description":"","publisher":{"@id":"https:\/\/www.genverde.it\/pt\/#organization"},"potentialAction":[{"@type":"SearchAction","target":{"@type":"EntryPoint","urlTemplate":"https:\/\/www.genverde.it\/pt\/?s={search_term_string}"},"query-input":"required name=search_term_string"}],"inLanguage":"pt"},{"@type":"Organization","@id":"https:\/\/www.genverde.it\/pt\/#organization","name":"Gen Verde","url":"https:\/\/www.genverde.it\/pt\/","logo":{"@type":"ImageObject","inLanguage":"pt","@id":"https:\/\/www.genverde.it\/pt\/#\/schema\/logo\/image\/","url":"https:\/\/www.genverde.it\/wp-content\/uploads\/2021\/05\/logo-gen-verde-black.png","contentUrl":"https:\/\/www.genverde.it\/wp-content\/uploads\/2021\/05\/logo-gen-verde-black.png","width":646,"height":392,"caption":"Gen Verde"},"image":{"@id":"https:\/\/www.genverde.it\/pt\/#\/schema\/logo\/image\/"}},{"@type":"Person","@id":"https:\/\/www.genverde.it\/pt\/#\/schema\/person\/d09c1222513aa65afd82c391277e40d8","name":"Mileni Pastore","image":{"@type":"ImageObject","inLanguage":"pt","@id":"https:\/\/www.genverde.it\/pt\/#\/schema\/person\/image\/","url":"https:\/\/secure.gravatar.com\/avatar\/5b1321f1539f5d0ea2d3f3f40135c229?s=96&d=mm&r=g","contentUrl":"https:\/\/secure.gravatar.com\/avatar\/5b1321f1539f5d0ea2d3f3f40135c229?s=96&d=mm&r=g","caption":"Mileni Pastore"}}]}},"_links":{"self":[{"href":"https:\/\/www.genverde.it\/pt\/wp-json\/wp\/v2\/posts\/13493"}],"collection":[{"href":"https:\/\/www.genverde.it\/pt\/wp-json\/wp\/v2\/posts"}],"about":[{"href":"https:\/\/www.genverde.it\/pt\/wp-json\/wp\/v2\/types\/post"}],"author":[{"embeddable":true,"href":"https:\/\/www.genverde.it\/pt\/wp-json\/wp\/v2\/users\/6"}],"replies":[{"embeddable":true,"href":"https:\/\/www.genverde.it\/pt\/wp-json\/wp\/v2\/comments?post=13493"}],"version-history":[{"count":5,"href":"https:\/\/www.genverde.it\/pt\/wp-json\/wp\/v2\/posts\/13493\/revisions"}],"predecessor-version":[{"id":35955,"href":"https:\/\/www.genverde.it\/pt\/wp-json\/wp\/v2\/posts\/13493\/revisions\/35955"}],"wp:featuredmedia":[{"embeddable":true,"href":"https:\/\/www.genverde.it\/pt\/wp-json\/wp\/v2\/media\/13372"}],"wp:attachment":[{"href":"https:\/\/www.genverde.it\/pt\/wp-json\/wp\/v2\/media?parent=13493"}],"wp:term":[{"taxonomy":"category","embeddable":true,"href":"https:\/\/www.genverde.it\/pt\/wp-json\/wp\/v2\/categories?post=13493"},{"taxonomy":"post_tag","embeddable":true,"href":"https:\/\/www.genverde.it\/pt\/wp-json\/wp\/v2\/tags?post=13493"}],"curies":[{"name":"wp","href":"https:\/\/api.w.org\/{rel}","templated":true}]}}