{"id":15845,"date":"2021-11-26T19:31:30","date_gmt":"2021-11-26T18:31:30","guid":{"rendered":"https:\/\/www.genverde.it\/?p=15845"},"modified":"2026-03-09T11:18:32","modified_gmt":"2026-03-09T10:18:32","slug":"o-presente-de-natal-do-gen-verde","status":"publish","type":"post","link":"https:\/\/www.genverde.it\/pt\/o-presente-de-natal-do-gen-verde\/","title":{"rendered":"Gen Verde: &#8220;Dio con Noi, Emmanuel&#8221;"},"content":{"rendered":"\n<figure class=\"wp-block-embed is-type-video is-provider-youtube wp-block-embed-youtube wp-embed-aspect-16-9 wp-has-aspect-ratio\"><div class=\"wp-block-embed__wrapper\">\n<iframe title=\"Dio con noi, Emmanuel (Official Lyric Video)\" width=\"1366\" height=\"768\" src=\"https:\/\/www.youtube.com\/embed\/9Ln9995JMYQ?feature=oembed\" frameborder=\"0\" allow=\"accelerometer; autoplay; clipboard-write; encrypted-media; gyroscope; picture-in-picture\" allowfullscreen><\/iframe><script type=\"application\/ld+json\">{\n\t\t\t\t\t\t\t\t\"@context\": \"https:\/\/schema.org\",\n\t\t\t\t\t\t\t\t\"@type\": \"VideoObject\",\n\t\t\t\t\t\t\t\t\"name\": \"Gen Verde - Dio con noi, Emmanuel (Official Lyric Video) | Tutto parla di te (Preghiera in musica)\", \n\t\t\t\t\t\t\t\t\"description\": \"Gen Verde - Dio con noi, Emmanuel (Official Lyric Video) | Tutto parla di te (Preghiera in musica)\\nCon questa canzone vogliamo comunicare la gioia, la pace e la bellezza del Natale: vogliamo celebrare questo Dio Bambino e farGli trovare casa nei nostri cuori perch\\u00e9 si \\u00e8 fatto migrante e povero per stare con noi e per amarci fino a dare la vita.\\n\\nDisponibile in streaming e formato digitale: \\nhttps:\\\/\\\/iMusicianDigital.lnk.to\\\/FT4J6N0r\\n\\nPotete anche scaricare il testo e lo spartito: \\nhttps:\\\/\\\/www.genverde.it\\\/track\\\/dio-con-noi-emmanuel\\\/\\n\\nSeguici sui social:\\nInstagram:  https:\\\/\\\/bit.ly\\\/3lNlT4S\\nFacebook: https:\\\/\\\/bit.ly\\\/2YTISS1\\nTwitter: https:\\\/\\\/bit.ly\\\/34VtqIG  \\nWebsite: https:\\\/\\\/www.genverde.it\\n\\n\\nIl Gen Verde \\u00e8 un multiartistic arts performing group formato oggi da 19 componenti di 14 nazioni: Argentina, Brasile, Canada, Corea del Sud, El Salvador, M\\u00e9xico, Irlanda del Nord, Italia, Malesia, Panama, Portogallo, Stati Uniti, Venezuela.\\nUn gruppo da sempre costituito al femminile nel quale l'internazionalit\\u00e0 porta nella produzione artistica le sonorit\\u00e0 dei diversi Paesi, l'originalit\\u00e0 e vivacit\\u00e0 delle diverse culture.\\n\\nIl Gen Verde ha sede a Loppiano (Firenze), cittadella internazionale del Movimento dei Focolari, dove si \\u00e8 formato nel 1966, quando un gruppo di ragazze ricevettero in dono da Chiara Lubich una batteria verde. \\nIl gruppo, unendo nel nome il colore verde della batteria con l'acronimo gen -- generazione nuova - vuole contribuire, attraverso l'ambito artistico, alla realizzazione dell'unit\\u00e0 tra uomini e popoli.\\n\\n#GenVerde #DioconnoiEmmanuel #Natale #new #news #song #christmasmusic #christmassong  #canzone #release  #hope #MerryChristmas #Natal #Navidad #familia #famiglia #FelizNavidad #BuonNatale #BounNatal #Christmas \\n\\n(C) Gen Verde 2021\",\n\t\t\t\t\t\t\t\t\"thumbnailUrl\": \"https:\/\/i.ytimg.com\/vi\/9Ln9995JMYQ\/mqdefault.jpg\",\n\t\t\t\t\t\t\t\t\"uploadDate\": \"2021-11-26T16:00:09Z\",\n\t\t\t\t\t\t\t\t\"duration\": \"PT4M10S\",  \n\t\t\t\t\t\t\t\t\"publisher\": {\n\t\t\t\t\t\t\t\t\t\"@type\": \"Organization\",\n\t\t\t\t\t\t\t\t\t\"name\": \"Genverde\",\n\t\t\t\t\t\t\t\t\t\"logo\": {\n\t\t\t\t\t\t\t\t\t\t\"@type\": \"ImageObject\",\n\t\t\t\t\t\t\t\t\t\t\"url\": \"https:\/\/www.genverde.it\/wp-content\/uploads\/2021\/06\/logo-gen-verde-semplice.png\",\n\t\t\t\t\t\t\t\t\t\t\"width\": \"646\",\n\t\t\t\t\t\t\t\t\t\t\"height\": \"237\"\n\t\t\t\t\t\t\t\t\t}\n\t\t\t\t\t\t\t\t},\n\t\t\t\t\t\t\t\t\"embedUrl\": \"https:\/\/youtu.be\/9Ln9995JMYQ\",\n\t\t\t\t\t\t\t\t\"interactionCount\": \"511418\" \n\t\t\t\t\t\t\t}<\/script>\n<\/div><\/figure>\n\n\n\n<p>Prontos para comemorar o Natal com presentes e surpresas? Entre luzes, decora\u00e7\u00f5es e can\u00e7\u00f5es natalinas, o Gen Verde n\u00e3o fica para tr\u00e1s de fato, sempre na primeira fila, desta vez apresenta o seu \u00faltimo presente <strong><em>Deus conosco, Emmanuel<\/em><\/strong> vers\u00e3o italiana da can\u00e7\u00e3o lan\u00e7ada no ano passado, <em>Child of Light.<\/em> <\/p>\n\n\n\n<p>\u201cQueremos comunicar a alegria, a paz e a beleza do nascimento que celebramos no Natal\u201d, explica Colomba Bai. \u00abQueremos celebrar este Deus Menino e faz\u00ea-lo encontrar casa nos nossos cora\u00e7\u00f5es porque se fez migrante, pobre para estar conosco e para nos amar at\u00e9 dar a sua vida\u00bb.<\/p>\n\n\n\n<p>Depois do sucesso de <a href=\"https:\/\/www.youtube.com\/watch?v=EUG6KnGxpcc\" data-rel=\"prettyPhoto-video-0\"><em>Chiamati per Nome<\/em><\/a> &#8211; que tem mais de 400 mil visualiza\u00e7\u00f5es no YouTube &#8211; o Gen Verde quer doar \u00e0s par\u00f3quias, aos coros e aos grupos de jovens da It\u00e1lia, esta nova can\u00e7\u00e3o&#8230; a tempo de aprender e poder cant\u00e1-la no Natal!<\/p>\n\n\n\n<p>\u201cTrabalhamos intensamente &#8211; explica Alessandra Pasquali \u2013 solicitadas por pedidos que chegavam de diferentes partes da It\u00e1lia e estamos realmente muito felizes em poder oferecer este novo texto. Para n\u00f3s se trata de estar perto de muitas pessoas atrav\u00e9s da m\u00fasica, certas de que cada palavra pode chegar diretamente ao cora\u00e7\u00e3o e este \u00e9 o maior presente que podemos dar \u00e0 todos no Natal\u201d.<\/p>\n\n\n\n<p>Ser\u00e1 poss\u00edvel ouvir a m\u00fasica em todas as plataformas de m\u00fasica digital e tamb\u00e9m no YouTube, onde lan\u00e7amos o <a href=\"https:\/\/www.youtube.com\/watch?v=9Ln9995JMYQ\" data-rel=\"prettyPhoto-video-1\">v\u00eddeo lyrics<\/a> para poder aprender facilmente a letra. E n\u00e3o s\u00f3 isso! Podem tamb\u00e9m <a href=\"https:\/\/www.genverde.it\/pt\/track\/dio-con-noi-emmanuel\/\">baixar a partitura<\/a>! N\u00e3o vemos a hora para saber quem vai conseguir!<\/p>\n","protected":false},"excerpt":{"rendered":"<p>&#8220;Dio con Noi, Emmanuel&#8221; a vers\u00e3o italiana da m\u00fasica &#8220;Child of Light&#8221;.<\/p>\n","protected":false},"author":6,"featured_media":14957,"comment_status":"closed","ping_status":"open","sticky":false,"template":"","format":"standard","meta":[],"categories":[889],"tags":[479,477,478,476,68],"blocksy_meta":{"styles_descriptor":{"styles":{"desktop":"","tablet":"","mobile":""},"google_fonts":[]}},"featured_image_urls":{"full":["https:\/\/www.genverde.it\/wp-content\/uploads\/2021\/11\/2021-11-Dio-con-noi.jpg",2500,2500,false],"thumbnail":["https:\/\/www.genverde.it\/wp-content\/uploads\/2021\/11\/2021-11-Dio-con-noi-150x150.jpg",150,150,true],"medium":["https:\/\/www.genverde.it\/wp-content\/uploads\/2021\/11\/2021-11-Dio-con-noi-300x300.jpg",300,300,true],"medium_large":["https:\/\/www.genverde.it\/wp-content\/uploads\/2021\/11\/2021-11-Dio-con-noi-768x768.jpg",768,768,true],"large":["https:\/\/www.genverde.it\/wp-content\/uploads\/2021\/11\/2021-11-Dio-con-noi-1024x1024.jpg",1024,1024,true],"1536x1536":["https:\/\/www.genverde.it\/wp-content\/uploads\/2021\/11\/2021-11-Dio-con-noi-1536x1536.jpg",1536,1536,true],"2048x2048":["https:\/\/www.genverde.it\/wp-content\/uploads\/2021\/11\/2021-11-Dio-con-noi-2048x2048.jpg",2048,2048,true]},"post_excerpt_stackable":"<p>&#8220;Dio con Noi, Emmanuel&#8221; a vers\u00e3o italiana da m\u00fasica &#8220;Child of Light&#8221;.<\/p>\n","category_list":"<a href=\"https:\/\/www.genverde.it\/pt\/category\/novos-lancamentos-musicais\/\" rel=\"category tag\">Novos lan\u00e7amentos musicais<\/a>","author_info":{"name":"Mileni Pastore","url":"https:\/\/www.genverde.it\/pt\/author\/mileni-pastore\/"},"comments_num":"0 comments","yoast_head":"<!-- This site is optimized with the Yoast SEO plugin v20.10 - https:\/\/yoast.com\/wordpress\/plugins\/seo\/ -->\n<title>Gen Verde: &quot;Dio con Noi, Emmanuel&quot;<\/title>\n<meta name=\"description\" content=\"Gen Verde apresenta seu mais recente presente: &quot;Dio con Noi, Emmanuel&quot; a vers\u00e3o italiana da m\u00fasica lan\u00e7ada no ano passado, &quot;Child of Light&quot;\" \/>\n<meta name=\"robots\" content=\"index, follow, max-snippet:-1, max-image-preview:large, max-video-preview:-1\" \/>\n<link rel=\"canonical\" href=\"https:\/\/www.genverde.it\/pt\/o-presente-de-natal-do-gen-verde\/\" \/>\n<meta property=\"og:locale\" content=\"pt_PT\" \/>\n<meta property=\"og:type\" content=\"article\" \/>\n<meta property=\"og:title\" content=\"Gen Verde: &quot;Dio con Noi, Emmanuel&quot;\" \/>\n<meta property=\"og:description\" content=\"Gen Verde apresenta seu mais recente presente: &quot;Dio con Noi, Emmanuel&quot; a vers\u00e3o italiana da m\u00fasica lan\u00e7ada no ano passado, &quot;Child of Light&quot;\" \/>\n<meta property=\"og:url\" content=\"https:\/\/www.genverde.it\/pt\/o-presente-de-natal-do-gen-verde\/\" \/>\n<meta property=\"og:site_name\" content=\"Gen Verde\" \/>\n<meta property=\"article:published_time\" content=\"2021-11-26T18:31:30+00:00\" \/>\n<meta property=\"article:modified_time\" content=\"2026-03-09T10:18:32+00:00\" \/>\n<meta property=\"og:image\" content=\"https:\/\/www.genverde.it\/wp-content\/uploads\/2021\/11\/2021-11-Dio-con-noi.jpg\" \/>\n\t<meta property=\"og:image:width\" content=\"2500\" \/>\n\t<meta property=\"og:image:height\" content=\"2500\" \/>\n\t<meta property=\"og:image:type\" content=\"image\/jpeg\" \/>\n<meta name=\"author\" content=\"Mileni Pastore\" \/>\n<meta name=\"twitter:card\" content=\"summary_large_image\" \/>\n<meta name=\"twitter:label1\" content=\"Written by\" \/>\n\t<meta name=\"twitter:data1\" content=\"Mileni Pastore\" \/>\n\t<meta name=\"twitter:label2\" content=\"Est. reading time\" \/>\n\t<meta name=\"twitter:data2\" content=\"2 minutes\" \/>\n<script type=\"application\/ld+json\" class=\"yoast-schema-graph\">{\"@context\":\"https:\/\/schema.org\",\"@graph\":[{\"@type\":\"Article\",\"@id\":\"https:\/\/www.genverde.it\/pt\/o-presente-de-natal-do-gen-verde\/#article\",\"isPartOf\":{\"@id\":\"https:\/\/www.genverde.it\/pt\/o-presente-de-natal-do-gen-verde\/\"},\"author\":{\"name\":\"Mileni Pastore\",\"@id\":\"https:\/\/www.genverde.it\/pt\/#\/schema\/person\/d09c1222513aa65afd82c391277e40d8\"},\"headline\":\"Gen Verde: &#8220;Dio con Noi, Emmanuel&#8221;\",\"datePublished\":\"2021-11-26T18:31:30+00:00\",\"dateModified\":\"2026-03-09T10:18:32+00:00\",\"mainEntityOfPage\":{\"@id\":\"https:\/\/www.genverde.it\/pt\/o-presente-de-natal-do-gen-verde\/\"},\"wordCount\":289,\"publisher\":{\"@id\":\"https:\/\/www.genverde.it\/pt\/#organization\"},\"keywords\":[\"brano natalizio\",\"can\u00e7\u00e3o de natal\",\"child of light\",\"dio con noi emmanuel\",\"gen verde\"],\"articleSection\":[\"Novos lan\u00e7amentos musicais\"],\"inLanguage\":\"pt\"},{\"@type\":\"WebPage\",\"@id\":\"https:\/\/www.genverde.it\/pt\/o-presente-de-natal-do-gen-verde\/\",\"url\":\"https:\/\/www.genverde.it\/pt\/o-presente-de-natal-do-gen-verde\/\",\"name\":\"Gen Verde: \\\"Dio con Noi, Emmanuel\\\"\",\"isPartOf\":{\"@id\":\"https:\/\/www.genverde.it\/pt\/#website\"},\"datePublished\":\"2021-11-26T18:31:30+00:00\",\"dateModified\":\"2026-03-09T10:18:32+00:00\",\"description\":\"Gen Verde apresenta seu mais recente presente: \\\"Dio con Noi, Emmanuel\\\" a vers\u00e3o italiana da m\u00fasica lan\u00e7ada no ano passado, \\\"Child of Light\\\"\",\"breadcrumb\":{\"@id\":\"https:\/\/www.genverde.it\/pt\/o-presente-de-natal-do-gen-verde\/#breadcrumb\"},\"inLanguage\":\"pt\",\"potentialAction\":[{\"@type\":\"ReadAction\",\"target\":[\"https:\/\/www.genverde.it\/pt\/o-presente-de-natal-do-gen-verde\/\"]}]},{\"@type\":\"BreadcrumbList\",\"@id\":\"https:\/\/www.genverde.it\/pt\/o-presente-de-natal-do-gen-verde\/#breadcrumb\",\"itemListElement\":[{\"@type\":\"ListItem\",\"position\":1,\"name\":\"Home\",\"item\":\"https:\/\/www.genverde.it\/pt\/\"},{\"@type\":\"ListItem\",\"position\":2,\"name\":\"Gen Verde: &#8220;Dio con Noi, Emmanuel&#8221;\"}]},{\"@type\":\"WebSite\",\"@id\":\"https:\/\/www.genverde.it\/pt\/#website\",\"url\":\"https:\/\/www.genverde.it\/pt\/\",\"name\":\"Gen Verde\",\"description\":\"\",\"publisher\":{\"@id\":\"https:\/\/www.genverde.it\/pt\/#organization\"},\"potentialAction\":[{\"@type\":\"SearchAction\",\"target\":{\"@type\":\"EntryPoint\",\"urlTemplate\":\"https:\/\/www.genverde.it\/pt\/?s={search_term_string}\"},\"query-input\":\"required name=search_term_string\"}],\"inLanguage\":\"pt\"},{\"@type\":\"Organization\",\"@id\":\"https:\/\/www.genverde.it\/pt\/#organization\",\"name\":\"Gen Verde\",\"url\":\"https:\/\/www.genverde.it\/pt\/\",\"logo\":{\"@type\":\"ImageObject\",\"inLanguage\":\"pt\",\"@id\":\"https:\/\/www.genverde.it\/pt\/#\/schema\/logo\/image\/\",\"url\":\"https:\/\/www.genverde.it\/wp-content\/uploads\/2021\/05\/logo-gen-verde-black.png\",\"contentUrl\":\"https:\/\/www.genverde.it\/wp-content\/uploads\/2021\/05\/logo-gen-verde-black.png\",\"width\":646,\"height\":392,\"caption\":\"Gen Verde\"},\"image\":{\"@id\":\"https:\/\/www.genverde.it\/pt\/#\/schema\/logo\/image\/\"}},{\"@type\":\"Person\",\"@id\":\"https:\/\/www.genverde.it\/pt\/#\/schema\/person\/d09c1222513aa65afd82c391277e40d8\",\"name\":\"Mileni Pastore\",\"image\":{\"@type\":\"ImageObject\",\"inLanguage\":\"pt\",\"@id\":\"https:\/\/www.genverde.it\/pt\/#\/schema\/person\/image\/\",\"url\":\"https:\/\/secure.gravatar.com\/avatar\/5b1321f1539f5d0ea2d3f3f40135c229?s=96&d=mm&r=g\",\"contentUrl\":\"https:\/\/secure.gravatar.com\/avatar\/5b1321f1539f5d0ea2d3f3f40135c229?s=96&d=mm&r=g\",\"caption\":\"Mileni Pastore\"}}]}<\/script>\n<!-- \/ Yoast SEO plugin. -->","yoast_head_json":{"title":"Gen Verde: \"Dio con Noi, Emmanuel\"","description":"Gen Verde apresenta seu mais recente presente: \"Dio con Noi, Emmanuel\" a vers\u00e3o italiana da m\u00fasica lan\u00e7ada no ano passado, \"Child of Light\"","robots":{"index":"index","follow":"follow","max-snippet":"max-snippet:-1","max-image-preview":"max-image-preview:large","max-video-preview":"max-video-preview:-1"},"canonical":"https:\/\/www.genverde.it\/pt\/o-presente-de-natal-do-gen-verde\/","og_locale":"pt_PT","og_type":"article","og_title":"Gen Verde: \"Dio con Noi, Emmanuel\"","og_description":"Gen Verde apresenta seu mais recente presente: \"Dio con Noi, Emmanuel\" a vers\u00e3o italiana da m\u00fasica lan\u00e7ada no ano passado, \"Child of Light\"","og_url":"https:\/\/www.genverde.it\/pt\/o-presente-de-natal-do-gen-verde\/","og_site_name":"Gen Verde","article_published_time":"2021-11-26T18:31:30+00:00","article_modified_time":"2026-03-09T10:18:32+00:00","og_image":[{"width":2500,"height":2500,"url":"https:\/\/www.genverde.it\/wp-content\/uploads\/2021\/11\/2021-11-Dio-con-noi.jpg","type":"image\/jpeg"}],"author":"Mileni Pastore","twitter_card":"summary_large_image","twitter_misc":{"Written by":"Mileni Pastore","Est. reading time":"2 minutes"},"schema":{"@context":"https:\/\/schema.org","@graph":[{"@type":"Article","@id":"https:\/\/www.genverde.it\/pt\/o-presente-de-natal-do-gen-verde\/#article","isPartOf":{"@id":"https:\/\/www.genverde.it\/pt\/o-presente-de-natal-do-gen-verde\/"},"author":{"name":"Mileni Pastore","@id":"https:\/\/www.genverde.it\/pt\/#\/schema\/person\/d09c1222513aa65afd82c391277e40d8"},"headline":"Gen Verde: &#8220;Dio con Noi, Emmanuel&#8221;","datePublished":"2021-11-26T18:31:30+00:00","dateModified":"2026-03-09T10:18:32+00:00","mainEntityOfPage":{"@id":"https:\/\/www.genverde.it\/pt\/o-presente-de-natal-do-gen-verde\/"},"wordCount":289,"publisher":{"@id":"https:\/\/www.genverde.it\/pt\/#organization"},"keywords":["brano natalizio","can\u00e7\u00e3o de natal","child of light","dio con noi emmanuel","gen verde"],"articleSection":["Novos lan\u00e7amentos musicais"],"inLanguage":"pt"},{"@type":"WebPage","@id":"https:\/\/www.genverde.it\/pt\/o-presente-de-natal-do-gen-verde\/","url":"https:\/\/www.genverde.it\/pt\/o-presente-de-natal-do-gen-verde\/","name":"Gen Verde: \"Dio con Noi, Emmanuel\"","isPartOf":{"@id":"https:\/\/www.genverde.it\/pt\/#website"},"datePublished":"2021-11-26T18:31:30+00:00","dateModified":"2026-03-09T10:18:32+00:00","description":"Gen Verde apresenta seu mais recente presente: \"Dio con Noi, Emmanuel\" a vers\u00e3o italiana da m\u00fasica lan\u00e7ada no ano passado, \"Child of Light\"","breadcrumb":{"@id":"https:\/\/www.genverde.it\/pt\/o-presente-de-natal-do-gen-verde\/#breadcrumb"},"inLanguage":"pt","potentialAction":[{"@type":"ReadAction","target":["https:\/\/www.genverde.it\/pt\/o-presente-de-natal-do-gen-verde\/"]}]},{"@type":"BreadcrumbList","@id":"https:\/\/www.genverde.it\/pt\/o-presente-de-natal-do-gen-verde\/#breadcrumb","itemListElement":[{"@type":"ListItem","position":1,"name":"Home","item":"https:\/\/www.genverde.it\/pt\/"},{"@type":"ListItem","position":2,"name":"Gen Verde: &#8220;Dio con Noi, Emmanuel&#8221;"}]},{"@type":"WebSite","@id":"https:\/\/www.genverde.it\/pt\/#website","url":"https:\/\/www.genverde.it\/pt\/","name":"Gen Verde","description":"","publisher":{"@id":"https:\/\/www.genverde.it\/pt\/#organization"},"potentialAction":[{"@type":"SearchAction","target":{"@type":"EntryPoint","urlTemplate":"https:\/\/www.genverde.it\/pt\/?s={search_term_string}"},"query-input":"required name=search_term_string"}],"inLanguage":"pt"},{"@type":"Organization","@id":"https:\/\/www.genverde.it\/pt\/#organization","name":"Gen Verde","url":"https:\/\/www.genverde.it\/pt\/","logo":{"@type":"ImageObject","inLanguage":"pt","@id":"https:\/\/www.genverde.it\/pt\/#\/schema\/logo\/image\/","url":"https:\/\/www.genverde.it\/wp-content\/uploads\/2021\/05\/logo-gen-verde-black.png","contentUrl":"https:\/\/www.genverde.it\/wp-content\/uploads\/2021\/05\/logo-gen-verde-black.png","width":646,"height":392,"caption":"Gen Verde"},"image":{"@id":"https:\/\/www.genverde.it\/pt\/#\/schema\/logo\/image\/"}},{"@type":"Person","@id":"https:\/\/www.genverde.it\/pt\/#\/schema\/person\/d09c1222513aa65afd82c391277e40d8","name":"Mileni Pastore","image":{"@type":"ImageObject","inLanguage":"pt","@id":"https:\/\/www.genverde.it\/pt\/#\/schema\/person\/image\/","url":"https:\/\/secure.gravatar.com\/avatar\/5b1321f1539f5d0ea2d3f3f40135c229?s=96&d=mm&r=g","contentUrl":"https:\/\/secure.gravatar.com\/avatar\/5b1321f1539f5d0ea2d3f3f40135c229?s=96&d=mm&r=g","caption":"Mileni Pastore"}}]}},"_links":{"self":[{"href":"https:\/\/www.genverde.it\/pt\/wp-json\/wp\/v2\/posts\/15845"}],"collection":[{"href":"https:\/\/www.genverde.it\/pt\/wp-json\/wp\/v2\/posts"}],"about":[{"href":"https:\/\/www.genverde.it\/pt\/wp-json\/wp\/v2\/types\/post"}],"author":[{"embeddable":true,"href":"https:\/\/www.genverde.it\/pt\/wp-json\/wp\/v2\/users\/6"}],"replies":[{"embeddable":true,"href":"https:\/\/www.genverde.it\/pt\/wp-json\/wp\/v2\/comments?post=15845"}],"version-history":[{"count":4,"href":"https:\/\/www.genverde.it\/pt\/wp-json\/wp\/v2\/posts\/15845\/revisions"}],"predecessor-version":[{"id":35966,"href":"https:\/\/www.genverde.it\/pt\/wp-json\/wp\/v2\/posts\/15845\/revisions\/35966"}],"wp:featuredmedia":[{"embeddable":true,"href":"https:\/\/www.genverde.it\/pt\/wp-json\/wp\/v2\/media\/14957"}],"wp:attachment":[{"href":"https:\/\/www.genverde.it\/pt\/wp-json\/wp\/v2\/media?parent=15845"}],"wp:term":[{"taxonomy":"category","embeddable":true,"href":"https:\/\/www.genverde.it\/pt\/wp-json\/wp\/v2\/categories?post=15845"},{"taxonomy":"post_tag","embeddable":true,"href":"https:\/\/www.genverde.it\/pt\/wp-json\/wp\/v2\/tags?post=15845"}],"curies":[{"name":"wp","href":"https:\/\/api.w.org\/{rel}","templated":true}]}}