{"id":18543,"date":"2022-01-30T08:00:00","date_gmt":"2022-01-30T07:00:00","guid":{"rendered":"https:\/\/www.genverde.it\/gen-verde-in-concert-ce-aria-di-novita\/"},"modified":"2025-11-25T15:53:44","modified_gmt":"2025-11-25T14:53:44","slug":"gen-verde-tour-2022","status":"publish","type":"post","link":"https:\/\/www.genverde.it\/pt\/gen-verde-tour-2022\/","title":{"rendered":"Gen Verde Tour 2022"},"content":{"rendered":"\n<figure class=\"is-layout-flex wp-block-gallery-1 wp-block-gallery has-nested-images columns-default is-cropped\">\n<figure class=\"wp-block-image size-large\"><img decoding=\"async\" width=\"1024\" height=\"576\" data-id=\"18340\"  src=\"https:\/\/www.genverde.it\/wp-content\/uploads\/2022\/02\/GenVerde_TOUR_2022_FB-S-1024x576.jpg\" alt=\"\" class=\"wp-image-18340\" srcset=\"https:\/\/www.genverde.it\/wp-content\/uploads\/2022\/02\/GenVerde_TOUR_2022_FB-S-1024x576.jpg 1024w, https:\/\/www.genverde.it\/wp-content\/uploads\/2022\/02\/GenVerde_TOUR_2022_FB-S-300x169.jpg 300w, https:\/\/www.genverde.it\/wp-content\/uploads\/2022\/02\/GenVerde_TOUR_2022_FB-S-768x432.jpg 768w, https:\/\/www.genverde.it\/wp-content\/uploads\/2022\/02\/GenVerde_TOUR_2022_FB-S-1536x864.jpg 1536w, https:\/\/www.genverde.it\/wp-content\/uploads\/2022\/02\/GenVerde_TOUR_2022_FB-S-2048x1152.jpg 2048w\" sizes=\"(max-width: 1024px) 100vw, 1024px\" \/><\/figure>\n<\/figure>\n\n\n\n<p>Partir novamente juntas mais compactas do que nunca! Uma ideia clara aquela que a Gen Verde mergulha no novo ano. Ainda estamos no in\u00edcio, e ainda assim se pensa e se planeja&#8230; o calend\u00e1rio, como se fosse um tabuleiro de xadrez, repleto de compromissos e shows e a primavera parece logo ali. \u201cDepois de dois anos de pandemia j\u00e1 n\u00e3o somos as mesmas &#8211; explica Beatrice An, uma das compositoras do Gen Verde &#8211; e por isso estamos renovando o <strong>nosso show<\/strong>: m\u00fasicas, luzes, coreografias, v\u00eddeos, figurinos\u2026 tudo\u201d.<\/p>\n\n\n\n<p>\u201cUma escolha ditada por um grande desejo &#8211; continua Beatrice An &#8211; comunicar mais e melhor quem somos, os valores em que acreditamos e pelos quais estamos prontas para nos colocarmos em jogo\u201d. A <strong>mensagem n\u00e3o muda: um mundo unido \u00e9 poss\u00edvel<\/strong>. Ainda hoje, ainda agora, quando os contextos mudam e o foco \u00e9 renovado.<\/p>\n\n\n\n<p>Para inspirar est\u00e3o a <strong>autenticidade, a proximidade, as rela\u00e7\u00f5es verdadeiras, a interculturalidade, a diversidade<\/strong>&#8230; sem deixar de lado a <strong>criatividade<\/strong>. &#8220;\u00c9 por isso &#8211; explica Colomba Bai \u2013 que estamos trabalhando para que tenha um maior envolvimento do p\u00fablico e mais espontaneidade nos nossos shows. Durante a pandemia, foi libertada uma onda de criatividade e&#8230; n\u00e3o resta que mergulharmos juntas no espect\u00e1culo!\u201d.<\/p>\n\n\n\n<p>Onde? <strong>Aqui est\u00e3o os concertos confirmados<\/strong> at\u00e9 agora. Mas continuem a seguir-nos porque ainda estamos construindo a <strong>nossa tourn\u00ea pela Europa!<\/strong><\/p>\n","protected":false},"excerpt":{"rendered":"<p>Ano novo, toun\u00ea nova.<\/p>\n","protected":false},"author":6,"featured_media":18347,"comment_status":"closed","ping_status":"closed","sticky":false,"template":"","format":"standard","meta":[],"categories":[887],"tags":[68,78,457,456],"blocksy_meta":{"styles_descriptor":{"styles":{"desktop":"","tablet":"","mobile":""},"google_fonts":[]}},"featured_image_urls":{"full":["https:\/\/www.genverde.it\/wp-content\/uploads\/2022\/02\/GenVerde_TOUR_2022_Sito.jpg",1080,800,false],"thumbnail":["https:\/\/www.genverde.it\/wp-content\/uploads\/2022\/02\/GenVerde_TOUR_2022_Sito-150x150.jpg",150,150,true],"medium":["https:\/\/www.genverde.it\/wp-content\/uploads\/2022\/02\/GenVerde_TOUR_2022_Sito-300x222.jpg",300,222,true],"medium_large":["https:\/\/www.genverde.it\/wp-content\/uploads\/2022\/02\/GenVerde_TOUR_2022_Sito-768x569.jpg",768,569,true],"large":["https:\/\/www.genverde.it\/wp-content\/uploads\/2022\/02\/GenVerde_TOUR_2022_Sito-1024x759.jpg",1024,759,true],"1536x1536":["https:\/\/www.genverde.it\/wp-content\/uploads\/2022\/02\/GenVerde_TOUR_2022_Sito.jpg",1080,800,false],"2048x2048":["https:\/\/www.genverde.it\/wp-content\/uploads\/2022\/02\/GenVerde_TOUR_2022_Sito.jpg",1080,800,false]},"post_excerpt_stackable":"<p>Ano novo, toun\u00ea nova.<\/p>\n","category_list":"<a href=\"https:\/\/www.genverde.it\/pt\/category\/tours-e-viagens\/\" rel=\"category tag\">Tours e viagens<\/a>","author_info":{"name":"Mileni Pastore","url":"https:\/\/www.genverde.it\/pt\/author\/mileni-pastore\/"},"comments_num":"0 comments","yoast_head":"<!-- This site is optimized with the Yoast SEO plugin v20.10 - https:\/\/yoast.com\/wordpress\/plugins\/seo\/ -->\n<title>Gern Verde in Concert<\/title>\n<meta name=\"description\" content=\"Nova turn\u00ea do Gen Verde para 2022\" \/>\n<meta name=\"robots\" content=\"index, follow, max-snippet:-1, max-image-preview:large, max-video-preview:-1\" \/>\n<link rel=\"canonical\" href=\"https:\/\/www.genverde.it\/pt\/gen-verde-tour-2022\/\" \/>\n<meta property=\"og:locale\" content=\"pt_PT\" \/>\n<meta property=\"og:type\" content=\"article\" \/>\n<meta property=\"og:title\" content=\"Gern Verde in Concert\" \/>\n<meta property=\"og:description\" content=\"Nova turn\u00ea do Gen Verde para 2022\" \/>\n<meta property=\"og:url\" content=\"https:\/\/www.genverde.it\/pt\/gen-verde-tour-2022\/\" \/>\n<meta property=\"og:site_name\" content=\"Gen Verde\" \/>\n<meta property=\"article:published_time\" content=\"2022-01-30T07:00:00+00:00\" \/>\n<meta property=\"article:modified_time\" content=\"2025-11-25T14:53:44+00:00\" \/>\n<meta property=\"og:image\" content=\"https:\/\/www.genverde.it\/wp-content\/uploads\/2022\/02\/GenVerde_TOUR_2022_Sito.jpg\" \/>\n\t<meta property=\"og:image:width\" content=\"1080\" \/>\n\t<meta property=\"og:image:height\" content=\"800\" \/>\n\t<meta property=\"og:image:type\" content=\"image\/jpeg\" \/>\n<meta name=\"author\" content=\"Mileni Pastore\" \/>\n<meta name=\"twitter:card\" content=\"summary_large_image\" \/>\n<meta name=\"twitter:label1\" content=\"Written by\" \/>\n\t<meta name=\"twitter:data1\" content=\"Mileni Pastore\" \/>\n\t<meta name=\"twitter:label2\" content=\"Est. reading time\" \/>\n\t<meta name=\"twitter:data2\" content=\"2 minutes\" \/>\n<script type=\"application\/ld+json\" class=\"yoast-schema-graph\">{\"@context\":\"https:\/\/schema.org\",\"@graph\":[{\"@type\":\"Article\",\"@id\":\"https:\/\/www.genverde.it\/pt\/gen-verde-tour-2022\/#article\",\"isPartOf\":{\"@id\":\"https:\/\/www.genverde.it\/pt\/gen-verde-tour-2022\/\"},\"author\":{\"name\":\"Mileni Pastore\",\"@id\":\"https:\/\/www.genverde.it\/pt\/#\/schema\/person\/d09c1222513aa65afd82c391277e40d8\"},\"headline\":\"Gen Verde Tour 2022\",\"datePublished\":\"2022-01-30T07:00:00+00:00\",\"dateModified\":\"2025-11-25T14:53:44+00:00\",\"mainEntityOfPage\":{\"@id\":\"https:\/\/www.genverde.it\/pt\/gen-verde-tour-2022\/\"},\"wordCount\":238,\"publisher\":{\"@id\":\"https:\/\/www.genverde.it\/pt\/#organization\"},\"keywords\":[\"gen verde\",\"gen verde tour\",\"gen verde tour 2022\",\"tour 2022\"],\"articleSection\":[\"Tours e viagens\"],\"inLanguage\":\"pt\"},{\"@type\":\"WebPage\",\"@id\":\"https:\/\/www.genverde.it\/pt\/gen-verde-tour-2022\/\",\"url\":\"https:\/\/www.genverde.it\/pt\/gen-verde-tour-2022\/\",\"name\":\"Gern Verde in Concert\",\"isPartOf\":{\"@id\":\"https:\/\/www.genverde.it\/pt\/#website\"},\"datePublished\":\"2022-01-30T07:00:00+00:00\",\"dateModified\":\"2025-11-25T14:53:44+00:00\",\"description\":\"Nova turn\u00ea do Gen Verde para 2022\",\"breadcrumb\":{\"@id\":\"https:\/\/www.genverde.it\/pt\/gen-verde-tour-2022\/#breadcrumb\"},\"inLanguage\":\"pt\",\"potentialAction\":[{\"@type\":\"ReadAction\",\"target\":[\"https:\/\/www.genverde.it\/pt\/gen-verde-tour-2022\/\"]}]},{\"@type\":\"BreadcrumbList\",\"@id\":\"https:\/\/www.genverde.it\/pt\/gen-verde-tour-2022\/#breadcrumb\",\"itemListElement\":[{\"@type\":\"ListItem\",\"position\":1,\"name\":\"Home\",\"item\":\"https:\/\/www.genverde.it\/pt\/\"},{\"@type\":\"ListItem\",\"position\":2,\"name\":\"Gen Verde Tour 2022\"}]},{\"@type\":\"WebSite\",\"@id\":\"https:\/\/www.genverde.it\/pt\/#website\",\"url\":\"https:\/\/www.genverde.it\/pt\/\",\"name\":\"Gen Verde\",\"description\":\"\",\"publisher\":{\"@id\":\"https:\/\/www.genverde.it\/pt\/#organization\"},\"potentialAction\":[{\"@type\":\"SearchAction\",\"target\":{\"@type\":\"EntryPoint\",\"urlTemplate\":\"https:\/\/www.genverde.it\/pt\/?s={search_term_string}\"},\"query-input\":\"required name=search_term_string\"}],\"inLanguage\":\"pt\"},{\"@type\":\"Organization\",\"@id\":\"https:\/\/www.genverde.it\/pt\/#organization\",\"name\":\"Gen Verde\",\"url\":\"https:\/\/www.genverde.it\/pt\/\",\"logo\":{\"@type\":\"ImageObject\",\"inLanguage\":\"pt\",\"@id\":\"https:\/\/www.genverde.it\/pt\/#\/schema\/logo\/image\/\",\"url\":\"https:\/\/www.genverde.it\/wp-content\/uploads\/2021\/05\/logo-gen-verde-black.png\",\"contentUrl\":\"https:\/\/www.genverde.it\/wp-content\/uploads\/2021\/05\/logo-gen-verde-black.png\",\"width\":646,\"height\":392,\"caption\":\"Gen Verde\"},\"image\":{\"@id\":\"https:\/\/www.genverde.it\/pt\/#\/schema\/logo\/image\/\"}},{\"@type\":\"Person\",\"@id\":\"https:\/\/www.genverde.it\/pt\/#\/schema\/person\/d09c1222513aa65afd82c391277e40d8\",\"name\":\"Mileni Pastore\",\"image\":{\"@type\":\"ImageObject\",\"inLanguage\":\"pt\",\"@id\":\"https:\/\/www.genverde.it\/pt\/#\/schema\/person\/image\/\",\"url\":\"https:\/\/secure.gravatar.com\/avatar\/5b1321f1539f5d0ea2d3f3f40135c229?s=96&d=mm&r=g\",\"contentUrl\":\"https:\/\/secure.gravatar.com\/avatar\/5b1321f1539f5d0ea2d3f3f40135c229?s=96&d=mm&r=g\",\"caption\":\"Mileni Pastore\"}}]}<\/script>\n<!-- \/ Yoast SEO plugin. -->","yoast_head_json":{"title":"Gern Verde in Concert","description":"Nova turn\u00ea do Gen Verde para 2022","robots":{"index":"index","follow":"follow","max-snippet":"max-snippet:-1","max-image-preview":"max-image-preview:large","max-video-preview":"max-video-preview:-1"},"canonical":"https:\/\/www.genverde.it\/pt\/gen-verde-tour-2022\/","og_locale":"pt_PT","og_type":"article","og_title":"Gern Verde in Concert","og_description":"Nova turn\u00ea do Gen Verde para 2022","og_url":"https:\/\/www.genverde.it\/pt\/gen-verde-tour-2022\/","og_site_name":"Gen Verde","article_published_time":"2022-01-30T07:00:00+00:00","article_modified_time":"2025-11-25T14:53:44+00:00","og_image":[{"width":1080,"height":800,"url":"https:\/\/www.genverde.it\/wp-content\/uploads\/2022\/02\/GenVerde_TOUR_2022_Sito.jpg","type":"image\/jpeg"}],"author":"Mileni Pastore","twitter_card":"summary_large_image","twitter_misc":{"Written by":"Mileni Pastore","Est. reading time":"2 minutes"},"schema":{"@context":"https:\/\/schema.org","@graph":[{"@type":"Article","@id":"https:\/\/www.genverde.it\/pt\/gen-verde-tour-2022\/#article","isPartOf":{"@id":"https:\/\/www.genverde.it\/pt\/gen-verde-tour-2022\/"},"author":{"name":"Mileni Pastore","@id":"https:\/\/www.genverde.it\/pt\/#\/schema\/person\/d09c1222513aa65afd82c391277e40d8"},"headline":"Gen Verde Tour 2022","datePublished":"2022-01-30T07:00:00+00:00","dateModified":"2025-11-25T14:53:44+00:00","mainEntityOfPage":{"@id":"https:\/\/www.genverde.it\/pt\/gen-verde-tour-2022\/"},"wordCount":238,"publisher":{"@id":"https:\/\/www.genverde.it\/pt\/#organization"},"keywords":["gen verde","gen verde tour","gen verde tour 2022","tour 2022"],"articleSection":["Tours e viagens"],"inLanguage":"pt"},{"@type":"WebPage","@id":"https:\/\/www.genverde.it\/pt\/gen-verde-tour-2022\/","url":"https:\/\/www.genverde.it\/pt\/gen-verde-tour-2022\/","name":"Gern Verde in Concert","isPartOf":{"@id":"https:\/\/www.genverde.it\/pt\/#website"},"datePublished":"2022-01-30T07:00:00+00:00","dateModified":"2025-11-25T14:53:44+00:00","description":"Nova turn\u00ea do Gen Verde para 2022","breadcrumb":{"@id":"https:\/\/www.genverde.it\/pt\/gen-verde-tour-2022\/#breadcrumb"},"inLanguage":"pt","potentialAction":[{"@type":"ReadAction","target":["https:\/\/www.genverde.it\/pt\/gen-verde-tour-2022\/"]}]},{"@type":"BreadcrumbList","@id":"https:\/\/www.genverde.it\/pt\/gen-verde-tour-2022\/#breadcrumb","itemListElement":[{"@type":"ListItem","position":1,"name":"Home","item":"https:\/\/www.genverde.it\/pt\/"},{"@type":"ListItem","position":2,"name":"Gen Verde Tour 2022"}]},{"@type":"WebSite","@id":"https:\/\/www.genverde.it\/pt\/#website","url":"https:\/\/www.genverde.it\/pt\/","name":"Gen Verde","description":"","publisher":{"@id":"https:\/\/www.genverde.it\/pt\/#organization"},"potentialAction":[{"@type":"SearchAction","target":{"@type":"EntryPoint","urlTemplate":"https:\/\/www.genverde.it\/pt\/?s={search_term_string}"},"query-input":"required name=search_term_string"}],"inLanguage":"pt"},{"@type":"Organization","@id":"https:\/\/www.genverde.it\/pt\/#organization","name":"Gen Verde","url":"https:\/\/www.genverde.it\/pt\/","logo":{"@type":"ImageObject","inLanguage":"pt","@id":"https:\/\/www.genverde.it\/pt\/#\/schema\/logo\/image\/","url":"https:\/\/www.genverde.it\/wp-content\/uploads\/2021\/05\/logo-gen-verde-black.png","contentUrl":"https:\/\/www.genverde.it\/wp-content\/uploads\/2021\/05\/logo-gen-verde-black.png","width":646,"height":392,"caption":"Gen Verde"},"image":{"@id":"https:\/\/www.genverde.it\/pt\/#\/schema\/logo\/image\/"}},{"@type":"Person","@id":"https:\/\/www.genverde.it\/pt\/#\/schema\/person\/d09c1222513aa65afd82c391277e40d8","name":"Mileni Pastore","image":{"@type":"ImageObject","inLanguage":"pt","@id":"https:\/\/www.genverde.it\/pt\/#\/schema\/person\/image\/","url":"https:\/\/secure.gravatar.com\/avatar\/5b1321f1539f5d0ea2d3f3f40135c229?s=96&d=mm&r=g","contentUrl":"https:\/\/secure.gravatar.com\/avatar\/5b1321f1539f5d0ea2d3f3f40135c229?s=96&d=mm&r=g","caption":"Mileni Pastore"}}]}},"_links":{"self":[{"href":"https:\/\/www.genverde.it\/pt\/wp-json\/wp\/v2\/posts\/18543"}],"collection":[{"href":"https:\/\/www.genverde.it\/pt\/wp-json\/wp\/v2\/posts"}],"about":[{"href":"https:\/\/www.genverde.it\/pt\/wp-json\/wp\/v2\/types\/post"}],"author":[{"embeddable":true,"href":"https:\/\/www.genverde.it\/pt\/wp-json\/wp\/v2\/users\/6"}],"replies":[{"embeddable":true,"href":"https:\/\/www.genverde.it\/pt\/wp-json\/wp\/v2\/comments?post=18543"}],"version-history":[{"count":4,"href":"https:\/\/www.genverde.it\/pt\/wp-json\/wp\/v2\/posts\/18543\/revisions"}],"predecessor-version":[{"id":35958,"href":"https:\/\/www.genverde.it\/pt\/wp-json\/wp\/v2\/posts\/18543\/revisions\/35958"}],"wp:featuredmedia":[{"embeddable":true,"href":"https:\/\/www.genverde.it\/pt\/wp-json\/wp\/v2\/media\/18347"}],"wp:attachment":[{"href":"https:\/\/www.genverde.it\/pt\/wp-json\/wp\/v2\/media?parent=18543"}],"wp:term":[{"taxonomy":"category","embeddable":true,"href":"https:\/\/www.genverde.it\/pt\/wp-json\/wp\/v2\/categories?post=18543"},{"taxonomy":"post_tag","embeddable":true,"href":"https:\/\/www.genverde.it\/pt\/wp-json\/wp\/v2\/tags?post=18543"}],"curies":[{"name":"wp","href":"https:\/\/api.w.org\/{rel}","templated":true}]}}