{"id":3643,"date":"2021-04-20T17:43:00","date_gmt":"2021-04-20T15:43:00","guid":{"rendered":"https:\/\/www.genverde.it\/apoie-nos-2021\/"},"modified":"2025-11-25T15:46:32","modified_gmt":"2025-11-25T14:46:32","slug":"apoie-nos-2021","status":"publish","type":"post","link":"https:\/\/www.genverde.it\/pt\/apoie-nos-2021\/","title":{"rendered":"Apoie-nos"},"content":{"rendered":"<div class=\"wp-block-image\">\n<figure class=\"aligncenter size-large\"><img decoding=\"async\" src=\"https:\/\/www.genverde.it\/wp-content\/uploads\/2021\/12\/Dona-2021-1024x576.jpg\" alt=\"\" class=\"wp-image-3152\"\/><\/figure><\/div>\n\n\n<p><strong>Mais de um ano se passou desde nosso \u00faltimo concerto devido \u00e0 pandemia do COVID-19 que nos for\u00e7ou a suspender os nossos shows ao vivo, fazendo com que diminuisse uma das principais receitas de nossa economia.<\/strong><\/p>\n\n\n\n<p>Agradecemos a todos que nos apoiaram tamb\u00e9m com doa\u00e7\u00f5es. Todos os tipos de contribui\u00e7\u00e3o foram muito apreciadas, mesmo as menores.<\/p>\n\n\n\n<p>Al\u00e9m disso, talvez nem todos saibam que cada vez que voc\u00ea Curtiu os nossos posts, tocou uma de nossas m\u00fasicas ou compartilhou um de nossos v\u00eddeos, tamb\u00e9m deste modo voc\u00eas nos apoiaram!<br>\u00c9 por isso que lan\u00e7amos a campanha #GenVerde \/ Play \u25b6\ufe0f Curtir \u2764\ufe0f Compartilhar ?<br>\u25b6\ufe0f Reproduza as nossas m\u00fasicas e assista os nossos v\u00eddeos!<br>\u2764\ufe0f Coloque Curtir em nossos posts, m\u00fasicas e v\u00eddeo!<br>? Compartilhe o nosso conte\u00fado com os teus amigos e familiares!<\/p>\n\n\n\n<p><strong>N\u00e3o queremos deixar de oferecer, atrav\u00e9s de nossas produ\u00e7\u00f5es nascidas do Evangelho vividos, testemunhos de fraternidade e sementes de esperan\u00e7a, t\u00e3o urgentes nestes tempos dif\u00edceis. Voc\u00ea tamb\u00e9m pode colaborar neste canteiro de obras.<\/strong><\/p>\n\n\n\n<p><strong>APOIE-NOS<\/strong><\/p>\n\n\n\n<p><strong>\u00c9 GRA\u00c7AS \u00c0 SUA CONTRIBUI\u00c7\u00c3O QUE PODEMOS CONTINUAR A<\/strong><\/p>\n\n\n\n<p>\u2022 oferecer momentos de compartilhamento abertos \u00e0 todos (como breves shows de streaming, di\u00e1logos com quem os solicita, etc.)<\/p>\n\n\n\n<p>\u2022 promover projetos educativos para jovens e adultos<\/p>\n\n\n\n<p>\u2022 projetar novas composi\u00e7\u00f5es<\/p>\n\n\n\n<p><strong>Para Dep\u00f3sitos:<\/strong><\/p>\n\n\n\n<p>TRANSFER\u00caNCIA BANC\u00c1RIA<br>Conta dirigida para: Gen Verde della P.A.F.O.M.<br>IBAN: IT75 R030 6909 6061 0000 0102647 &#8211; *IBAN (padr\u00e3o de identifica\u00e7\u00e3o para fins de transfer\u00eancias banc\u00e1rias internacionais)<br>C\u00d3DIGO BIC: BCITITMM<\/p>\n","protected":false},"excerpt":{"rendered":"<p>Mais de um ano se passou desde nosso \u00faltimo concerto devido \u00e0 pandemia do COVID-19\u2026<\/p>\n","protected":false},"author":1,"featured_media":17781,"comment_status":"closed","ping_status":"open","sticky":false,"template":"","format":"standard","meta":[],"categories":[891],"tags":[],"blocksy_meta":{"styles_descriptor":{"styles":{"desktop":"","tablet":"","mobile":""},"google_fonts":[]}},"featured_image_urls":{"full":["https:\/\/www.genverde.it\/wp-content\/uploads\/2021\/04\/Dona-2021_-1.jpg",1080,800,false],"thumbnail":["https:\/\/www.genverde.it\/wp-content\/uploads\/2021\/04\/Dona-2021_-1-150x150.jpg",150,150,true],"medium":["https:\/\/www.genverde.it\/wp-content\/uploads\/2021\/04\/Dona-2021_-1-300x222.jpg",300,222,true],"medium_large":["https:\/\/www.genverde.it\/wp-content\/uploads\/2021\/04\/Dona-2021_-1-768x569.jpg",768,569,true],"large":["https:\/\/www.genverde.it\/wp-content\/uploads\/2021\/04\/Dona-2021_-1-1024x759.jpg",1024,759,true],"1536x1536":["https:\/\/www.genverde.it\/wp-content\/uploads\/2021\/04\/Dona-2021_-1.jpg",1080,800,false],"2048x2048":["https:\/\/www.genverde.it\/wp-content\/uploads\/2021\/04\/Dona-2021_-1.jpg",1080,800,false]},"post_excerpt_stackable":"<p>Mais de um ano se passou desde nosso \u00faltimo concerto devido \u00e0 pandemia do COVID-19 que nos for\u00e7ou a suspender os nossos shows ao vivo, fazendo com que diminuisse uma das principais receitas de nossa economia. Agradecemos a todos que nos apoiaram tamb\u00e9m com doa\u00e7\u00f5es. Todos os tipos de contribui\u00e7\u00e3o foram muito apreciadas, mesmo as menores. Al\u00e9m disso, talvez nem todos saibam que cada vez que voc\u00ea Curtiu os nossos posts, tocou uma de nossas m\u00fasicas ou compartilhou um de nossos v\u00eddeos, tamb\u00e9m deste modo voc\u00eas nos apoiaram!\u00c9 por isso que lan\u00e7amos a campanha #GenVerde \/ Play \u25b6\ufe0f Curtir \u2764\ufe0f&hellip;<\/p>\n","category_list":"<a href=\"https:\/\/www.genverde.it\/pt\/category\/projetos-culturais-e-sociais\/\" rel=\"category tag\">Projetos culturais e sociais<\/a>","author_info":{"name":"domains@trizero.it","url":"https:\/\/www.genverde.it\/pt\/author\/domainstrizero-it\/"},"comments_num":"0 comments","yoast_head":"<!-- This site is optimized with the Yoast SEO plugin v20.10 - https:\/\/yoast.com\/wordpress\/plugins\/seo\/ -->\n<title>Apoie-nos<\/title>\n<meta name=\"robots\" content=\"index, follow, max-snippet:-1, max-image-preview:large, max-video-preview:-1\" \/>\n<link rel=\"canonical\" href=\"https:\/\/www.genverde.it\/pt\/apoie-nos-2021\/\" \/>\n<meta property=\"og:locale\" content=\"pt_PT\" \/>\n<meta property=\"og:type\" content=\"article\" \/>\n<meta property=\"og:title\" content=\"Apoie-nos\" \/>\n<meta property=\"og:description\" content=\"Mais de um ano se passou desde nosso \u00faltimo concerto devido \u00e0 pandemia do COVID-19\u2026\" \/>\n<meta property=\"og:url\" content=\"https:\/\/www.genverde.it\/pt\/apoie-nos-2021\/\" \/>\n<meta property=\"og:site_name\" content=\"Gen Verde\" \/>\n<meta property=\"article:published_time\" content=\"2021-04-20T15:43:00+00:00\" \/>\n<meta property=\"article:modified_time\" content=\"2025-11-25T14:46:32+00:00\" \/>\n<meta property=\"og:image\" content=\"https:\/\/www.genverde.it\/wp-content\/uploads\/2021\/04\/Dona-2021_-1.jpg\" \/>\n\t<meta property=\"og:image:width\" content=\"1080\" \/>\n\t<meta property=\"og:image:height\" content=\"800\" \/>\n\t<meta property=\"og:image:type\" content=\"image\/jpeg\" \/>\n<meta name=\"author\" content=\"domains@trizero.it\" \/>\n<meta name=\"twitter:card\" content=\"summary_large_image\" \/>\n<meta name=\"twitter:label1\" content=\"Written by\" \/>\n\t<meta name=\"twitter:data1\" content=\"domains@trizero.it\" \/>\n<script type=\"application\/ld+json\" class=\"yoast-schema-graph\">{\"@context\":\"https:\/\/schema.org\",\"@graph\":[{\"@type\":\"Article\",\"@id\":\"https:\/\/www.genverde.it\/pt\/apoie-nos-2021\/#article\",\"isPartOf\":{\"@id\":\"https:\/\/www.genverde.it\/pt\/apoie-nos-2021\/\"},\"author\":{\"name\":\"domains@trizero.it\",\"@id\":\"https:\/\/www.genverde.it\/pt\/#\/schema\/person\/6ecdde1503e1aac5a939c6b3d9cf61f8\"},\"headline\":\"Apoie-nos\",\"datePublished\":\"2021-04-20T15:43:00+00:00\",\"dateModified\":\"2025-11-25T14:46:32+00:00\",\"mainEntityOfPage\":{\"@id\":\"https:\/\/www.genverde.it\/pt\/apoie-nos-2021\/\"},\"wordCount\":258,\"publisher\":{\"@id\":\"https:\/\/www.genverde.it\/pt\/#organization\"},\"articleSection\":[\"Projetos culturais e sociais\"],\"inLanguage\":\"pt\"},{\"@type\":\"WebPage\",\"@id\":\"https:\/\/www.genverde.it\/pt\/apoie-nos-2021\/\",\"url\":\"https:\/\/www.genverde.it\/pt\/apoie-nos-2021\/\",\"name\":\"Apoie-nos\",\"isPartOf\":{\"@id\":\"https:\/\/www.genverde.it\/pt\/#website\"},\"datePublished\":\"2021-04-20T15:43:00+00:00\",\"dateModified\":\"2025-11-25T14:46:32+00:00\",\"breadcrumb\":{\"@id\":\"https:\/\/www.genverde.it\/pt\/apoie-nos-2021\/#breadcrumb\"},\"inLanguage\":\"pt\",\"potentialAction\":[{\"@type\":\"ReadAction\",\"target\":[\"https:\/\/www.genverde.it\/pt\/apoie-nos-2021\/\"]}]},{\"@type\":\"BreadcrumbList\",\"@id\":\"https:\/\/www.genverde.it\/pt\/apoie-nos-2021\/#breadcrumb\",\"itemListElement\":[{\"@type\":\"ListItem\",\"position\":1,\"name\":\"Home\",\"item\":\"https:\/\/www.genverde.it\/pt\/\"},{\"@type\":\"ListItem\",\"position\":2,\"name\":\"Apoie-nos\"}]},{\"@type\":\"WebSite\",\"@id\":\"https:\/\/www.genverde.it\/pt\/#website\",\"url\":\"https:\/\/www.genverde.it\/pt\/\",\"name\":\"Gen Verde\",\"description\":\"\",\"publisher\":{\"@id\":\"https:\/\/www.genverde.it\/pt\/#organization\"},\"potentialAction\":[{\"@type\":\"SearchAction\",\"target\":{\"@type\":\"EntryPoint\",\"urlTemplate\":\"https:\/\/www.genverde.it\/pt\/?s={search_term_string}\"},\"query-input\":\"required name=search_term_string\"}],\"inLanguage\":\"pt\"},{\"@type\":\"Organization\",\"@id\":\"https:\/\/www.genverde.it\/pt\/#organization\",\"name\":\"Gen Verde\",\"url\":\"https:\/\/www.genverde.it\/pt\/\",\"logo\":{\"@type\":\"ImageObject\",\"inLanguage\":\"pt\",\"@id\":\"https:\/\/www.genverde.it\/pt\/#\/schema\/logo\/image\/\",\"url\":\"https:\/\/www.genverde.it\/wp-content\/uploads\/2021\/05\/logo-gen-verde-black.png\",\"contentUrl\":\"https:\/\/www.genverde.it\/wp-content\/uploads\/2021\/05\/logo-gen-verde-black.png\",\"width\":646,\"height\":392,\"caption\":\"Gen Verde\"},\"image\":{\"@id\":\"https:\/\/www.genverde.it\/pt\/#\/schema\/logo\/image\/\"}},{\"@type\":\"Person\",\"@id\":\"https:\/\/www.genverde.it\/pt\/#\/schema\/person\/6ecdde1503e1aac5a939c6b3d9cf61f8\",\"name\":\"domains@trizero.it\",\"image\":{\"@type\":\"ImageObject\",\"inLanguage\":\"pt\",\"@id\":\"https:\/\/www.genverde.it\/pt\/#\/schema\/person\/image\/\",\"url\":\"https:\/\/secure.gravatar.com\/avatar\/27dca0b5fa1711a07921f4e77851c7c6?s=96&d=mm&r=g\",\"contentUrl\":\"https:\/\/secure.gravatar.com\/avatar\/27dca0b5fa1711a07921f4e77851c7c6?s=96&d=mm&r=g\",\"caption\":\"domains@trizero.it\"},\"sameAs\":[\"https:\/\/genverde.trizero.it\"]}]}<\/script>\n<!-- \/ Yoast SEO plugin. -->","yoast_head_json":{"title":"Apoie-nos","robots":{"index":"index","follow":"follow","max-snippet":"max-snippet:-1","max-image-preview":"max-image-preview:large","max-video-preview":"max-video-preview:-1"},"canonical":"https:\/\/www.genverde.it\/pt\/apoie-nos-2021\/","og_locale":"pt_PT","og_type":"article","og_title":"Apoie-nos","og_description":"Mais de um ano se passou desde nosso \u00faltimo concerto devido \u00e0 pandemia do COVID-19\u2026","og_url":"https:\/\/www.genverde.it\/pt\/apoie-nos-2021\/","og_site_name":"Gen Verde","article_published_time":"2021-04-20T15:43:00+00:00","article_modified_time":"2025-11-25T14:46:32+00:00","og_image":[{"width":1080,"height":800,"url":"https:\/\/www.genverde.it\/wp-content\/uploads\/2021\/04\/Dona-2021_-1.jpg","type":"image\/jpeg"}],"author":"domains@trizero.it","twitter_card":"summary_large_image","twitter_misc":{"Written by":"domains@trizero.it"},"schema":{"@context":"https:\/\/schema.org","@graph":[{"@type":"Article","@id":"https:\/\/www.genverde.it\/pt\/apoie-nos-2021\/#article","isPartOf":{"@id":"https:\/\/www.genverde.it\/pt\/apoie-nos-2021\/"},"author":{"name":"domains@trizero.it","@id":"https:\/\/www.genverde.it\/pt\/#\/schema\/person\/6ecdde1503e1aac5a939c6b3d9cf61f8"},"headline":"Apoie-nos","datePublished":"2021-04-20T15:43:00+00:00","dateModified":"2025-11-25T14:46:32+00:00","mainEntityOfPage":{"@id":"https:\/\/www.genverde.it\/pt\/apoie-nos-2021\/"},"wordCount":258,"publisher":{"@id":"https:\/\/www.genverde.it\/pt\/#organization"},"articleSection":["Projetos culturais e sociais"],"inLanguage":"pt"},{"@type":"WebPage","@id":"https:\/\/www.genverde.it\/pt\/apoie-nos-2021\/","url":"https:\/\/www.genverde.it\/pt\/apoie-nos-2021\/","name":"Apoie-nos","isPartOf":{"@id":"https:\/\/www.genverde.it\/pt\/#website"},"datePublished":"2021-04-20T15:43:00+00:00","dateModified":"2025-11-25T14:46:32+00:00","breadcrumb":{"@id":"https:\/\/www.genverde.it\/pt\/apoie-nos-2021\/#breadcrumb"},"inLanguage":"pt","potentialAction":[{"@type":"ReadAction","target":["https:\/\/www.genverde.it\/pt\/apoie-nos-2021\/"]}]},{"@type":"BreadcrumbList","@id":"https:\/\/www.genverde.it\/pt\/apoie-nos-2021\/#breadcrumb","itemListElement":[{"@type":"ListItem","position":1,"name":"Home","item":"https:\/\/www.genverde.it\/pt\/"},{"@type":"ListItem","position":2,"name":"Apoie-nos"}]},{"@type":"WebSite","@id":"https:\/\/www.genverde.it\/pt\/#website","url":"https:\/\/www.genverde.it\/pt\/","name":"Gen Verde","description":"","publisher":{"@id":"https:\/\/www.genverde.it\/pt\/#organization"},"potentialAction":[{"@type":"SearchAction","target":{"@type":"EntryPoint","urlTemplate":"https:\/\/www.genverde.it\/pt\/?s={search_term_string}"},"query-input":"required name=search_term_string"}],"inLanguage":"pt"},{"@type":"Organization","@id":"https:\/\/www.genverde.it\/pt\/#organization","name":"Gen Verde","url":"https:\/\/www.genverde.it\/pt\/","logo":{"@type":"ImageObject","inLanguage":"pt","@id":"https:\/\/www.genverde.it\/pt\/#\/schema\/logo\/image\/","url":"https:\/\/www.genverde.it\/wp-content\/uploads\/2021\/05\/logo-gen-verde-black.png","contentUrl":"https:\/\/www.genverde.it\/wp-content\/uploads\/2021\/05\/logo-gen-verde-black.png","width":646,"height":392,"caption":"Gen Verde"},"image":{"@id":"https:\/\/www.genverde.it\/pt\/#\/schema\/logo\/image\/"}},{"@type":"Person","@id":"https:\/\/www.genverde.it\/pt\/#\/schema\/person\/6ecdde1503e1aac5a939c6b3d9cf61f8","name":"domains@trizero.it","image":{"@type":"ImageObject","inLanguage":"pt","@id":"https:\/\/www.genverde.it\/pt\/#\/schema\/person\/image\/","url":"https:\/\/secure.gravatar.com\/avatar\/27dca0b5fa1711a07921f4e77851c7c6?s=96&d=mm&r=g","contentUrl":"https:\/\/secure.gravatar.com\/avatar\/27dca0b5fa1711a07921f4e77851c7c6?s=96&d=mm&r=g","caption":"domains@trizero.it"},"sameAs":["https:\/\/genverde.trizero.it"]}]}},"_links":{"self":[{"href":"https:\/\/www.genverde.it\/pt\/wp-json\/wp\/v2\/posts\/3643"}],"collection":[{"href":"https:\/\/www.genverde.it\/pt\/wp-json\/wp\/v2\/posts"}],"about":[{"href":"https:\/\/www.genverde.it\/pt\/wp-json\/wp\/v2\/types\/post"}],"author":[{"embeddable":true,"href":"https:\/\/www.genverde.it\/pt\/wp-json\/wp\/v2\/users\/1"}],"replies":[{"embeddable":true,"href":"https:\/\/www.genverde.it\/pt\/wp-json\/wp\/v2\/comments?post=3643"}],"version-history":[{"count":12,"href":"https:\/\/www.genverde.it\/pt\/wp-json\/wp\/v2\/posts\/3643\/revisions"}],"predecessor-version":[{"id":35942,"href":"https:\/\/www.genverde.it\/pt\/wp-json\/wp\/v2\/posts\/3643\/revisions\/35942"}],"wp:featuredmedia":[{"embeddable":true,"href":"https:\/\/www.genverde.it\/pt\/wp-json\/wp\/v2\/media\/17781"}],"wp:attachment":[{"href":"https:\/\/www.genverde.it\/pt\/wp-json\/wp\/v2\/media?parent=3643"}],"wp:term":[{"taxonomy":"category","embeddable":true,"href":"https:\/\/www.genverde.it\/pt\/wp-json\/wp\/v2\/categories?post=3643"},{"taxonomy":"post_tag","embeddable":true,"href":"https:\/\/www.genverde.it\/pt\/wp-json\/wp\/v2\/tags?post=3643"}],"curies":[{"name":"wp","href":"https:\/\/api.w.org\/{rel}","templated":true}]}}