{"id":3650,"date":"2021-05-09T17:47:00","date_gmt":"2021-05-09T15:47:00","guid":{"rendered":"https:\/\/www.genverde.it\/quem-chora-por-ti\/"},"modified":"2025-11-25T15:56:13","modified_gmt":"2025-11-25T14:56:13","slug":"quem-chora-por-ti","status":"publish","type":"post","link":"https:\/\/www.genverde.it\/pt\/quem-chora-por-ti\/","title":{"rendered":"Quem chora por ti? &#8211; O novo v\u00eddeoclip do Gen Verde"},"content":{"rendered":"\n<figure class=\"wp-block-embed aligncenter is-type-video is-provider-youtube wp-block-embed-youtube wp-embed-aspect-16-9 wp-has-aspect-ratio\"><div class=\"wp-block-embed__wrapper\">\n<iframe title=\"Gen Verde - Chi Piange Per Te? (Official Video)\" width=\"1366\" height=\"768\" src=\"https:\/\/www.youtube.com\/embed\/8iaemHN4r1c?feature=oembed\" frameborder=\"0\" allow=\"accelerometer; autoplay; clipboard-write; encrypted-media; gyroscope; picture-in-picture\" allowfullscreen><\/iframe><script type=\"application\/ld+json\">{\n\t\t\t\t\t\t\t\t\"@context\": \"https:\/\/schema.org\",\n\t\t\t\t\t\t\t\t\"@type\": \"VideoObject\",\n\t\t\t\t\t\t\t\t\"name\": \"Gen Verde - Chi Piange Per Te? (Official Video)\", \n\t\t\t\t\t\t\t\t\"description\": \"'Chi Piange Per Te?' \\u00e8 la storia di una piccola bambina che, scappando dalla guerra, \\u00e8 annegata nelle acque di Lampedusa. E\\u2019 stata trovata nella stiva di una nave con indosso il suo vestito pi\\u00f9 bello e le sue scarpe di vernice. La canzone \\u00e8 una ninna nanna dedicata a lei il cui nome non sapremo mai...\\n\\nDisponibile in streaming e formato digitale:  https:\\\/\\\/imusiciandigital.lnk.to\\\/NSedF\\nIn formato fisico: https:\\\/\\\/www.madeinloppiano.com\\\/it\\\/prodotto\\\/cd-on-the-other-side\\\/\\n\\nLyrics: https:\\\/\\\/bit.ly\\\/3uqCX4z\\nSheet Music:  https:\\\/\\\/bit.ly\\\/2RvNmNP\\n \\u200b\\nSeguiteci sui nostri social:\\nInstagram:  https:\\\/\\\/bit.ly\\\/2YzMgUX\\nFacebook: https:\\\/\\\/bit.ly\\\/2YTISS1\\u200b\\nTwitter: https:\\\/\\\/bit.ly\\\/34VtqIG\\u200b  \\nWebsite: https:\\\/\\\/www.genverde.it\\n\\nVideo production: Maricel Prieto \\\/ Christina Wang \\\/ Francesco Baita\\n\\nLa pandemia del COVID-19 ci ha costrette a sospendere i nostri concerti live, facendo venir meno una delle entrate principali della nostra economia. Se riesci a darci una mano... Sostienici! \\nBONIFICO BANCARIO Conto intestato a: Gen Verde della P.A.F.O.M. IBAN: IT75 R030 6909 6061 0000 0102647 Codice BIC: BCITITMM\\n\\u200b\\n\\u200b\\n#GenVerde #Chipiangeperte #DareToCare #Zumaia #Itzurun #newvideo #Lampedusa\\nGen Verde - Chi Piange Per Te (Official Video)\\n(C) Gen Verde 2021\",\n\t\t\t\t\t\t\t\t\"thumbnailUrl\": \"https:\/\/i.ytimg.com\/vi\/8iaemHN4r1c\/mqdefault.jpg\",\n\t\t\t\t\t\t\t\t\"uploadDate\": \"2021-05-09T13:00:03Z\",\n\t\t\t\t\t\t\t\t\"duration\": \"PT3M45S\",  \n\t\t\t\t\t\t\t\t\"publisher\": {\n\t\t\t\t\t\t\t\t\t\"@type\": \"Organization\",\n\t\t\t\t\t\t\t\t\t\"name\": \"Genverde\",\n\t\t\t\t\t\t\t\t\t\"logo\": {\n\t\t\t\t\t\t\t\t\t\t\"@type\": \"ImageObject\",\n\t\t\t\t\t\t\t\t\t\t\"url\": \"https:\/\/www.genverde.it\/wp-content\/uploads\/2021\/06\/logo-gen-verde-semplice.png\",\n\t\t\t\t\t\t\t\t\t\t\"width\": \"646\",\n\t\t\t\t\t\t\t\t\t\t\"height\": \"237\"\n\t\t\t\t\t\t\t\t\t}\n\t\t\t\t\t\t\t\t},\n\t\t\t\t\t\t\t\t\"embedUrl\": \"https:\/\/youtu.be\/8iaemHN4r1c\",\n\t\t\t\t\t\t\t\t\"interactionCount\": \"82158\" \n\t\t\t\t\t\t\t}<\/script>\n<\/div><\/figure>\n\n\n\n<p>Em um bote degradado, entre ondas com mais de seis metros de altura, fugindo do horror. Fora da L\u00edbia, gritando por socorro por dois dias intermin\u00e1veis. em v\u00e3o: <strong>130 pessoas foram deixadas afogar-se<\/strong>, h\u00e1 duas semanas.<br>E \u00e9 apenas a mais recente das trag\u00e9dias que acontecem h\u00e1 anos no Mediterr\u00e2neo.<\/p>\n\n\n\n<p>&#8220;Ca\u00edmos na <strong>globaliza\u00e7\u00e3o da indiferen\u00e7a<\/strong>. Habituamo-nos ao sofrimento do outro, n\u00e3o nos diz respeito, n\u00e3o nos importamos, n\u00e3o \u00e9 da nossa conta!&#8221;, disse o Papa Francisco ap\u00f3s o terr\u00edvel naufr\u00e1gio em Lampedusa: palavras infelizmente ainda muito atuais e que dizem respeito a v\u00e1rias situa\u00e7\u00f5es dram\u00e1ticas no mundo.<\/p>\n\n\n\n<p>Pr\u00f3prio ent\u00e3o t\u00ednhamos composto <strong><em>Quem chora por ti?<\/em><\/strong>, inspirada na hist\u00f3ria real de uma crian\u00e7a migrante. Percebemos que para muitos foi <strong>uma ajuda para mudar a perspetiva e a despertar<\/strong>aquela pequena chama de ternura e <strong>solidariedade<\/strong> que todos trazemos dentro.<\/p>\n\n\n\n<p>Por isso, a grande procura, voltamos <strong>a propor com um in\u00e9dito v\u00eddeoclipe<\/strong> que esperamos ajude a entrar na pele de quem sofre.<\/p>\n\n\n\n<p>Porque se despertarmos consci\u00eancia que aqueles que est\u00e3o \u00e0 merc\u00ea das ondas s\u00e3o verdadeiramente nossos irm\u00e3os e irm\u00e3s dos quais devemos cuidar, tamb\u00e9m o nosso modo de pensar e de agir mudar\u00e1. De modo que <strong>&#8220;n\u00e3o haja mais &#8220;os outros&#8221;, mas apenas um &#8220;n\u00f3s&#8221; sempre maior<\/strong>, que possa incluir todos.<\/p>\n","protected":false},"excerpt":{"rendered":"<p>Quando algu\u00e9m sofre, \u00e9 dever nosso: um convite para cuidar dos outros<\/p>\n","protected":false},"author":1,"featured_media":3651,"comment_status":"closed","ping_status":"open","sticky":false,"template":"","format":"standard","meta":[],"categories":[889],"tags":[],"blocksy_meta":{"styles_descriptor":{"styles":{"desktop":"","tablet":"","mobile":""},"google_fonts":[]}},"featured_image_urls":{"full":["https:\/\/www.genverde.it\/wp-content\/uploads\/2021\/06\/Chi_piange_Video_sito.jpg",800,400,false],"thumbnail":["https:\/\/www.genverde.it\/wp-content\/uploads\/2021\/06\/Chi_piange_Video_sito-150x150.jpg",150,150,true],"medium":["https:\/\/www.genverde.it\/wp-content\/uploads\/2021\/06\/Chi_piange_Video_sito-300x150.jpg",300,150,true],"medium_large":["https:\/\/www.genverde.it\/wp-content\/uploads\/2021\/06\/Chi_piange_Video_sito-768x384.jpg",768,384,true],"large":["https:\/\/www.genverde.it\/wp-content\/uploads\/2021\/06\/Chi_piange_Video_sito.jpg",800,400,false],"1536x1536":["https:\/\/www.genverde.it\/wp-content\/uploads\/2021\/06\/Chi_piange_Video_sito.jpg",800,400,false],"2048x2048":["https:\/\/www.genverde.it\/wp-content\/uploads\/2021\/06\/Chi_piange_Video_sito.jpg",800,400,false]},"post_excerpt_stackable":"<p>Quando algu\u00e9m sofre, \u00e9 dever nosso: um convite para cuidar dos outros<\/p>\n","category_list":"<a href=\"https:\/\/www.genverde.it\/pt\/category\/novos-lancamentos-musicais\/\" rel=\"category tag\">Novos lan\u00e7amentos musicais<\/a>","author_info":{"name":"domains@trizero.it","url":"https:\/\/www.genverde.it\/pt\/author\/domainstrizero-it\/"},"comments_num":"0 comments","yoast_head":"<!-- This site is optimized with the Yoast SEO plugin v20.10 - https:\/\/yoast.com\/wordpress\/plugins\/seo\/ -->\n<title>Quem chora por ti? - O novo v\u00eddeoclip do Gen Verde<\/title>\n<meta name=\"robots\" content=\"index, follow, max-snippet:-1, max-image-preview:large, max-video-preview:-1\" \/>\n<link rel=\"canonical\" href=\"https:\/\/www.genverde.it\/pt\/quem-chora-por-ti\/\" \/>\n<meta property=\"og:locale\" content=\"pt_PT\" \/>\n<meta property=\"og:type\" content=\"article\" \/>\n<meta property=\"og:title\" content=\"Quem chora por ti? - O novo v\u00eddeoclip do Gen Verde\" \/>\n<meta property=\"og:description\" content=\"Quando algu\u00e9m sofre, \u00e9 dever nosso: um convite para cuidar dos outros\" \/>\n<meta property=\"og:url\" content=\"https:\/\/www.genverde.it\/pt\/quem-chora-por-ti\/\" \/>\n<meta property=\"og:site_name\" content=\"Gen Verde\" \/>\n<meta property=\"article:published_time\" content=\"2021-05-09T15:47:00+00:00\" \/>\n<meta property=\"article:modified_time\" content=\"2025-11-25T14:56:13+00:00\" \/>\n<meta property=\"og:image\" content=\"https:\/\/www.genverde.it\/wp-content\/uploads\/2021\/06\/Chi_piange_Video_sito.jpg\" \/>\n\t<meta property=\"og:image:width\" content=\"800\" \/>\n\t<meta property=\"og:image:height\" content=\"400\" \/>\n\t<meta property=\"og:image:type\" content=\"image\/jpeg\" \/>\n<meta name=\"author\" content=\"domains@trizero.it\" \/>\n<meta name=\"twitter:card\" content=\"summary_large_image\" \/>\n<meta name=\"twitter:label1\" content=\"Written by\" \/>\n\t<meta name=\"twitter:data1\" content=\"domains@trizero.it\" \/>\n\t<meta name=\"twitter:label2\" content=\"Est. reading time\" \/>\n\t<meta name=\"twitter:data2\" content=\"2 minutes\" \/>\n<script type=\"application\/ld+json\" class=\"yoast-schema-graph\">{\"@context\":\"https:\/\/schema.org\",\"@graph\":[{\"@type\":\"Article\",\"@id\":\"https:\/\/www.genverde.it\/pt\/quem-chora-por-ti\/#article\",\"isPartOf\":{\"@id\":\"https:\/\/www.genverde.it\/pt\/quem-chora-por-ti\/\"},\"author\":{\"name\":\"domains@trizero.it\",\"@id\":\"https:\/\/www.genverde.it\/pt\/#\/schema\/person\/6ecdde1503e1aac5a939c6b3d9cf61f8\"},\"headline\":\"Quem chora por ti? &#8211; O novo v\u00eddeoclip do Gen Verde\",\"datePublished\":\"2021-05-09T15:47:00+00:00\",\"dateModified\":\"2025-11-25T14:56:13+00:00\",\"mainEntityOfPage\":{\"@id\":\"https:\/\/www.genverde.it\/pt\/quem-chora-por-ti\/\"},\"wordCount\":258,\"publisher\":{\"@id\":\"https:\/\/www.genverde.it\/pt\/#organization\"},\"articleSection\":[\"Novos lan\u00e7amentos musicais\"],\"inLanguage\":\"pt\"},{\"@type\":\"WebPage\",\"@id\":\"https:\/\/www.genverde.it\/pt\/quem-chora-por-ti\/\",\"url\":\"https:\/\/www.genverde.it\/pt\/quem-chora-por-ti\/\",\"name\":\"Quem chora por ti? - O novo v\u00eddeoclip do Gen Verde\",\"isPartOf\":{\"@id\":\"https:\/\/www.genverde.it\/pt\/#website\"},\"datePublished\":\"2021-05-09T15:47:00+00:00\",\"dateModified\":\"2025-11-25T14:56:13+00:00\",\"breadcrumb\":{\"@id\":\"https:\/\/www.genverde.it\/pt\/quem-chora-por-ti\/#breadcrumb\"},\"inLanguage\":\"pt\",\"potentialAction\":[{\"@type\":\"ReadAction\",\"target\":[\"https:\/\/www.genverde.it\/pt\/quem-chora-por-ti\/\"]}]},{\"@type\":\"BreadcrumbList\",\"@id\":\"https:\/\/www.genverde.it\/pt\/quem-chora-por-ti\/#breadcrumb\",\"itemListElement\":[{\"@type\":\"ListItem\",\"position\":1,\"name\":\"Home\",\"item\":\"https:\/\/www.genverde.it\/pt\/\"},{\"@type\":\"ListItem\",\"position\":2,\"name\":\"Quem chora por ti? &#8211; O novo v\u00eddeoclip do Gen Verde\"}]},{\"@type\":\"WebSite\",\"@id\":\"https:\/\/www.genverde.it\/pt\/#website\",\"url\":\"https:\/\/www.genverde.it\/pt\/\",\"name\":\"Gen Verde\",\"description\":\"\",\"publisher\":{\"@id\":\"https:\/\/www.genverde.it\/pt\/#organization\"},\"potentialAction\":[{\"@type\":\"SearchAction\",\"target\":{\"@type\":\"EntryPoint\",\"urlTemplate\":\"https:\/\/www.genverde.it\/pt\/?s={search_term_string}\"},\"query-input\":\"required name=search_term_string\"}],\"inLanguage\":\"pt\"},{\"@type\":\"Organization\",\"@id\":\"https:\/\/www.genverde.it\/pt\/#organization\",\"name\":\"Gen Verde\",\"url\":\"https:\/\/www.genverde.it\/pt\/\",\"logo\":{\"@type\":\"ImageObject\",\"inLanguage\":\"pt\",\"@id\":\"https:\/\/www.genverde.it\/pt\/#\/schema\/logo\/image\/\",\"url\":\"https:\/\/www.genverde.it\/wp-content\/uploads\/2021\/05\/logo-gen-verde-black.png\",\"contentUrl\":\"https:\/\/www.genverde.it\/wp-content\/uploads\/2021\/05\/logo-gen-verde-black.png\",\"width\":646,\"height\":392,\"caption\":\"Gen Verde\"},\"image\":{\"@id\":\"https:\/\/www.genverde.it\/pt\/#\/schema\/logo\/image\/\"}},{\"@type\":\"Person\",\"@id\":\"https:\/\/www.genverde.it\/pt\/#\/schema\/person\/6ecdde1503e1aac5a939c6b3d9cf61f8\",\"name\":\"domains@trizero.it\",\"image\":{\"@type\":\"ImageObject\",\"inLanguage\":\"pt\",\"@id\":\"https:\/\/www.genverde.it\/pt\/#\/schema\/person\/image\/\",\"url\":\"https:\/\/secure.gravatar.com\/avatar\/27dca0b5fa1711a07921f4e77851c7c6?s=96&d=mm&r=g\",\"contentUrl\":\"https:\/\/secure.gravatar.com\/avatar\/27dca0b5fa1711a07921f4e77851c7c6?s=96&d=mm&r=g\",\"caption\":\"domains@trizero.it\"},\"sameAs\":[\"https:\/\/genverde.trizero.it\"]}]}<\/script>\n<!-- \/ Yoast SEO plugin. -->","yoast_head_json":{"title":"Quem chora por ti? - O novo v\u00eddeoclip do Gen Verde","robots":{"index":"index","follow":"follow","max-snippet":"max-snippet:-1","max-image-preview":"max-image-preview:large","max-video-preview":"max-video-preview:-1"},"canonical":"https:\/\/www.genverde.it\/pt\/quem-chora-por-ti\/","og_locale":"pt_PT","og_type":"article","og_title":"Quem chora por ti? - O novo v\u00eddeoclip do Gen Verde","og_description":"Quando algu\u00e9m sofre, \u00e9 dever nosso: um convite para cuidar dos outros","og_url":"https:\/\/www.genverde.it\/pt\/quem-chora-por-ti\/","og_site_name":"Gen Verde","article_published_time":"2021-05-09T15:47:00+00:00","article_modified_time":"2025-11-25T14:56:13+00:00","og_image":[{"width":800,"height":400,"url":"https:\/\/www.genverde.it\/wp-content\/uploads\/2021\/06\/Chi_piange_Video_sito.jpg","type":"image\/jpeg"}],"author":"domains@trizero.it","twitter_card":"summary_large_image","twitter_misc":{"Written by":"domains@trizero.it","Est. reading time":"2 minutes"},"schema":{"@context":"https:\/\/schema.org","@graph":[{"@type":"Article","@id":"https:\/\/www.genverde.it\/pt\/quem-chora-por-ti\/#article","isPartOf":{"@id":"https:\/\/www.genverde.it\/pt\/quem-chora-por-ti\/"},"author":{"name":"domains@trizero.it","@id":"https:\/\/www.genverde.it\/pt\/#\/schema\/person\/6ecdde1503e1aac5a939c6b3d9cf61f8"},"headline":"Quem chora por ti? &#8211; O novo v\u00eddeoclip do Gen Verde","datePublished":"2021-05-09T15:47:00+00:00","dateModified":"2025-11-25T14:56:13+00:00","mainEntityOfPage":{"@id":"https:\/\/www.genverde.it\/pt\/quem-chora-por-ti\/"},"wordCount":258,"publisher":{"@id":"https:\/\/www.genverde.it\/pt\/#organization"},"articleSection":["Novos lan\u00e7amentos musicais"],"inLanguage":"pt"},{"@type":"WebPage","@id":"https:\/\/www.genverde.it\/pt\/quem-chora-por-ti\/","url":"https:\/\/www.genverde.it\/pt\/quem-chora-por-ti\/","name":"Quem chora por ti? - O novo v\u00eddeoclip do Gen Verde","isPartOf":{"@id":"https:\/\/www.genverde.it\/pt\/#website"},"datePublished":"2021-05-09T15:47:00+00:00","dateModified":"2025-11-25T14:56:13+00:00","breadcrumb":{"@id":"https:\/\/www.genverde.it\/pt\/quem-chora-por-ti\/#breadcrumb"},"inLanguage":"pt","potentialAction":[{"@type":"ReadAction","target":["https:\/\/www.genverde.it\/pt\/quem-chora-por-ti\/"]}]},{"@type":"BreadcrumbList","@id":"https:\/\/www.genverde.it\/pt\/quem-chora-por-ti\/#breadcrumb","itemListElement":[{"@type":"ListItem","position":1,"name":"Home","item":"https:\/\/www.genverde.it\/pt\/"},{"@type":"ListItem","position":2,"name":"Quem chora por ti? &#8211; O novo v\u00eddeoclip do Gen Verde"}]},{"@type":"WebSite","@id":"https:\/\/www.genverde.it\/pt\/#website","url":"https:\/\/www.genverde.it\/pt\/","name":"Gen Verde","description":"","publisher":{"@id":"https:\/\/www.genverde.it\/pt\/#organization"},"potentialAction":[{"@type":"SearchAction","target":{"@type":"EntryPoint","urlTemplate":"https:\/\/www.genverde.it\/pt\/?s={search_term_string}"},"query-input":"required name=search_term_string"}],"inLanguage":"pt"},{"@type":"Organization","@id":"https:\/\/www.genverde.it\/pt\/#organization","name":"Gen Verde","url":"https:\/\/www.genverde.it\/pt\/","logo":{"@type":"ImageObject","inLanguage":"pt","@id":"https:\/\/www.genverde.it\/pt\/#\/schema\/logo\/image\/","url":"https:\/\/www.genverde.it\/wp-content\/uploads\/2021\/05\/logo-gen-verde-black.png","contentUrl":"https:\/\/www.genverde.it\/wp-content\/uploads\/2021\/05\/logo-gen-verde-black.png","width":646,"height":392,"caption":"Gen Verde"},"image":{"@id":"https:\/\/www.genverde.it\/pt\/#\/schema\/logo\/image\/"}},{"@type":"Person","@id":"https:\/\/www.genverde.it\/pt\/#\/schema\/person\/6ecdde1503e1aac5a939c6b3d9cf61f8","name":"domains@trizero.it","image":{"@type":"ImageObject","inLanguage":"pt","@id":"https:\/\/www.genverde.it\/pt\/#\/schema\/person\/image\/","url":"https:\/\/secure.gravatar.com\/avatar\/27dca0b5fa1711a07921f4e77851c7c6?s=96&d=mm&r=g","contentUrl":"https:\/\/secure.gravatar.com\/avatar\/27dca0b5fa1711a07921f4e77851c7c6?s=96&d=mm&r=g","caption":"domains@trizero.it"},"sameAs":["https:\/\/genverde.trizero.it"]}]}},"_links":{"self":[{"href":"https:\/\/www.genverde.it\/pt\/wp-json\/wp\/v2\/posts\/3650"}],"collection":[{"href":"https:\/\/www.genverde.it\/pt\/wp-json\/wp\/v2\/posts"}],"about":[{"href":"https:\/\/www.genverde.it\/pt\/wp-json\/wp\/v2\/types\/post"}],"author":[{"embeddable":true,"href":"https:\/\/www.genverde.it\/pt\/wp-json\/wp\/v2\/users\/1"}],"replies":[{"embeddable":true,"href":"https:\/\/www.genverde.it\/pt\/wp-json\/wp\/v2\/comments?post=3650"}],"version-history":[{"count":19,"href":"https:\/\/www.genverde.it\/pt\/wp-json\/wp\/v2\/posts\/3650\/revisions"}],"predecessor-version":[{"id":35968,"href":"https:\/\/www.genverde.it\/pt\/wp-json\/wp\/v2\/posts\/3650\/revisions\/35968"}],"wp:featuredmedia":[{"embeddable":true,"href":"https:\/\/www.genverde.it\/pt\/wp-json\/wp\/v2\/media\/3651"}],"wp:attachment":[{"href":"https:\/\/www.genverde.it\/pt\/wp-json\/wp\/v2\/media?parent=3650"}],"wp:term":[{"taxonomy":"category","embeddable":true,"href":"https:\/\/www.genverde.it\/pt\/wp-json\/wp\/v2\/categories?post=3650"},{"taxonomy":"post_tag","embeddable":true,"href":"https:\/\/www.genverde.it\/pt\/wp-json\/wp\/v2\/tags?post=3650"}],"curies":[{"name":"wp","href":"https:\/\/api.w.org\/{rel}","templated":true}]}}