{"id":3674,"date":"2020-12-02T12:39:00","date_gmt":"2020-12-02T11:39:00","guid":{"rendered":"https:\/\/www.genverde.it\/uma-estrela-na-noite-de-2020\/"},"modified":"2025-11-25T15:56:12","modified_gmt":"2025-11-25T14:56:12","slug":"una-stella-nella-notte-del-2020","status":"publish","type":"post","link":"https:\/\/www.genverde.it\/pt\/una-stella-nella-notte-del-2020\/","title":{"rendered":"Uma estrela na noite de 2020"},"content":{"rendered":"\n<figure class=\"wp-block-embed is-type-video is-provider-youtube wp-block-embed-youtube wp-embed-aspect-16-9 wp-has-aspect-ratio\"><div class=\"wp-block-embed__wrapper\">\n<iframe title=\"Gen Verde \u2013 Christmas Star (Official Video)\" width=\"1366\" height=\"768\" src=\"https:\/\/www.youtube.com\/embed\/Hg6IhtuIQkA?feature=oembed\" frameborder=\"0\" allow=\"accelerometer; autoplay; clipboard-write; encrypted-media; gyroscope; picture-in-picture\" allowfullscreen><\/iframe><script type=\"application\/ld+json\">{\n\t\t\t\t\t\t\t\t\"@context\": \"https:\/\/schema.org\",\n\t\t\t\t\t\t\t\t\"@type\": \"VideoObject\",\n\t\t\t\t\t\t\t\t\"name\": \"Gen Verde \u2013 Christmas Star (Official Video)\", \n\t\t\t\t\t\t\t\t\"description\": \"Immagina di guardare in Cielo e vedere una stella che ti indica il cammino... La Stella di Natale che, come un annuncio di gioia, ci porta una Luce che vince l'oscurit\\u00e0 e che ha cambiato la nostra storia... Una luce per l'Umanit\\u00e0 che ci aiuta a sentirci tutti come una grande famiglia planetaria. \\n\\nDisponibile in streaming e formato digitale: https:\\\/\\\/imusiciandigital.lnk.to\\\/UHahPEvW\\n\\nSeguici sui social: \\nInstagram: https:\\\/\\\/bit.ly\\\/2YzMgUX\\nFacebook: https:\\\/\\\/bit.ly\\\/2YTISS1 \\nTwitter: https:\\\/\\\/bit.ly\\\/34VtqIG \\nWebsite: https:\\\/\\\/www.genverde.it\\n\\nRiprese: Maricel Prieto, Marie Kudo & Christina Wang \\nMontaggio: Francesco Baita\\n_________________________________________________________________________________________________ \\n\\nLa pandemia del COVID-19 ci ha costrette a sospendere i nostri concerti live, facendo venir meno una delle entrate principali della nostra economia. Se riesci a darci una mano... Sostienici! BONIFICO BANCARIO Conto intestato a: Gen Verde della P.A.F.O.M. IBAN: IT75 R030 6909 6061 0000 0102647 Codice BIC: BCITITMM\\n\\n#ChristmasStar #GenVerde #christmasmusic #christmassong\\n#OfficialVideo #Music #Musica #Song #musicvideo \\n\\nGen Verde \\u2013 Christmas Star (Official Video)\\n(C) Gen Verde\",\n\t\t\t\t\t\t\t\t\"thumbnailUrl\": \"https:\/\/i.ytimg.com\/vi\/Hg6IhtuIQkA\/mqdefault.jpg\",\n\t\t\t\t\t\t\t\t\"uploadDate\": \"2020-12-20T11:00:10Z\",\n\t\t\t\t\t\t\t\t\"duration\": \"PT3M36S\",  \n\t\t\t\t\t\t\t\t\"publisher\": {\n\t\t\t\t\t\t\t\t\t\"@type\": \"Organization\",\n\t\t\t\t\t\t\t\t\t\"name\": \"Genverde\",\n\t\t\t\t\t\t\t\t\t\"logo\": {\n\t\t\t\t\t\t\t\t\t\t\"@type\": \"ImageObject\",\n\t\t\t\t\t\t\t\t\t\t\"url\": \"https:\/\/www.genverde.it\/wp-content\/uploads\/2021\/06\/logo-gen-verde-semplice.png\",\n\t\t\t\t\t\t\t\t\t\t\"width\": \"646\",\n\t\t\t\t\t\t\t\t\t\t\"height\": \"237\"\n\t\t\t\t\t\t\t\t\t}\n\t\t\t\t\t\t\t\t},\n\t\t\t\t\t\t\t\t\"embedUrl\": \"https:\/\/youtu.be\/Hg6IhtuIQkA\",\n\t\t\t\t\t\t\t\t\"interactionCount\": \"66138\" \n\t\t\t\t\t\t\t}<\/script>\n<\/div><\/figure>\n\n\n\n<p><strong>A quem chora<\/strong>, a quem se encontra sozinho, a quem experimenta a dureza das preocupa\u00e7\u00f5es e priva\u00e7\u00f5es, a quem t\u00eam medo do presente e do futuro, <strong>a quem luta<\/strong>para atravessar esta noite que nos une, <strong>Jesus que nasce<\/strong> volta a dizer: Venho por ti, <strong>estou aqui contigo.<\/strong><\/p>\n\n\n\n<p><strong>\u00c9 esta a nossa estrela de Natal<\/strong>, e ao redor dele nos sentimos n\u00e3o s\u00f3 companheiros de viagem, mas <strong>todos irm\u00e3s e irm\u00e3os,<\/strong> e podemos com esperan\u00e7a verdadeira <strong>semear amor<\/strong> para que brote um mundo mais humano. <\/p>\n\n\n\n<p>No Natal nos reunimos com as pessoas mais queridas; <strong>n\u00f3s queremos estar perto de cada um de voc\u00eas e voc\u00eas pr\u00f3ximos de n\u00f3s<\/strong>, como experimentamos atrav\u00e9s dos v\u00e1rios eventos em streaming neste ano repleto de desafios, <strong>com calor e a alegria de uma fam\u00edlia.<\/strong><\/p>\n\n\n\n<p>E expressamos<strong>os nossos votos e o nosso obrigada<\/strong>\u2013 quantos gestos e palavras de proximidade nos acompanharam neste per\u00edodo! \u2013 com palavras, sons e imagens <strong>deste v\u00eddeo<\/strong>, o nosso <strong>presente de Natal para voc\u00eas.<\/strong><\/p>\n\n\n\n<p><strong>Feliz Natal!<\/strong><\/p>\n\n\n\n<p>Link YouTube Christmas Star &#8211; <a href=\"https:\/\/www.youtube.com\/watch?v=Hg6IhtuIQkA\" data-rel=\"prettyPhoto-video-0\" target=\"_blank\" rel=\"noreferrer noopener\">https:\/\/www.youtube.com\/watch?v=Hg6IhtuIQkA<\/a> <\/p>\n","protected":false},"excerpt":{"rendered":"<p>As sauda\u00e7\u00f5es do Gen Verde a todos os amigos do mundo <\/p>\n","protected":false},"author":1,"featured_media":3675,"comment_status":"closed","ping_status":"open","sticky":false,"template":"","format":"standard","meta":[],"categories":[889],"tags":[],"blocksy_meta":{"styles_descriptor":{"styles":{"desktop":"","tablet":"","mobile":""},"google_fonts":[]}},"featured_image_urls":{"full":["https:\/\/www.genverde.it\/wp-content\/uploads\/2021\/05\/copertina-video-natale-2020-genverde.jpg",1024,576,false],"thumbnail":["https:\/\/www.genverde.it\/wp-content\/uploads\/2021\/05\/copertina-video-natale-2020-genverde-150x150.jpg",150,150,true],"medium":["https:\/\/www.genverde.it\/wp-content\/uploads\/2021\/05\/copertina-video-natale-2020-genverde-300x169.jpg",300,169,true],"medium_large":["https:\/\/www.genverde.it\/wp-content\/uploads\/2021\/05\/copertina-video-natale-2020-genverde-768x432.jpg",768,432,true],"large":["https:\/\/www.genverde.it\/wp-content\/uploads\/2021\/05\/copertina-video-natale-2020-genverde.jpg",1024,576,false],"1536x1536":["https:\/\/www.genverde.it\/wp-content\/uploads\/2021\/05\/copertina-video-natale-2020-genverde.jpg",1024,576,false],"2048x2048":["https:\/\/www.genverde.it\/wp-content\/uploads\/2021\/05\/copertina-video-natale-2020-genverde.jpg",1024,576,false]},"post_excerpt_stackable":"<p>As sauda\u00e7\u00f5es do Gen Verde a todos os amigos do mundo <\/p>\n","category_list":"<a href=\"https:\/\/www.genverde.it\/pt\/category\/novos-lancamentos-musicais\/\" rel=\"category tag\">Novos lan\u00e7amentos musicais<\/a>","author_info":{"name":"domains@trizero.it","url":"https:\/\/www.genverde.it\/pt\/author\/domainstrizero-it\/"},"comments_num":"0 comments","yoast_head":"<!-- This site is optimized with the Yoast SEO plugin v20.10 - https:\/\/yoast.com\/wordpress\/plugins\/seo\/ -->\n<title>Uma estrela na noite de 2020<\/title>\n<meta name=\"robots\" content=\"index, follow, max-snippet:-1, max-image-preview:large, max-video-preview:-1\" \/>\n<link rel=\"canonical\" href=\"https:\/\/www.genverde.it\/pt\/una-stella-nella-notte-del-2020\/\" \/>\n<meta property=\"og:locale\" content=\"pt_PT\" \/>\n<meta property=\"og:type\" content=\"article\" \/>\n<meta property=\"og:title\" content=\"Uma estrela na noite de 2020\" \/>\n<meta property=\"og:description\" content=\"As sauda\u00e7\u00f5es do Gen Verde a todos os amigos do mundo\" \/>\n<meta property=\"og:url\" content=\"https:\/\/www.genverde.it\/pt\/una-stella-nella-notte-del-2020\/\" \/>\n<meta property=\"og:site_name\" content=\"Gen Verde\" \/>\n<meta property=\"article:published_time\" content=\"2020-12-02T11:39:00+00:00\" \/>\n<meta property=\"article:modified_time\" content=\"2025-11-25T14:56:12+00:00\" \/>\n<meta property=\"og:image\" content=\"https:\/\/www.genverde.it\/wp-content\/uploads\/2021\/05\/copertina-video-natale-2020-genverde.jpg\" \/>\n\t<meta property=\"og:image:width\" content=\"1024\" \/>\n\t<meta property=\"og:image:height\" content=\"576\" \/>\n\t<meta property=\"og:image:type\" content=\"image\/jpeg\" \/>\n<meta name=\"author\" content=\"domains@trizero.it\" \/>\n<meta name=\"twitter:card\" content=\"summary_large_image\" \/>\n<meta name=\"twitter:label1\" content=\"Written by\" \/>\n\t<meta name=\"twitter:data1\" content=\"domains@trizero.it\" \/>\n\t<meta name=\"twitter:label2\" content=\"Est. reading time\" \/>\n\t<meta name=\"twitter:data2\" content=\"1 minute\" \/>\n<script type=\"application\/ld+json\" class=\"yoast-schema-graph\">{\"@context\":\"https:\/\/schema.org\",\"@graph\":[{\"@type\":\"Article\",\"@id\":\"https:\/\/www.genverde.it\/pt\/una-stella-nella-notte-del-2020\/#article\",\"isPartOf\":{\"@id\":\"https:\/\/www.genverde.it\/pt\/una-stella-nella-notte-del-2020\/\"},\"author\":{\"name\":\"domains@trizero.it\",\"@id\":\"https:\/\/www.genverde.it\/pt\/#\/schema\/person\/6ecdde1503e1aac5a939c6b3d9cf61f8\"},\"headline\":\"Uma estrela na noite de 2020\",\"datePublished\":\"2020-12-02T11:39:00+00:00\",\"dateModified\":\"2025-11-25T14:56:12+00:00\",\"mainEntityOfPage\":{\"@id\":\"https:\/\/www.genverde.it\/pt\/una-stella-nella-notte-del-2020\/\"},\"wordCount\":205,\"publisher\":{\"@id\":\"https:\/\/www.genverde.it\/pt\/#organization\"},\"articleSection\":[\"Novos lan\u00e7amentos musicais\"],\"inLanguage\":\"pt\"},{\"@type\":\"WebPage\",\"@id\":\"https:\/\/www.genverde.it\/pt\/una-stella-nella-notte-del-2020\/\",\"url\":\"https:\/\/www.genverde.it\/pt\/una-stella-nella-notte-del-2020\/\",\"name\":\"Uma estrela na noite de 2020\",\"isPartOf\":{\"@id\":\"https:\/\/www.genverde.it\/pt\/#website\"},\"datePublished\":\"2020-12-02T11:39:00+00:00\",\"dateModified\":\"2025-11-25T14:56:12+00:00\",\"breadcrumb\":{\"@id\":\"https:\/\/www.genverde.it\/pt\/una-stella-nella-notte-del-2020\/#breadcrumb\"},\"inLanguage\":\"pt\",\"potentialAction\":[{\"@type\":\"ReadAction\",\"target\":[\"https:\/\/www.genverde.it\/pt\/una-stella-nella-notte-del-2020\/\"]}]},{\"@type\":\"BreadcrumbList\",\"@id\":\"https:\/\/www.genverde.it\/pt\/una-stella-nella-notte-del-2020\/#breadcrumb\",\"itemListElement\":[{\"@type\":\"ListItem\",\"position\":1,\"name\":\"Home\",\"item\":\"https:\/\/www.genverde.it\/pt\/\"},{\"@type\":\"ListItem\",\"position\":2,\"name\":\"Uma estrela na noite de 2020\"}]},{\"@type\":\"WebSite\",\"@id\":\"https:\/\/www.genverde.it\/pt\/#website\",\"url\":\"https:\/\/www.genverde.it\/pt\/\",\"name\":\"Gen Verde\",\"description\":\"\",\"publisher\":{\"@id\":\"https:\/\/www.genverde.it\/pt\/#organization\"},\"potentialAction\":[{\"@type\":\"SearchAction\",\"target\":{\"@type\":\"EntryPoint\",\"urlTemplate\":\"https:\/\/www.genverde.it\/pt\/?s={search_term_string}\"},\"query-input\":\"required name=search_term_string\"}],\"inLanguage\":\"pt\"},{\"@type\":\"Organization\",\"@id\":\"https:\/\/www.genverde.it\/pt\/#organization\",\"name\":\"Gen Verde\",\"url\":\"https:\/\/www.genverde.it\/pt\/\",\"logo\":{\"@type\":\"ImageObject\",\"inLanguage\":\"pt\",\"@id\":\"https:\/\/www.genverde.it\/pt\/#\/schema\/logo\/image\/\",\"url\":\"https:\/\/www.genverde.it\/wp-content\/uploads\/2021\/05\/logo-gen-verde-black.png\",\"contentUrl\":\"https:\/\/www.genverde.it\/wp-content\/uploads\/2021\/05\/logo-gen-verde-black.png\",\"width\":646,\"height\":392,\"caption\":\"Gen Verde\"},\"image\":{\"@id\":\"https:\/\/www.genverde.it\/pt\/#\/schema\/logo\/image\/\"}},{\"@type\":\"Person\",\"@id\":\"https:\/\/www.genverde.it\/pt\/#\/schema\/person\/6ecdde1503e1aac5a939c6b3d9cf61f8\",\"name\":\"domains@trizero.it\",\"image\":{\"@type\":\"ImageObject\",\"inLanguage\":\"pt\",\"@id\":\"https:\/\/www.genverde.it\/pt\/#\/schema\/person\/image\/\",\"url\":\"https:\/\/secure.gravatar.com\/avatar\/27dca0b5fa1711a07921f4e77851c7c6?s=96&d=mm&r=g\",\"contentUrl\":\"https:\/\/secure.gravatar.com\/avatar\/27dca0b5fa1711a07921f4e77851c7c6?s=96&d=mm&r=g\",\"caption\":\"domains@trizero.it\"},\"sameAs\":[\"https:\/\/genverde.trizero.it\"]}]}<\/script>\n<!-- \/ Yoast SEO plugin. -->","yoast_head_json":{"title":"Uma estrela na noite de 2020","robots":{"index":"index","follow":"follow","max-snippet":"max-snippet:-1","max-image-preview":"max-image-preview:large","max-video-preview":"max-video-preview:-1"},"canonical":"https:\/\/www.genverde.it\/pt\/una-stella-nella-notte-del-2020\/","og_locale":"pt_PT","og_type":"article","og_title":"Uma estrela na noite de 2020","og_description":"As sauda\u00e7\u00f5es do Gen Verde a todos os amigos do mundo","og_url":"https:\/\/www.genverde.it\/pt\/una-stella-nella-notte-del-2020\/","og_site_name":"Gen Verde","article_published_time":"2020-12-02T11:39:00+00:00","article_modified_time":"2025-11-25T14:56:12+00:00","og_image":[{"width":1024,"height":576,"url":"https:\/\/www.genverde.it\/wp-content\/uploads\/2021\/05\/copertina-video-natale-2020-genverde.jpg","type":"image\/jpeg"}],"author":"domains@trizero.it","twitter_card":"summary_large_image","twitter_misc":{"Written by":"domains@trizero.it","Est. reading time":"1 minute"},"schema":{"@context":"https:\/\/schema.org","@graph":[{"@type":"Article","@id":"https:\/\/www.genverde.it\/pt\/una-stella-nella-notte-del-2020\/#article","isPartOf":{"@id":"https:\/\/www.genverde.it\/pt\/una-stella-nella-notte-del-2020\/"},"author":{"name":"domains@trizero.it","@id":"https:\/\/www.genverde.it\/pt\/#\/schema\/person\/6ecdde1503e1aac5a939c6b3d9cf61f8"},"headline":"Uma estrela na noite de 2020","datePublished":"2020-12-02T11:39:00+00:00","dateModified":"2025-11-25T14:56:12+00:00","mainEntityOfPage":{"@id":"https:\/\/www.genverde.it\/pt\/una-stella-nella-notte-del-2020\/"},"wordCount":205,"publisher":{"@id":"https:\/\/www.genverde.it\/pt\/#organization"},"articleSection":["Novos lan\u00e7amentos musicais"],"inLanguage":"pt"},{"@type":"WebPage","@id":"https:\/\/www.genverde.it\/pt\/una-stella-nella-notte-del-2020\/","url":"https:\/\/www.genverde.it\/pt\/una-stella-nella-notte-del-2020\/","name":"Uma estrela na noite de 2020","isPartOf":{"@id":"https:\/\/www.genverde.it\/pt\/#website"},"datePublished":"2020-12-02T11:39:00+00:00","dateModified":"2025-11-25T14:56:12+00:00","breadcrumb":{"@id":"https:\/\/www.genverde.it\/pt\/una-stella-nella-notte-del-2020\/#breadcrumb"},"inLanguage":"pt","potentialAction":[{"@type":"ReadAction","target":["https:\/\/www.genverde.it\/pt\/una-stella-nella-notte-del-2020\/"]}]},{"@type":"BreadcrumbList","@id":"https:\/\/www.genverde.it\/pt\/una-stella-nella-notte-del-2020\/#breadcrumb","itemListElement":[{"@type":"ListItem","position":1,"name":"Home","item":"https:\/\/www.genverde.it\/pt\/"},{"@type":"ListItem","position":2,"name":"Uma estrela na noite de 2020"}]},{"@type":"WebSite","@id":"https:\/\/www.genverde.it\/pt\/#website","url":"https:\/\/www.genverde.it\/pt\/","name":"Gen Verde","description":"","publisher":{"@id":"https:\/\/www.genverde.it\/pt\/#organization"},"potentialAction":[{"@type":"SearchAction","target":{"@type":"EntryPoint","urlTemplate":"https:\/\/www.genverde.it\/pt\/?s={search_term_string}"},"query-input":"required name=search_term_string"}],"inLanguage":"pt"},{"@type":"Organization","@id":"https:\/\/www.genverde.it\/pt\/#organization","name":"Gen Verde","url":"https:\/\/www.genverde.it\/pt\/","logo":{"@type":"ImageObject","inLanguage":"pt","@id":"https:\/\/www.genverde.it\/pt\/#\/schema\/logo\/image\/","url":"https:\/\/www.genverde.it\/wp-content\/uploads\/2021\/05\/logo-gen-verde-black.png","contentUrl":"https:\/\/www.genverde.it\/wp-content\/uploads\/2021\/05\/logo-gen-verde-black.png","width":646,"height":392,"caption":"Gen Verde"},"image":{"@id":"https:\/\/www.genverde.it\/pt\/#\/schema\/logo\/image\/"}},{"@type":"Person","@id":"https:\/\/www.genverde.it\/pt\/#\/schema\/person\/6ecdde1503e1aac5a939c6b3d9cf61f8","name":"domains@trizero.it","image":{"@type":"ImageObject","inLanguage":"pt","@id":"https:\/\/www.genverde.it\/pt\/#\/schema\/person\/image\/","url":"https:\/\/secure.gravatar.com\/avatar\/27dca0b5fa1711a07921f4e77851c7c6?s=96&d=mm&r=g","contentUrl":"https:\/\/secure.gravatar.com\/avatar\/27dca0b5fa1711a07921f4e77851c7c6?s=96&d=mm&r=g","caption":"domains@trizero.it"},"sameAs":["https:\/\/genverde.trizero.it"]}]}},"_links":{"self":[{"href":"https:\/\/www.genverde.it\/pt\/wp-json\/wp\/v2\/posts\/3674"}],"collection":[{"href":"https:\/\/www.genverde.it\/pt\/wp-json\/wp\/v2\/posts"}],"about":[{"href":"https:\/\/www.genverde.it\/pt\/wp-json\/wp\/v2\/types\/post"}],"author":[{"embeddable":true,"href":"https:\/\/www.genverde.it\/pt\/wp-json\/wp\/v2\/users\/1"}],"replies":[{"embeddable":true,"href":"https:\/\/www.genverde.it\/pt\/wp-json\/wp\/v2\/comments?post=3674"}],"version-history":[{"count":7,"href":"https:\/\/www.genverde.it\/pt\/wp-json\/wp\/v2\/posts\/3674\/revisions"}],"predecessor-version":[{"id":35967,"href":"https:\/\/www.genverde.it\/pt\/wp-json\/wp\/v2\/posts\/3674\/revisions\/35967"}],"wp:featuredmedia":[{"embeddable":true,"href":"https:\/\/www.genverde.it\/pt\/wp-json\/wp\/v2\/media\/3675"}],"wp:attachment":[{"href":"https:\/\/www.genverde.it\/pt\/wp-json\/wp\/v2\/media?parent=3674"}],"wp:term":[{"taxonomy":"category","embeddable":true,"href":"https:\/\/www.genverde.it\/pt\/wp-json\/wp\/v2\/categories?post=3674"},{"taxonomy":"post_tag","embeddable":true,"href":"https:\/\/www.genverde.it\/pt\/wp-json\/wp\/v2\/tags?post=3674"}],"curies":[{"name":"wp","href":"https:\/\/api.w.org\/{rel}","templated":true}]}}