{"id":3834,"date":"2020-05-11T11:52:00","date_gmt":"2020-05-11T09:52:00","guid":{"rendered":"https:\/\/www.genverde.it\/um-verdadeiro-festival-de-fraternidade\/"},"modified":"2025-11-25T15:46:45","modified_gmt":"2025-11-25T14:46:45","slug":"um-verdadeiro-festival-de-fraternidade","status":"publish","type":"post","link":"https:\/\/www.genverde.it\/pt\/um-verdadeiro-festival-de-fraternidade\/","title":{"rendered":"Um verdadeiro festival de fraternidade"},"content":{"rendered":"\n<p>Um zoom, uma transiss\u00e3o ao vivo no YouTube, ou no Facebook ou no Instagram. S\u00e3o estes hoje os instrumentos para manter vivos os relacionamentos, as rela\u00e7\u00f5es tamb\u00e9m\u2026 a milhares de quil\u00f4metros de dist\u00e2ncia. S\u00e3o demolidos assim muros e barreiras, basta ter sobre controle o fuso hor\u00e1rio e entender em qual l\u00edngua se fala.<\/p>\n\n\n\n<p>Parece estranho, mas \u00e9 esta a vida do Gen Verde em tempo de pandemia. Uma vida aparentemente isolada, em vez disso, mais do que nunca imersa no mundo, em contato com as pessoas.<\/p>\n\n\n\n<p>E ainda mais nos \u00faltimos dias que marcaram a Semana Mundo Unido, um verdadeiro festival de fraternidade. \u201cEncontramos milhares de jovens da Fran\u00e7a ao M\u00e9xico, da \u00cdndia \u00e0 Argentina, da It\u00e1lia \u00e0 Portugal sem deixar de fora todos os pa\u00edses da Am\u00e9rica Latina \u2013 conta Marita -; do relacionamento com cada um redescobrimos que podemos fazer isso se permanecermos unidos, vivendo juntos por ideais grandes como a paz e a fraternidade universal. Juntos podemos ser costrutores de uma grande fam\u00edlia que tem as dimens\u00f5es do mundo\u201d.<\/p>\n\n\n\n<p>E realmente a fam\u00edlia tem hoje novas dimens\u00f5es. O Gen Verde encontrou em uma s\u00f3 semana mais de 50 mil pessoas dos 5 continentes. Pode parecer imposs\u00edvel falar hoje dos aspectos positivos do COVID-19 e ao inv\u00e9s n\u00e3o, o mundo est\u00e1 correndo rumo \u00e0 fraternitade e o testemunham tamb\u00e9m as tantas, tant\u00edssimas impress\u00f5es que chegam nas plataformas digitais do Gen Verde:<\/p>\n\n\n\n<ul>\n<li>\u201cA verdade \u00e9 que nunca imaginei que poderia fazer qualquer coisa com o Gen Verde, \u00e9 algo incr\u00edvel tudo o que est\u00e1 acontecendo conosco, \u00e9 o momento certo!!!\u201d<\/li>\n\n\n\n<li>\u201c\u00c9 t\u00e3o lindo se sentir como uma fam\u00edlia e t\u00e3o pr\u00f3ximos\u201d<\/li>\n<\/ul>\n\n\n\n<p>E o Gen Verde agora recebe os mais diversos pedidos: \u201cum dia nos contataram da comunidade Shalom da Su\u00ed\u00e7a italiana \u2013 conta Alessandra -; sentimos que n\u00e3o podemos e n\u00e3o queremos nos retirar porque as nossas m\u00fasicas e experi\u00eancias s\u00e3o seguidos e compartilhados e, em pouco tempo, organizamos uma transmiss\u00e3o ao vivo com eles e foi lindo, sobretudo porque tivemos a possibilidade de conhecer um ao outro e descobrir o dom que somos uns para os outros\u201d.<\/p>\n\n\n\n<p>E quais os pr\u00f3ximos passos? As transmiss\u00f5es ao vivo continuar\u00e3o e n\u00e3o vamos deixar de fora nenhuma possibilidade de encontro com jovens de todo o mundo e&#8230; tamb\u00e9m no local h\u00e1 v\u00eddeoaulas com alguns estudantes de escolas italianas que j\u00e1 tiveram um modo, atrav\u00e9s de seus professores, para refletir sobre as m\u00fasicas e letras do Gen Verde.<\/p>\n\n\n\n<p>Em resumo, mudam os contextos e as formas, mas a pandemia est\u00e1 pedindo a todos que almejem o mundo unido, a fraternidade universal.<\/p>\n\n\n\n<p class=\"has-text-align-right\"><em>Tiziana Nicastro<\/em><\/p>\n\n\n\n<p>Link YouTube: <a href=\"https:\/\/www.youtube.com\/watch?v=AHifOZUrr7U\" data-rel=\"prettyPhoto-video-0\" target=\"_blank\" rel=\"noreferrer noopener\">https:\/\/www.youtube.com\/watch?v=AHifOZUrr7U<\/a><\/p>\n","protected":false},"excerpt":{"rendered":"<p>O Gen Verde encontra 50 mil jovens durante a Semana Mundo Unido. <\/p>\n","protected":false},"author":1,"featured_media":0,"comment_status":"closed","ping_status":"open","sticky":false,"template":"","format":"standard","meta":[],"categories":[891],"tags":[],"blocksy_meta":{"styles_descriptor":{"styles":{"desktop":"","tablet":"","mobile":""},"google_fonts":[]}},"featured_image_urls":{"full":"","thumbnail":"","medium":"","medium_large":"","large":"","1536x1536":"","2048x2048":""},"post_excerpt_stackable":"<p>O Gen Verde encontra 50 mil jovens durante a Semana Mundo Unido. <\/p>\n","category_list":"<a href=\"https:\/\/www.genverde.it\/pt\/category\/projetos-culturais-e-sociais\/\" rel=\"category tag\">Projetos culturais e sociais<\/a>","author_info":{"name":"domains@trizero.it","url":"https:\/\/www.genverde.it\/pt\/author\/domainstrizero-it\/"},"comments_num":"0 comments","yoast_head":"<!-- This site is optimized with the Yoast SEO plugin v20.10 - https:\/\/yoast.com\/wordpress\/plugins\/seo\/ -->\n<title>Um verdadeiro festival de fraternidade<\/title>\n<meta name=\"robots\" content=\"index, follow, max-snippet:-1, max-image-preview:large, max-video-preview:-1\" \/>\n<link rel=\"canonical\" href=\"https:\/\/www.genverde.it\/pt\/um-verdadeiro-festival-de-fraternidade\/\" \/>\n<meta property=\"og:locale\" content=\"pt_PT\" \/>\n<meta property=\"og:type\" content=\"article\" \/>\n<meta property=\"og:title\" content=\"Um verdadeiro festival de fraternidade\" \/>\n<meta property=\"og:description\" content=\"O Gen Verde encontra 50 mil jovens durante a Semana Mundo Unido.\" \/>\n<meta property=\"og:url\" content=\"https:\/\/www.genverde.it\/pt\/um-verdadeiro-festival-de-fraternidade\/\" \/>\n<meta property=\"og:site_name\" content=\"Gen Verde\" \/>\n<meta property=\"article:published_time\" content=\"2020-05-11T09:52:00+00:00\" \/>\n<meta property=\"article:modified_time\" content=\"2025-11-25T14:46:45+00:00\" \/>\n<meta property=\"og:image\" content=\"https:\/\/www.genverde.it\/wp-content\/uploads\/2021\/06\/logo-gen-verde-semplice.png\" \/>\n\t<meta property=\"og:image:width\" content=\"646\" \/>\n\t<meta property=\"og:image:height\" content=\"237\" \/>\n\t<meta property=\"og:image:type\" content=\"image\/png\" \/>\n<meta name=\"author\" content=\"domains@trizero.it\" \/>\n<meta name=\"twitter:card\" content=\"summary_large_image\" \/>\n<meta name=\"twitter:label1\" content=\"Written by\" \/>\n\t<meta name=\"twitter:data1\" content=\"domains@trizero.it\" \/>\n\t<meta name=\"twitter:label2\" content=\"Est. reading time\" \/>\n\t<meta name=\"twitter:data2\" content=\"3 minutes\" \/>\n<script type=\"application\/ld+json\" class=\"yoast-schema-graph\">{\"@context\":\"https:\/\/schema.org\",\"@graph\":[{\"@type\":\"Article\",\"@id\":\"https:\/\/www.genverde.it\/pt\/um-verdadeiro-festival-de-fraternidade\/#article\",\"isPartOf\":{\"@id\":\"https:\/\/www.genverde.it\/pt\/um-verdadeiro-festival-de-fraternidade\/\"},\"author\":{\"name\":\"domains@trizero.it\",\"@id\":\"https:\/\/www.genverde.it\/pt\/#\/schema\/person\/6ecdde1503e1aac5a939c6b3d9cf61f8\"},\"headline\":\"Um verdadeiro festival de fraternidade\",\"datePublished\":\"2020-05-11T09:52:00+00:00\",\"dateModified\":\"2025-11-25T14:46:45+00:00\",\"mainEntityOfPage\":{\"@id\":\"https:\/\/www.genverde.it\/pt\/um-verdadeiro-festival-de-fraternidade\/\"},\"wordCount\":478,\"publisher\":{\"@id\":\"https:\/\/www.genverde.it\/pt\/#organization\"},\"articleSection\":[\"Projetos culturais e sociais\"],\"inLanguage\":\"pt\"},{\"@type\":\"WebPage\",\"@id\":\"https:\/\/www.genverde.it\/pt\/um-verdadeiro-festival-de-fraternidade\/\",\"url\":\"https:\/\/www.genverde.it\/pt\/um-verdadeiro-festival-de-fraternidade\/\",\"name\":\"Um verdadeiro festival de fraternidade\",\"isPartOf\":{\"@id\":\"https:\/\/www.genverde.it\/pt\/#website\"},\"datePublished\":\"2020-05-11T09:52:00+00:00\",\"dateModified\":\"2025-11-25T14:46:45+00:00\",\"breadcrumb\":{\"@id\":\"https:\/\/www.genverde.it\/pt\/um-verdadeiro-festival-de-fraternidade\/#breadcrumb\"},\"inLanguage\":\"pt\",\"potentialAction\":[{\"@type\":\"ReadAction\",\"target\":[\"https:\/\/www.genverde.it\/pt\/um-verdadeiro-festival-de-fraternidade\/\"]}]},{\"@type\":\"BreadcrumbList\",\"@id\":\"https:\/\/www.genverde.it\/pt\/um-verdadeiro-festival-de-fraternidade\/#breadcrumb\",\"itemListElement\":[{\"@type\":\"ListItem\",\"position\":1,\"name\":\"Home\",\"item\":\"https:\/\/www.genverde.it\/pt\/\"},{\"@type\":\"ListItem\",\"position\":2,\"name\":\"Um verdadeiro festival de fraternidade\"}]},{\"@type\":\"WebSite\",\"@id\":\"https:\/\/www.genverde.it\/pt\/#website\",\"url\":\"https:\/\/www.genverde.it\/pt\/\",\"name\":\"Gen Verde\",\"description\":\"\",\"publisher\":{\"@id\":\"https:\/\/www.genverde.it\/pt\/#organization\"},\"potentialAction\":[{\"@type\":\"SearchAction\",\"target\":{\"@type\":\"EntryPoint\",\"urlTemplate\":\"https:\/\/www.genverde.it\/pt\/?s={search_term_string}\"},\"query-input\":\"required name=search_term_string\"}],\"inLanguage\":\"pt\"},{\"@type\":\"Organization\",\"@id\":\"https:\/\/www.genverde.it\/pt\/#organization\",\"name\":\"Gen Verde\",\"url\":\"https:\/\/www.genverde.it\/pt\/\",\"logo\":{\"@type\":\"ImageObject\",\"inLanguage\":\"pt\",\"@id\":\"https:\/\/www.genverde.it\/pt\/#\/schema\/logo\/image\/\",\"url\":\"https:\/\/www.genverde.it\/wp-content\/uploads\/2021\/05\/logo-gen-verde-black.png\",\"contentUrl\":\"https:\/\/www.genverde.it\/wp-content\/uploads\/2021\/05\/logo-gen-verde-black.png\",\"width\":646,\"height\":392,\"caption\":\"Gen Verde\"},\"image\":{\"@id\":\"https:\/\/www.genverde.it\/pt\/#\/schema\/logo\/image\/\"}},{\"@type\":\"Person\",\"@id\":\"https:\/\/www.genverde.it\/pt\/#\/schema\/person\/6ecdde1503e1aac5a939c6b3d9cf61f8\",\"name\":\"domains@trizero.it\",\"image\":{\"@type\":\"ImageObject\",\"inLanguage\":\"pt\",\"@id\":\"https:\/\/www.genverde.it\/pt\/#\/schema\/person\/image\/\",\"url\":\"https:\/\/secure.gravatar.com\/avatar\/27dca0b5fa1711a07921f4e77851c7c6?s=96&d=mm&r=g\",\"contentUrl\":\"https:\/\/secure.gravatar.com\/avatar\/27dca0b5fa1711a07921f4e77851c7c6?s=96&d=mm&r=g\",\"caption\":\"domains@trizero.it\"},\"sameAs\":[\"https:\/\/genverde.trizero.it\"]}]}<\/script>\n<!-- \/ Yoast SEO plugin. -->","yoast_head_json":{"title":"Um verdadeiro festival de fraternidade","robots":{"index":"index","follow":"follow","max-snippet":"max-snippet:-1","max-image-preview":"max-image-preview:large","max-video-preview":"max-video-preview:-1"},"canonical":"https:\/\/www.genverde.it\/pt\/um-verdadeiro-festival-de-fraternidade\/","og_locale":"pt_PT","og_type":"article","og_title":"Um verdadeiro festival de fraternidade","og_description":"O Gen Verde encontra 50 mil jovens durante a Semana Mundo Unido.","og_url":"https:\/\/www.genverde.it\/pt\/um-verdadeiro-festival-de-fraternidade\/","og_site_name":"Gen Verde","article_published_time":"2020-05-11T09:52:00+00:00","article_modified_time":"2025-11-25T14:46:45+00:00","og_image":[{"width":646,"height":237,"url":"https:\/\/www.genverde.it\/wp-content\/uploads\/2021\/06\/logo-gen-verde-semplice.png","type":"image\/png"}],"author":"domains@trizero.it","twitter_card":"summary_large_image","twitter_misc":{"Written by":"domains@trizero.it","Est. reading time":"3 minutes"},"schema":{"@context":"https:\/\/schema.org","@graph":[{"@type":"Article","@id":"https:\/\/www.genverde.it\/pt\/um-verdadeiro-festival-de-fraternidade\/#article","isPartOf":{"@id":"https:\/\/www.genverde.it\/pt\/um-verdadeiro-festival-de-fraternidade\/"},"author":{"name":"domains@trizero.it","@id":"https:\/\/www.genverde.it\/pt\/#\/schema\/person\/6ecdde1503e1aac5a939c6b3d9cf61f8"},"headline":"Um verdadeiro festival de fraternidade","datePublished":"2020-05-11T09:52:00+00:00","dateModified":"2025-11-25T14:46:45+00:00","mainEntityOfPage":{"@id":"https:\/\/www.genverde.it\/pt\/um-verdadeiro-festival-de-fraternidade\/"},"wordCount":478,"publisher":{"@id":"https:\/\/www.genverde.it\/pt\/#organization"},"articleSection":["Projetos culturais e sociais"],"inLanguage":"pt"},{"@type":"WebPage","@id":"https:\/\/www.genverde.it\/pt\/um-verdadeiro-festival-de-fraternidade\/","url":"https:\/\/www.genverde.it\/pt\/um-verdadeiro-festival-de-fraternidade\/","name":"Um verdadeiro festival de fraternidade","isPartOf":{"@id":"https:\/\/www.genverde.it\/pt\/#website"},"datePublished":"2020-05-11T09:52:00+00:00","dateModified":"2025-11-25T14:46:45+00:00","breadcrumb":{"@id":"https:\/\/www.genverde.it\/pt\/um-verdadeiro-festival-de-fraternidade\/#breadcrumb"},"inLanguage":"pt","potentialAction":[{"@type":"ReadAction","target":["https:\/\/www.genverde.it\/pt\/um-verdadeiro-festival-de-fraternidade\/"]}]},{"@type":"BreadcrumbList","@id":"https:\/\/www.genverde.it\/pt\/um-verdadeiro-festival-de-fraternidade\/#breadcrumb","itemListElement":[{"@type":"ListItem","position":1,"name":"Home","item":"https:\/\/www.genverde.it\/pt\/"},{"@type":"ListItem","position":2,"name":"Um verdadeiro festival de fraternidade"}]},{"@type":"WebSite","@id":"https:\/\/www.genverde.it\/pt\/#website","url":"https:\/\/www.genverde.it\/pt\/","name":"Gen Verde","description":"","publisher":{"@id":"https:\/\/www.genverde.it\/pt\/#organization"},"potentialAction":[{"@type":"SearchAction","target":{"@type":"EntryPoint","urlTemplate":"https:\/\/www.genverde.it\/pt\/?s={search_term_string}"},"query-input":"required name=search_term_string"}],"inLanguage":"pt"},{"@type":"Organization","@id":"https:\/\/www.genverde.it\/pt\/#organization","name":"Gen Verde","url":"https:\/\/www.genverde.it\/pt\/","logo":{"@type":"ImageObject","inLanguage":"pt","@id":"https:\/\/www.genverde.it\/pt\/#\/schema\/logo\/image\/","url":"https:\/\/www.genverde.it\/wp-content\/uploads\/2021\/05\/logo-gen-verde-black.png","contentUrl":"https:\/\/www.genverde.it\/wp-content\/uploads\/2021\/05\/logo-gen-verde-black.png","width":646,"height":392,"caption":"Gen Verde"},"image":{"@id":"https:\/\/www.genverde.it\/pt\/#\/schema\/logo\/image\/"}},{"@type":"Person","@id":"https:\/\/www.genverde.it\/pt\/#\/schema\/person\/6ecdde1503e1aac5a939c6b3d9cf61f8","name":"domains@trizero.it","image":{"@type":"ImageObject","inLanguage":"pt","@id":"https:\/\/www.genverde.it\/pt\/#\/schema\/person\/image\/","url":"https:\/\/secure.gravatar.com\/avatar\/27dca0b5fa1711a07921f4e77851c7c6?s=96&d=mm&r=g","contentUrl":"https:\/\/secure.gravatar.com\/avatar\/27dca0b5fa1711a07921f4e77851c7c6?s=96&d=mm&r=g","caption":"domains@trizero.it"},"sameAs":["https:\/\/genverde.trizero.it"]}]}},"_links":{"self":[{"href":"https:\/\/www.genverde.it\/pt\/wp-json\/wp\/v2\/posts\/3834"}],"collection":[{"href":"https:\/\/www.genverde.it\/pt\/wp-json\/wp\/v2\/posts"}],"about":[{"href":"https:\/\/www.genverde.it\/pt\/wp-json\/wp\/v2\/types\/post"}],"author":[{"embeddable":true,"href":"https:\/\/www.genverde.it\/pt\/wp-json\/wp\/v2\/users\/1"}],"replies":[{"embeddable":true,"href":"https:\/\/www.genverde.it\/pt\/wp-json\/wp\/v2\/comments?post=3834"}],"version-history":[{"count":6,"href":"https:\/\/www.genverde.it\/pt\/wp-json\/wp\/v2\/posts\/3834\/revisions"}],"predecessor-version":[{"id":35944,"href":"https:\/\/www.genverde.it\/pt\/wp-json\/wp\/v2\/posts\/3834\/revisions\/35944"}],"wp:attachment":[{"href":"https:\/\/www.genverde.it\/pt\/wp-json\/wp\/v2\/media?parent=3834"}],"wp:term":[{"taxonomy":"category","embeddable":true,"href":"https:\/\/www.genverde.it\/pt\/wp-json\/wp\/v2\/categories?post=3834"},{"taxonomy":"post_tag","embeddable":true,"href":"https:\/\/www.genverde.it\/pt\/wp-json\/wp\/v2\/tags?post=3834"}],"curies":[{"name":"wp","href":"https:\/\/api.w.org\/{rel}","templated":true}]}}