{"id":3891,"date":"2020-04-10T11:28:00","date_gmt":"2020-04-10T09:28:00","guid":{"rendered":"https:\/\/www.genverde.it\/sexta-feira-santa\/"},"modified":"2025-11-25T15:58:02","modified_gmt":"2025-11-25T14:58:02","slug":"venerdi-santo","status":"publish","type":"post","link":"https:\/\/www.genverde.it\/pt\/venerdi-santo\/","title":{"rendered":"Sexta-Feira Santa"},"content":{"rendered":"\n<figure class=\"wp-block-embed is-type-video is-provider-youtube wp-block-embed-youtube wp-embed-aspect-16-9 wp-has-aspect-ratio\"><div class=\"wp-block-embed__wrapper\">\n<iframe title=\"Gen Verde - Morning Will Come (Official Lyric Video)\" width=\"1366\" height=\"768\" src=\"https:\/\/www.youtube.com\/embed\/DbKhFDFKzDA?feature=oembed\" frameborder=\"0\" allow=\"accelerometer; autoplay; clipboard-write; encrypted-media; gyroscope; picture-in-picture\" allowfullscreen><\/iframe><script type=\"application\/ld+json\">{\n\t\t\t\t\t\t\t\t\"@context\": \"https:\/\/schema.org\",\n\t\t\t\t\t\t\t\t\"@type\": \"VideoObject\",\n\t\t\t\t\t\t\t\t\"name\": \"Gen Verde - Morning Will Come (Official Lyric Video)\", \n\t\t\t\t\t\t\t\t\"description\": \"Good Friday lies at the heart of the passion and death of Jesus.\\nHe gave everything, to the point of experiencing the most profound solitude which led him to cry out: 'my God, why have you forsaken me?'\\nYet, he entrusted Himself to the Father, transforming suffering into love.\\nThere is no place His infinite love cannot reach, not even death and forsakenness.\\nRecently, I've felt overwhelmed by so much shocking news on COVID-19. \\nBut then when I remember that Jesus on the cross has taken on himself this suffering too,  \\nI am certain that He is close to those who are suffering and that this period will be followed by a resurrection.\\n\\nThis song, 'Morning Will Come\\u201d, is taken from the album 'He's Alive'  (https:\\\/\\\/tinyurl.com\\\/ua5sks5). The Italian version \\u201cAmore abbandonato\\u201d is also available in the album 'Il mistero pasquale' (https:\\\/\\\/tinyurl.com\\\/qsdnowc) and the Spanish version \\u201cAmor abandonado\\u201d is in the album  'Vive hoy, vive aqu\\u00ed\\u201d (https:\\\/\\\/tinyurl.com\\\/sbhebfu)\\n\\n#OfficialLyricVideo #GenVerde #MorningWillCome\\n\\n(C) Gen Verde 2020\",\n\t\t\t\t\t\t\t\t\"thumbnailUrl\": \"https:\/\/i.ytimg.com\/vi\/DbKhFDFKzDA\/mqdefault.jpg\",\n\t\t\t\t\t\t\t\t\"uploadDate\": \"2020-04-10T07:45:01Z\",\n\t\t\t\t\t\t\t\t\"duration\": \"PT3M29S\",  \n\t\t\t\t\t\t\t\t\"publisher\": {\n\t\t\t\t\t\t\t\t\t\"@type\": \"Organization\",\n\t\t\t\t\t\t\t\t\t\"name\": \"Genverde\",\n\t\t\t\t\t\t\t\t\t\"logo\": {\n\t\t\t\t\t\t\t\t\t\t\"@type\": \"ImageObject\",\n\t\t\t\t\t\t\t\t\t\t\"url\": \"https:\/\/www.genverde.it\/wp-content\/uploads\/2021\/06\/logo-gen-verde-semplice.png\",\n\t\t\t\t\t\t\t\t\t\t\"width\": \"646\",\n\t\t\t\t\t\t\t\t\t\t\"height\": \"237\"\n\t\t\t\t\t\t\t\t\t}\n\t\t\t\t\t\t\t\t},\n\t\t\t\t\t\t\t\t\"embedUrl\": \"https:\/\/youtu.be\/DbKhFDFKzDA\",\n\t\t\t\t\t\t\t\t\"interactionCount\": \"31360\" \n\t\t\t\t\t\t\t}<\/script>\n<\/div><\/figure>\n\n\n<p><\/p>\n<p>A Sexta-feira Santa nos leva ao grande abismo da paix\u00e3o e morte de Jesus.<br>Jesus deu tudo, at\u00e9 o ponto de experimentar a solid\u00e3o mais profunda e lan\u00e7a um grito de abandono: Meu Deus, porque me abandonaste?<br>Ainda se entrega ao Pai e transforma a dor em amor.<br>N\u00e3o existe um lugar onde n\u00e3o chegue o seu amor extremo, nem mesmo a morte e o abandono.<br>Nesse per\u00edodo me senti esmagada com tantas not\u00edcias dram\u00e1ticas sobre o COVID-19. Ent\u00e3o me lembrei que Jesus na cruz assumiu sobre si tamb\u00e9m esses sofrimentos. Agora sei que Ele est\u00e1 pr\u00f3ximo daqueles que sofrem e que este per\u00edodo ser\u00e1 seguido pela Ressurrei\u00e7\u00e3o.<\/p>\n<p>Link YouTube &#8211; <a href=\"https:\/\/www.youtube.com\/watch?v=DbKhFDFKzDA\" data-rel=\"prettyPhoto-video-0\" target=\"_blank\" rel=\"noopener\">https:\/\/www.youtube.com\/watch?v=DbKhFDFKzDA<\/a><\/p>","protected":false},"excerpt":{"rendered":"<p>A Sexta-feira Santa nos leva ao grande abismo da paix\u00e3o e morte de Jesus.Jesus deu\u2026<\/p>\n","protected":false},"author":1,"featured_media":0,"comment_status":"closed","ping_status":"open","sticky":false,"template":"","format":"standard","meta":[],"categories":[889],"tags":[],"blocksy_meta":{"styles_descriptor":{"styles":{"desktop":"","tablet":"","mobile":""},"google_fonts":[]}},"featured_image_urls":{"full":"","thumbnail":"","medium":"","medium_large":"","large":"","1536x1536":"","2048x2048":""},"post_excerpt_stackable":"<p>A Sexta-feira Santa nos leva ao grande abismo da paix\u00e3o e morte de Jesus.Jesus deu tudo, at\u00e9 o ponto de experimentar a solid\u00e3o mais profunda e lan\u00e7a um grito de abandono: Meu Deus, porque me abandonaste?Ainda se entrega ao Pai e transforma a dor em amor.N\u00e3o existe um lugar onde n\u00e3o chegue o seu amor extremo, nem mesmo a morte e o abandono.Nesse per\u00edodo me senti esmagada com tantas not\u00edcias dram\u00e1ticas sobre o COVID-19. Ent\u00e3o me lembrei que Jesus na cruz assumiu sobre si tamb\u00e9m esses sofrimentos. Agora sei que Ele est\u00e1 pr\u00f3ximo daqueles que sofrem e que este per\u00edodo&hellip;<\/p>\n","category_list":"<a href=\"https:\/\/www.genverde.it\/pt\/category\/novos-lancamentos-musicais\/\" rel=\"category tag\">Novos lan\u00e7amentos musicais<\/a>","author_info":{"name":"domains@trizero.it","url":"https:\/\/www.genverde.it\/pt\/author\/domainstrizero-it\/"},"comments_num":"0 comments","yoast_head":"<!-- This site is optimized with the Yoast SEO plugin v20.10 - https:\/\/yoast.com\/wordpress\/plugins\/seo\/ -->\n<title>Sexta-Feira Santa<\/title>\n<meta name=\"robots\" content=\"index, follow, max-snippet:-1, max-image-preview:large, max-video-preview:-1\" \/>\n<link rel=\"canonical\" href=\"https:\/\/www.genverde.it\/pt\/venerdi-santo\/\" \/>\n<meta property=\"og:locale\" content=\"pt_PT\" \/>\n<meta property=\"og:type\" content=\"article\" \/>\n<meta property=\"og:title\" content=\"Sexta-Feira Santa\" \/>\n<meta property=\"og:description\" content=\"A Sexta-feira Santa nos leva ao grande abismo da paix\u00e3o e morte de Jesus.Jesus deu\u2026\" \/>\n<meta property=\"og:url\" content=\"https:\/\/www.genverde.it\/pt\/venerdi-santo\/\" \/>\n<meta property=\"og:site_name\" content=\"Gen Verde\" \/>\n<meta property=\"article:published_time\" content=\"2020-04-10T09:28:00+00:00\" \/>\n<meta property=\"article:modified_time\" content=\"2025-11-25T14:58:02+00:00\" \/>\n<meta property=\"og:image\" content=\"https:\/\/www.genverde.it\/wp-content\/uploads\/2021\/06\/logo-gen-verde-semplice.png\" \/>\n\t<meta property=\"og:image:width\" content=\"646\" \/>\n\t<meta property=\"og:image:height\" content=\"237\" \/>\n\t<meta property=\"og:image:type\" content=\"image\/png\" \/>\n<meta name=\"author\" content=\"domains@trizero.it\" \/>\n<meta name=\"twitter:card\" content=\"summary_large_image\" \/>\n<meta name=\"twitter:label1\" content=\"Written by\" \/>\n\t<meta name=\"twitter:data1\" content=\"domains@trizero.it\" \/>\n\t<meta name=\"twitter:label2\" content=\"Est. reading time\" \/>\n\t<meta name=\"twitter:data2\" content=\"1 minute\" \/>\n<script type=\"application\/ld+json\" class=\"yoast-schema-graph\">{\"@context\":\"https:\/\/schema.org\",\"@graph\":[{\"@type\":\"Article\",\"@id\":\"https:\/\/www.genverde.it\/pt\/venerdi-santo\/#article\",\"isPartOf\":{\"@id\":\"https:\/\/www.genverde.it\/pt\/venerdi-santo\/\"},\"author\":{\"name\":\"domains@trizero.it\",\"@id\":\"https:\/\/www.genverde.it\/pt\/#\/schema\/person\/6ecdde1503e1aac5a939c6b3d9cf61f8\"},\"headline\":\"Sexta-Feira Santa\",\"datePublished\":\"2020-04-10T09:28:00+00:00\",\"dateModified\":\"2025-11-25T14:58:02+00:00\",\"mainEntityOfPage\":{\"@id\":\"https:\/\/www.genverde.it\/pt\/venerdi-santo\/\"},\"wordCount\":140,\"publisher\":{\"@id\":\"https:\/\/www.genverde.it\/pt\/#organization\"},\"articleSection\":[\"Novos lan\u00e7amentos musicais\"],\"inLanguage\":\"pt\"},{\"@type\":\"WebPage\",\"@id\":\"https:\/\/www.genverde.it\/pt\/venerdi-santo\/\",\"url\":\"https:\/\/www.genverde.it\/pt\/venerdi-santo\/\",\"name\":\"Sexta-Feira Santa\",\"isPartOf\":{\"@id\":\"https:\/\/www.genverde.it\/pt\/#website\"},\"datePublished\":\"2020-04-10T09:28:00+00:00\",\"dateModified\":\"2025-11-25T14:58:02+00:00\",\"breadcrumb\":{\"@id\":\"https:\/\/www.genverde.it\/pt\/venerdi-santo\/#breadcrumb\"},\"inLanguage\":\"pt\",\"potentialAction\":[{\"@type\":\"ReadAction\",\"target\":[\"https:\/\/www.genverde.it\/pt\/venerdi-santo\/\"]}]},{\"@type\":\"BreadcrumbList\",\"@id\":\"https:\/\/www.genverde.it\/pt\/venerdi-santo\/#breadcrumb\",\"itemListElement\":[{\"@type\":\"ListItem\",\"position\":1,\"name\":\"Home\",\"item\":\"https:\/\/www.genverde.it\/pt\/\"},{\"@type\":\"ListItem\",\"position\":2,\"name\":\"Sexta-Feira Santa\"}]},{\"@type\":\"WebSite\",\"@id\":\"https:\/\/www.genverde.it\/pt\/#website\",\"url\":\"https:\/\/www.genverde.it\/pt\/\",\"name\":\"Gen Verde\",\"description\":\"\",\"publisher\":{\"@id\":\"https:\/\/www.genverde.it\/pt\/#organization\"},\"potentialAction\":[{\"@type\":\"SearchAction\",\"target\":{\"@type\":\"EntryPoint\",\"urlTemplate\":\"https:\/\/www.genverde.it\/pt\/?s={search_term_string}\"},\"query-input\":\"required name=search_term_string\"}],\"inLanguage\":\"pt\"},{\"@type\":\"Organization\",\"@id\":\"https:\/\/www.genverde.it\/pt\/#organization\",\"name\":\"Gen Verde\",\"url\":\"https:\/\/www.genverde.it\/pt\/\",\"logo\":{\"@type\":\"ImageObject\",\"inLanguage\":\"pt\",\"@id\":\"https:\/\/www.genverde.it\/pt\/#\/schema\/logo\/image\/\",\"url\":\"https:\/\/www.genverde.it\/wp-content\/uploads\/2021\/05\/logo-gen-verde-black.png\",\"contentUrl\":\"https:\/\/www.genverde.it\/wp-content\/uploads\/2021\/05\/logo-gen-verde-black.png\",\"width\":646,\"height\":392,\"caption\":\"Gen Verde\"},\"image\":{\"@id\":\"https:\/\/www.genverde.it\/pt\/#\/schema\/logo\/image\/\"}},{\"@type\":\"Person\",\"@id\":\"https:\/\/www.genverde.it\/pt\/#\/schema\/person\/6ecdde1503e1aac5a939c6b3d9cf61f8\",\"name\":\"domains@trizero.it\",\"image\":{\"@type\":\"ImageObject\",\"inLanguage\":\"pt\",\"@id\":\"https:\/\/www.genverde.it\/pt\/#\/schema\/person\/image\/\",\"url\":\"https:\/\/secure.gravatar.com\/avatar\/27dca0b5fa1711a07921f4e77851c7c6?s=96&d=mm&r=g\",\"contentUrl\":\"https:\/\/secure.gravatar.com\/avatar\/27dca0b5fa1711a07921f4e77851c7c6?s=96&d=mm&r=g\",\"caption\":\"domains@trizero.it\"},\"sameAs\":[\"https:\/\/genverde.trizero.it\"]}]}<\/script>\n<!-- \/ Yoast SEO plugin. -->","yoast_head_json":{"title":"Sexta-Feira Santa","robots":{"index":"index","follow":"follow","max-snippet":"max-snippet:-1","max-image-preview":"max-image-preview:large","max-video-preview":"max-video-preview:-1"},"canonical":"https:\/\/www.genverde.it\/pt\/venerdi-santo\/","og_locale":"pt_PT","og_type":"article","og_title":"Sexta-Feira Santa","og_description":"A Sexta-feira Santa nos leva ao grande abismo da paix\u00e3o e morte de Jesus.Jesus deu\u2026","og_url":"https:\/\/www.genverde.it\/pt\/venerdi-santo\/","og_site_name":"Gen Verde","article_published_time":"2020-04-10T09:28:00+00:00","article_modified_time":"2025-11-25T14:58:02+00:00","og_image":[{"width":646,"height":237,"url":"https:\/\/www.genverde.it\/wp-content\/uploads\/2021\/06\/logo-gen-verde-semplice.png","type":"image\/png"}],"author":"domains@trizero.it","twitter_card":"summary_large_image","twitter_misc":{"Written by":"domains@trizero.it","Est. reading time":"1 minute"},"schema":{"@context":"https:\/\/schema.org","@graph":[{"@type":"Article","@id":"https:\/\/www.genverde.it\/pt\/venerdi-santo\/#article","isPartOf":{"@id":"https:\/\/www.genverde.it\/pt\/venerdi-santo\/"},"author":{"name":"domains@trizero.it","@id":"https:\/\/www.genverde.it\/pt\/#\/schema\/person\/6ecdde1503e1aac5a939c6b3d9cf61f8"},"headline":"Sexta-Feira Santa","datePublished":"2020-04-10T09:28:00+00:00","dateModified":"2025-11-25T14:58:02+00:00","mainEntityOfPage":{"@id":"https:\/\/www.genverde.it\/pt\/venerdi-santo\/"},"wordCount":140,"publisher":{"@id":"https:\/\/www.genverde.it\/pt\/#organization"},"articleSection":["Novos lan\u00e7amentos musicais"],"inLanguage":"pt"},{"@type":"WebPage","@id":"https:\/\/www.genverde.it\/pt\/venerdi-santo\/","url":"https:\/\/www.genverde.it\/pt\/venerdi-santo\/","name":"Sexta-Feira Santa","isPartOf":{"@id":"https:\/\/www.genverde.it\/pt\/#website"},"datePublished":"2020-04-10T09:28:00+00:00","dateModified":"2025-11-25T14:58:02+00:00","breadcrumb":{"@id":"https:\/\/www.genverde.it\/pt\/venerdi-santo\/#breadcrumb"},"inLanguage":"pt","potentialAction":[{"@type":"ReadAction","target":["https:\/\/www.genverde.it\/pt\/venerdi-santo\/"]}]},{"@type":"BreadcrumbList","@id":"https:\/\/www.genverde.it\/pt\/venerdi-santo\/#breadcrumb","itemListElement":[{"@type":"ListItem","position":1,"name":"Home","item":"https:\/\/www.genverde.it\/pt\/"},{"@type":"ListItem","position":2,"name":"Sexta-Feira Santa"}]},{"@type":"WebSite","@id":"https:\/\/www.genverde.it\/pt\/#website","url":"https:\/\/www.genverde.it\/pt\/","name":"Gen Verde","description":"","publisher":{"@id":"https:\/\/www.genverde.it\/pt\/#organization"},"potentialAction":[{"@type":"SearchAction","target":{"@type":"EntryPoint","urlTemplate":"https:\/\/www.genverde.it\/pt\/?s={search_term_string}"},"query-input":"required name=search_term_string"}],"inLanguage":"pt"},{"@type":"Organization","@id":"https:\/\/www.genverde.it\/pt\/#organization","name":"Gen Verde","url":"https:\/\/www.genverde.it\/pt\/","logo":{"@type":"ImageObject","inLanguage":"pt","@id":"https:\/\/www.genverde.it\/pt\/#\/schema\/logo\/image\/","url":"https:\/\/www.genverde.it\/wp-content\/uploads\/2021\/05\/logo-gen-verde-black.png","contentUrl":"https:\/\/www.genverde.it\/wp-content\/uploads\/2021\/05\/logo-gen-verde-black.png","width":646,"height":392,"caption":"Gen Verde"},"image":{"@id":"https:\/\/www.genverde.it\/pt\/#\/schema\/logo\/image\/"}},{"@type":"Person","@id":"https:\/\/www.genverde.it\/pt\/#\/schema\/person\/6ecdde1503e1aac5a939c6b3d9cf61f8","name":"domains@trizero.it","image":{"@type":"ImageObject","inLanguage":"pt","@id":"https:\/\/www.genverde.it\/pt\/#\/schema\/person\/image\/","url":"https:\/\/secure.gravatar.com\/avatar\/27dca0b5fa1711a07921f4e77851c7c6?s=96&d=mm&r=g","contentUrl":"https:\/\/secure.gravatar.com\/avatar\/27dca0b5fa1711a07921f4e77851c7c6?s=96&d=mm&r=g","caption":"domains@trizero.it"},"sameAs":["https:\/\/genverde.trizero.it"]}]}},"_links":{"self":[{"href":"https:\/\/www.genverde.it\/pt\/wp-json\/wp\/v2\/posts\/3891"}],"collection":[{"href":"https:\/\/www.genverde.it\/pt\/wp-json\/wp\/v2\/posts"}],"about":[{"href":"https:\/\/www.genverde.it\/pt\/wp-json\/wp\/v2\/types\/post"}],"author":[{"embeddable":true,"href":"https:\/\/www.genverde.it\/pt\/wp-json\/wp\/v2\/users\/1"}],"replies":[{"embeddable":true,"href":"https:\/\/www.genverde.it\/pt\/wp-json\/wp\/v2\/comments?post=3891"}],"version-history":[{"count":6,"href":"https:\/\/www.genverde.it\/pt\/wp-json\/wp\/v2\/posts\/3891\/revisions"}],"predecessor-version":[{"id":35973,"href":"https:\/\/www.genverde.it\/pt\/wp-json\/wp\/v2\/posts\/3891\/revisions\/35973"}],"wp:attachment":[{"href":"https:\/\/www.genverde.it\/pt\/wp-json\/wp\/v2\/media?parent=3891"}],"wp:term":[{"taxonomy":"category","embeddable":true,"href":"https:\/\/www.genverde.it\/pt\/wp-json\/wp\/v2\/categories?post=3891"},{"taxonomy":"post_tag","embeddable":true,"href":"https:\/\/www.genverde.it\/pt\/wp-json\/wp\/v2\/tags?post=3891"}],"curies":[{"name":"wp","href":"https:\/\/api.w.org\/{rel}","templated":true}]}}