{"id":3900,"date":"2020-04-09T11:25:00","date_gmt":"2020-04-09T09:25:00","guid":{"rendered":"https:\/\/www.genverde.it\/quinta-feira-santa\/"},"modified":"2025-11-25T15:58:04","modified_gmt":"2025-11-25T14:58:04","slug":"giovedi-santo","status":"publish","type":"post","link":"https:\/\/www.genverde.it\/pt\/giovedi-santo\/","title":{"rendered":"Quinta-feira Santa"},"content":{"rendered":"\n<figure class=\"wp-block-embed is-type-video is-provider-youtube wp-block-embed-youtube wp-embed-aspect-16-9 wp-has-aspect-ratio\"><div class=\"wp-block-embed__wrapper\">\n<iframe title=\"Gen Verde - Servire \u00e8 regnare (Official Lyric Video)\" width=\"1366\" height=\"768\" src=\"https:\/\/www.youtube.com\/embed\/nJYq0OsOho0?feature=oembed\" frameborder=\"0\" allow=\"accelerometer; autoplay; clipboard-write; encrypted-media; gyroscope; picture-in-picture\" allowfullscreen><\/iframe><script type=\"application\/ld+json\">{\n\t\t\t\t\t\t\t\t\"@context\": \"https:\/\/schema.org\",\n\t\t\t\t\t\t\t\t\"@type\": \"VideoObject\",\n\t\t\t\t\t\t\t\t\"name\": \"Gen Verde - Servire \u00e8 regnare (Official Lyric Video)\", \n\t\t\t\t\t\t\t\t\"description\": \"Gioved\\u00ec Santo\\nIl Gioved\\u00ec Santo ci ricorda quali sono i grandissimi doni d'amore che il Cielo ha riversato sulla Terra. Oltre al dono di s\\u00e9 nell'Eucaristia, Ges\\u00f9 dice ai suoi discepoli: 'Amatevi l'un l\\u2019altro come io ho amato voi\\u201d. \\u00c8 Lui per primo a mostrarci questo tipo di amore inginocchiandosi a terra per lavare i loro piedi. \\u00c8 un amore che si abbassa, che si piega, che sa servire\\u2026 che d\\u00e0 la vita.\\nSulle orme di Ges\\u00f9, anch\\u2019io in questi giorni cos\\u00ec particolari sto cercando di vivere cos\\u00ec e questo sta rivoluzionando le mie giornate, perch\\u00e9 ho capito che non sono pi\\u00f9 importanti le cose che faccio, ma come le faccio. Penso che alla fine di tutto rimarr\\u00e0 solo questo, l\\u2019Amore.\\n\\nQuesto brano, \\u201cServire \\u00e8 regnare\\u201d, \\u00e8 tratto dall\\u2019album \\u201cIl mistero pasquale\\u201d (https:\\\/\\\/tinyurl.com\\\/v6otmmo). E\\u2019 disponibile anche la versione in spagnolo \\u201cServir es reinar\\u201d nell\\u2019album \\u201cVive hoy, vive aqu\\u00ed\\u201d (https:\\\/\\\/tinyurl.com\\\/yxyqh539) e in inglese \\u201cLove\\u2019s True Meaning\\u201d nell\\u2019album \\u201cHe\\u2019s Alive\\u201d (https:\\\/\\\/tinyurl.com\\\/snbj75y).\\n\\n(C) Gen Verde 2020\\n\\n#OfficialLyricVideo #GenVerde #Servire\\u00e8regnare\",\n\t\t\t\t\t\t\t\t\"thumbnailUrl\": \"https:\/\/i.ytimg.com\/vi\/nJYq0OsOho0\/mqdefault.jpg\",\n\t\t\t\t\t\t\t\t\"uploadDate\": \"2020-04-09T08:00:12Z\",\n\t\t\t\t\t\t\t\t\"duration\": \"PT2M27S\",  \n\t\t\t\t\t\t\t\t\"publisher\": {\n\t\t\t\t\t\t\t\t\t\"@type\": \"Organization\",\n\t\t\t\t\t\t\t\t\t\"name\": \"Genverde\",\n\t\t\t\t\t\t\t\t\t\"logo\": {\n\t\t\t\t\t\t\t\t\t\t\"@type\": \"ImageObject\",\n\t\t\t\t\t\t\t\t\t\t\"url\": \"https:\/\/www.genverde.it\/wp-content\/uploads\/2021\/06\/logo-gen-verde-semplice.png\",\n\t\t\t\t\t\t\t\t\t\t\"width\": \"646\",\n\t\t\t\t\t\t\t\t\t\t\"height\": \"237\"\n\t\t\t\t\t\t\t\t\t}\n\t\t\t\t\t\t\t\t},\n\t\t\t\t\t\t\t\t\"embedUrl\": \"https:\/\/youtu.be\/nJYq0OsOho0\",\n\t\t\t\t\t\t\t\t\"interactionCount\": \"1864967\" \n\t\t\t\t\t\t\t}<\/script>\n<\/div><\/figure>\n\n\n\n<p>A Quinta-feira Santa nos lembra quais s\u00e3o os grand\u00edssimos dons de amor que o C\u00e9u derramou sobre a Terra. Al\u00e9m do dom de si na Eucaristia, Jesus diz aos seus disc\u00edpulos: &#8220;Amai-vos uns aos outros como eu vos amei&#8221;. \u00c9 Ele por primeiro a nos mostrar esse tipo de amor ajoelhado-se no ch\u00e3o para lavar os seus p\u00e9s. \u00c9 um amor que se abaixa, que se curva, que sabe servir &#8230; que d\u00e1 a vida.<\/p>\n\n\n\n<p>Nos passos de Jesus, tamb\u00e9m eu nestes dias t\u00e3o particulares estou tentando viver assim e isso est\u00e1 revolucionando os meus dias, porque entendi que n\u00e3o s\u00e3o mais importantes as coisas que fa\u00e7o, mas como as fa\u00e7o. Acho que no final de tudo permanecer\u00e1 somente isso, o Amor.<\/p>\n\n\n\n<p>Link Youtube &#8211; <a href=\"https:\/\/www.youtube.com\/watch?v=nJYq0OsOho0\" data-rel=\"prettyPhoto-video-0\" target=\"_blank\" rel=\"noreferrer noopener\">https:\/\/www.youtube.com\/watch?v=nJYq0OsOho0<\/a><\/p>\n","protected":false},"excerpt":{"rendered":"<p>A Quinta-feira Santa nos lembra quais s\u00e3o os grand\u00edssimos dons de amor que o C\u00e9u\u2026<\/p>\n","protected":false},"author":1,"featured_media":0,"comment_status":"closed","ping_status":"open","sticky":false,"template":"","format":"standard","meta":[],"categories":[889],"tags":[],"blocksy_meta":{"styles_descriptor":{"styles":{"desktop":"","tablet":"","mobile":""},"google_fonts":[]}},"featured_image_urls":{"full":"","thumbnail":"","medium":"","medium_large":"","large":"","1536x1536":"","2048x2048":""},"post_excerpt_stackable":"<p>A Quinta-feira Santa nos lembra quais s\u00e3o os grand\u00edssimos dons de amor que o C\u00e9u derramou sobre a Terra. Al\u00e9m do dom de si na Eucaristia, Jesus diz aos seus disc\u00edpulos: &#8220;Amai-vos uns aos outros como eu vos amei&#8221;. \u00c9 Ele por primeiro a nos mostrar esse tipo de amor ajoelhado-se no ch\u00e3o para lavar os seus p\u00e9s. \u00c9 um amor que se abaixa, que se curva, que sabe servir &#8230; que d\u00e1 a vida. Nos passos de Jesus, tamb\u00e9m eu nestes dias t\u00e3o particulares estou tentando viver assim e isso est\u00e1 revolucionando os meus dias, porque entendi que n\u00e3o&hellip;<\/p>\n","category_list":"<a href=\"https:\/\/www.genverde.it\/pt\/category\/novos-lancamentos-musicais\/\" rel=\"category tag\">Novos lan\u00e7amentos musicais<\/a>","author_info":{"name":"domains@trizero.it","url":"https:\/\/www.genverde.it\/pt\/author\/domainstrizero-it\/"},"comments_num":"0 comments","yoast_head":"<!-- This site is optimized with the Yoast SEO plugin v20.10 - https:\/\/yoast.com\/wordpress\/plugins\/seo\/ -->\n<title>Quinta-feira Santa<\/title>\n<meta name=\"robots\" content=\"index, follow, max-snippet:-1, max-image-preview:large, max-video-preview:-1\" \/>\n<link rel=\"canonical\" href=\"https:\/\/www.genverde.it\/pt\/giovedi-santo\/\" \/>\n<meta property=\"og:locale\" content=\"pt_PT\" \/>\n<meta property=\"og:type\" content=\"article\" \/>\n<meta property=\"og:title\" content=\"Quinta-feira Santa\" \/>\n<meta property=\"og:description\" content=\"A Quinta-feira Santa nos lembra quais s\u00e3o os grand\u00edssimos dons de amor que o C\u00e9u\u2026\" \/>\n<meta property=\"og:url\" content=\"https:\/\/www.genverde.it\/pt\/giovedi-santo\/\" \/>\n<meta property=\"og:site_name\" content=\"Gen Verde\" \/>\n<meta property=\"article:published_time\" content=\"2020-04-09T09:25:00+00:00\" \/>\n<meta property=\"article:modified_time\" content=\"2025-11-25T14:58:04+00:00\" \/>\n<meta property=\"og:image\" content=\"https:\/\/www.genverde.it\/wp-content\/uploads\/2021\/06\/logo-gen-verde-semplice.png\" \/>\n\t<meta property=\"og:image:width\" content=\"646\" \/>\n\t<meta property=\"og:image:height\" content=\"237\" \/>\n\t<meta property=\"og:image:type\" content=\"image\/png\" \/>\n<meta name=\"author\" content=\"domains@trizero.it\" \/>\n<meta name=\"twitter:card\" content=\"summary_large_image\" \/>\n<meta name=\"twitter:label1\" content=\"Written by\" \/>\n\t<meta name=\"twitter:data1\" content=\"domains@trizero.it\" \/>\n\t<meta name=\"twitter:label2\" content=\"Est. reading time\" \/>\n\t<meta name=\"twitter:data2\" content=\"1 minute\" \/>\n<script type=\"application\/ld+json\" class=\"yoast-schema-graph\">{\"@context\":\"https:\/\/schema.org\",\"@graph\":[{\"@type\":\"Article\",\"@id\":\"https:\/\/www.genverde.it\/pt\/giovedi-santo\/#article\",\"isPartOf\":{\"@id\":\"https:\/\/www.genverde.it\/pt\/giovedi-santo\/\"},\"author\":{\"name\":\"domains@trizero.it\",\"@id\":\"https:\/\/www.genverde.it\/pt\/#\/schema\/person\/6ecdde1503e1aac5a939c6b3d9cf61f8\"},\"headline\":\"Quinta-feira Santa\",\"datePublished\":\"2020-04-09T09:25:00+00:00\",\"dateModified\":\"2025-11-25T14:58:04+00:00\",\"mainEntityOfPage\":{\"@id\":\"https:\/\/www.genverde.it\/pt\/giovedi-santo\/\"},\"wordCount\":153,\"publisher\":{\"@id\":\"https:\/\/www.genverde.it\/pt\/#organization\"},\"articleSection\":[\"Novos lan\u00e7amentos musicais\"],\"inLanguage\":\"pt\"},{\"@type\":\"WebPage\",\"@id\":\"https:\/\/www.genverde.it\/pt\/giovedi-santo\/\",\"url\":\"https:\/\/www.genverde.it\/pt\/giovedi-santo\/\",\"name\":\"Quinta-feira Santa\",\"isPartOf\":{\"@id\":\"https:\/\/www.genverde.it\/pt\/#website\"},\"datePublished\":\"2020-04-09T09:25:00+00:00\",\"dateModified\":\"2025-11-25T14:58:04+00:00\",\"breadcrumb\":{\"@id\":\"https:\/\/www.genverde.it\/pt\/giovedi-santo\/#breadcrumb\"},\"inLanguage\":\"pt\",\"potentialAction\":[{\"@type\":\"ReadAction\",\"target\":[\"https:\/\/www.genverde.it\/pt\/giovedi-santo\/\"]}]},{\"@type\":\"BreadcrumbList\",\"@id\":\"https:\/\/www.genverde.it\/pt\/giovedi-santo\/#breadcrumb\",\"itemListElement\":[{\"@type\":\"ListItem\",\"position\":1,\"name\":\"Home\",\"item\":\"https:\/\/www.genverde.it\/pt\/\"},{\"@type\":\"ListItem\",\"position\":2,\"name\":\"Quinta-feira Santa\"}]},{\"@type\":\"WebSite\",\"@id\":\"https:\/\/www.genverde.it\/pt\/#website\",\"url\":\"https:\/\/www.genverde.it\/pt\/\",\"name\":\"Gen Verde\",\"description\":\"\",\"publisher\":{\"@id\":\"https:\/\/www.genverde.it\/pt\/#organization\"},\"potentialAction\":[{\"@type\":\"SearchAction\",\"target\":{\"@type\":\"EntryPoint\",\"urlTemplate\":\"https:\/\/www.genverde.it\/pt\/?s={search_term_string}\"},\"query-input\":\"required name=search_term_string\"}],\"inLanguage\":\"pt\"},{\"@type\":\"Organization\",\"@id\":\"https:\/\/www.genverde.it\/pt\/#organization\",\"name\":\"Gen Verde\",\"url\":\"https:\/\/www.genverde.it\/pt\/\",\"logo\":{\"@type\":\"ImageObject\",\"inLanguage\":\"pt\",\"@id\":\"https:\/\/www.genverde.it\/pt\/#\/schema\/logo\/image\/\",\"url\":\"https:\/\/www.genverde.it\/wp-content\/uploads\/2021\/05\/logo-gen-verde-black.png\",\"contentUrl\":\"https:\/\/www.genverde.it\/wp-content\/uploads\/2021\/05\/logo-gen-verde-black.png\",\"width\":646,\"height\":392,\"caption\":\"Gen Verde\"},\"image\":{\"@id\":\"https:\/\/www.genverde.it\/pt\/#\/schema\/logo\/image\/\"}},{\"@type\":\"Person\",\"@id\":\"https:\/\/www.genverde.it\/pt\/#\/schema\/person\/6ecdde1503e1aac5a939c6b3d9cf61f8\",\"name\":\"domains@trizero.it\",\"image\":{\"@type\":\"ImageObject\",\"inLanguage\":\"pt\",\"@id\":\"https:\/\/www.genverde.it\/pt\/#\/schema\/person\/image\/\",\"url\":\"https:\/\/secure.gravatar.com\/avatar\/27dca0b5fa1711a07921f4e77851c7c6?s=96&d=mm&r=g\",\"contentUrl\":\"https:\/\/secure.gravatar.com\/avatar\/27dca0b5fa1711a07921f4e77851c7c6?s=96&d=mm&r=g\",\"caption\":\"domains@trizero.it\"},\"sameAs\":[\"https:\/\/genverde.trizero.it\"]}]}<\/script>\n<!-- \/ Yoast SEO plugin. -->","yoast_head_json":{"title":"Quinta-feira Santa","robots":{"index":"index","follow":"follow","max-snippet":"max-snippet:-1","max-image-preview":"max-image-preview:large","max-video-preview":"max-video-preview:-1"},"canonical":"https:\/\/www.genverde.it\/pt\/giovedi-santo\/","og_locale":"pt_PT","og_type":"article","og_title":"Quinta-feira Santa","og_description":"A Quinta-feira Santa nos lembra quais s\u00e3o os grand\u00edssimos dons de amor que o C\u00e9u\u2026","og_url":"https:\/\/www.genverde.it\/pt\/giovedi-santo\/","og_site_name":"Gen Verde","article_published_time":"2020-04-09T09:25:00+00:00","article_modified_time":"2025-11-25T14:58:04+00:00","og_image":[{"width":646,"height":237,"url":"https:\/\/www.genverde.it\/wp-content\/uploads\/2021\/06\/logo-gen-verde-semplice.png","type":"image\/png"}],"author":"domains@trizero.it","twitter_card":"summary_large_image","twitter_misc":{"Written by":"domains@trizero.it","Est. reading time":"1 minute"},"schema":{"@context":"https:\/\/schema.org","@graph":[{"@type":"Article","@id":"https:\/\/www.genverde.it\/pt\/giovedi-santo\/#article","isPartOf":{"@id":"https:\/\/www.genverde.it\/pt\/giovedi-santo\/"},"author":{"name":"domains@trizero.it","@id":"https:\/\/www.genverde.it\/pt\/#\/schema\/person\/6ecdde1503e1aac5a939c6b3d9cf61f8"},"headline":"Quinta-feira Santa","datePublished":"2020-04-09T09:25:00+00:00","dateModified":"2025-11-25T14:58:04+00:00","mainEntityOfPage":{"@id":"https:\/\/www.genverde.it\/pt\/giovedi-santo\/"},"wordCount":153,"publisher":{"@id":"https:\/\/www.genverde.it\/pt\/#organization"},"articleSection":["Novos lan\u00e7amentos musicais"],"inLanguage":"pt"},{"@type":"WebPage","@id":"https:\/\/www.genverde.it\/pt\/giovedi-santo\/","url":"https:\/\/www.genverde.it\/pt\/giovedi-santo\/","name":"Quinta-feira Santa","isPartOf":{"@id":"https:\/\/www.genverde.it\/pt\/#website"},"datePublished":"2020-04-09T09:25:00+00:00","dateModified":"2025-11-25T14:58:04+00:00","breadcrumb":{"@id":"https:\/\/www.genverde.it\/pt\/giovedi-santo\/#breadcrumb"},"inLanguage":"pt","potentialAction":[{"@type":"ReadAction","target":["https:\/\/www.genverde.it\/pt\/giovedi-santo\/"]}]},{"@type":"BreadcrumbList","@id":"https:\/\/www.genverde.it\/pt\/giovedi-santo\/#breadcrumb","itemListElement":[{"@type":"ListItem","position":1,"name":"Home","item":"https:\/\/www.genverde.it\/pt\/"},{"@type":"ListItem","position":2,"name":"Quinta-feira Santa"}]},{"@type":"WebSite","@id":"https:\/\/www.genverde.it\/pt\/#website","url":"https:\/\/www.genverde.it\/pt\/","name":"Gen Verde","description":"","publisher":{"@id":"https:\/\/www.genverde.it\/pt\/#organization"},"potentialAction":[{"@type":"SearchAction","target":{"@type":"EntryPoint","urlTemplate":"https:\/\/www.genverde.it\/pt\/?s={search_term_string}"},"query-input":"required name=search_term_string"}],"inLanguage":"pt"},{"@type":"Organization","@id":"https:\/\/www.genverde.it\/pt\/#organization","name":"Gen Verde","url":"https:\/\/www.genverde.it\/pt\/","logo":{"@type":"ImageObject","inLanguage":"pt","@id":"https:\/\/www.genverde.it\/pt\/#\/schema\/logo\/image\/","url":"https:\/\/www.genverde.it\/wp-content\/uploads\/2021\/05\/logo-gen-verde-black.png","contentUrl":"https:\/\/www.genverde.it\/wp-content\/uploads\/2021\/05\/logo-gen-verde-black.png","width":646,"height":392,"caption":"Gen Verde"},"image":{"@id":"https:\/\/www.genverde.it\/pt\/#\/schema\/logo\/image\/"}},{"@type":"Person","@id":"https:\/\/www.genverde.it\/pt\/#\/schema\/person\/6ecdde1503e1aac5a939c6b3d9cf61f8","name":"domains@trizero.it","image":{"@type":"ImageObject","inLanguage":"pt","@id":"https:\/\/www.genverde.it\/pt\/#\/schema\/person\/image\/","url":"https:\/\/secure.gravatar.com\/avatar\/27dca0b5fa1711a07921f4e77851c7c6?s=96&d=mm&r=g","contentUrl":"https:\/\/secure.gravatar.com\/avatar\/27dca0b5fa1711a07921f4e77851c7c6?s=96&d=mm&r=g","caption":"domains@trizero.it"},"sameAs":["https:\/\/genverde.trizero.it"]}]}},"_links":{"self":[{"href":"https:\/\/www.genverde.it\/pt\/wp-json\/wp\/v2\/posts\/3900"}],"collection":[{"href":"https:\/\/www.genverde.it\/pt\/wp-json\/wp\/v2\/posts"}],"about":[{"href":"https:\/\/www.genverde.it\/pt\/wp-json\/wp\/v2\/types\/post"}],"author":[{"embeddable":true,"href":"https:\/\/www.genverde.it\/pt\/wp-json\/wp\/v2\/users\/1"}],"replies":[{"embeddable":true,"href":"https:\/\/www.genverde.it\/pt\/wp-json\/wp\/v2\/comments?post=3900"}],"version-history":[{"count":8,"href":"https:\/\/www.genverde.it\/pt\/wp-json\/wp\/v2\/posts\/3900\/revisions"}],"predecessor-version":[{"id":35974,"href":"https:\/\/www.genverde.it\/pt\/wp-json\/wp\/v2\/posts\/3900\/revisions\/35974"}],"wp:attachment":[{"href":"https:\/\/www.genverde.it\/pt\/wp-json\/wp\/v2\/media?parent=3900"}],"wp:term":[{"taxonomy":"category","embeddable":true,"href":"https:\/\/www.genverde.it\/pt\/wp-json\/wp\/v2\/categories?post=3900"},{"taxonomy":"post_tag","embeddable":true,"href":"https:\/\/www.genverde.it\/pt\/wp-json\/wp\/v2\/tags?post=3900"}],"curies":[{"name":"wp","href":"https:\/\/api.w.org\/{rel}","templated":true}]}}