{"id":3932,"date":"2020-06-26T12:10:00","date_gmt":"2020-06-26T10:10:00","guid":{"rendered":"https:\/\/www.genverde.it\/apoie-nos\/"},"modified":"2025-11-25T15:46:31","modified_gmt":"2025-11-25T14:46:31","slug":"apoie-nos","status":"publish","type":"post","link":"https:\/\/www.genverde.it\/pt\/apoie-nos\/","title":{"rendered":"Apoie-nos"},"content":{"rendered":"<div class=\"wp-block-image\">\n<figure class=\"aligncenter size-large\"><img decoding=\"async\" width=\"1024\" height=\"576\" src=\"https:\/\/www.genverde.it\/wp-content\/uploads\/2021\/05\/sostieni-gen-verde.jpg\" alt=\"\" class=\"wp-image-604\" srcset=\"https:\/\/www.genverde.it\/wp-content\/uploads\/2021\/05\/sostieni-gen-verde.jpg 1024w, https:\/\/www.genverde.it\/wp-content\/uploads\/2021\/05\/sostieni-gen-verde-300x169.jpg 300w, https:\/\/www.genverde.it\/wp-content\/uploads\/2021\/05\/sostieni-gen-verde-768x432.jpg 768w\" sizes=\"(max-width: 1024px) 100vw, 1024px\" \/><\/figure><\/div>\n\n\n<p>A pandemia do COVID-19 obrigou-nos a suspender os nossos concertos ao vivo, fazendo com que venha a diminuir uma das principais entradas da nossa economia.<\/p>\n\n\n\n<p>Mas n\u00e3o queremos parar de oferecer, atrav\u00e9s das nossas produ\u00e7\u00f5es nascidas do Evangelho vivido, testemunhos de fraternidade e sementes de esperan\u00e7a, t\u00e3o urgentes nestes tempos dif\u00edceis. <\/p>\n\n\n\n<p>Voc\u00ea tamb\u00e9m pode colaborar neste projeto.<\/p>\n\n\n\n<p><strong>APOIE-NOS<\/strong><\/p>\n\n\n\n<p><strong>\u00c9 GRA\u00c7AS \u00c0 SUA CONTRIBUI\u00c7\u00c3O QUE PODEMOS CONTINUAR A<\/strong><\/p>\n\n\n\n<ul>\n<li>oferecer momentos de condivis\u00e3o abertos a todos (como breves concertos de streaming, di\u00e1logos com quem os solicita, etc.)<\/li>\n<\/ul>\n\n\n\n<ul>\n<li>promover projetos educativos para jovens e adultos<\/li>\n<\/ul>\n\n\n\n<ul>\n<li>projetar novas composi\u00e7\u00f5es<\/li>\n<\/ul>\n\n\n<p><strong>Para Dep\u00f3sitos:<\/strong><\/p>\n<p>TRANSFER\u00caNCIA BANC\u00c1RIA<br>Conta dirigida para: Gen Verde della P.A.F.O.M.<br>IBAN: IT75 R030 6909 6061 0000 0102647<br>C\u00d3DIGO BIC: BCITITMM<\/p>","protected":false},"excerpt":{"rendered":"<p>A pandemia do COVID-19 obrigou-nos a suspender os nossos concertos ao vivo, fazendo com que\u2026<\/p>\n","protected":false},"author":1,"featured_media":3933,"comment_status":"closed","ping_status":"open","sticky":false,"template":"","format":"standard","meta":[],"categories":[891],"tags":[],"blocksy_meta":{"styles_descriptor":{"styles":{"desktop":"","tablet":"","mobile":""},"google_fonts":[]}},"featured_image_urls":{"full":["https:\/\/www.genverde.it\/wp-content\/uploads\/2021\/05\/sostieni-gen-verde.jpg",1024,576,false],"thumbnail":["https:\/\/www.genverde.it\/wp-content\/uploads\/2021\/05\/sostieni-gen-verde-150x150.jpg",150,150,true],"medium":["https:\/\/www.genverde.it\/wp-content\/uploads\/2021\/05\/sostieni-gen-verde-300x169.jpg",300,169,true],"medium_large":["https:\/\/www.genverde.it\/wp-content\/uploads\/2021\/05\/sostieni-gen-verde-768x432.jpg",768,432,true],"large":["https:\/\/www.genverde.it\/wp-content\/uploads\/2021\/05\/sostieni-gen-verde.jpg",1024,576,false],"1536x1536":["https:\/\/www.genverde.it\/wp-content\/uploads\/2021\/05\/sostieni-gen-verde.jpg",1024,576,false],"2048x2048":["https:\/\/www.genverde.it\/wp-content\/uploads\/2021\/05\/sostieni-gen-verde.jpg",1024,576,false]},"post_excerpt_stackable":"<p>A pandemia do COVID-19 obrigou-nos a suspender os nossos concertos ao vivo, fazendo com que venha a diminuir uma das principais entradas da nossa economia. Mas n\u00e3o queremos parar de oferecer, atrav\u00e9s das nossas produ\u00e7\u00f5es nascidas do Evangelho vivido, testemunhos de fraternidade e sementes de esperan\u00e7a, t\u00e3o urgentes nestes tempos dif\u00edceis. Voc\u00ea tamb\u00e9m pode colaborar neste projeto. APOIE-NOS \u00c9 GRA\u00c7AS \u00c0 SUA CONTRIBUI\u00c7\u00c3O QUE PODEMOS CONTINUAR A oferecer momentos de condivis\u00e3o abertos a todos (como breves concertos de streaming, di\u00e1logos com quem os solicita, etc.) promover projetos educativos para jovens e adultos projetar novas composi\u00e7\u00f5es Para Dep\u00f3sitos: TRANSFER\u00caNCIA BANC\u00c1RIAConta dirigida&hellip;<\/p>\n","category_list":"<a href=\"https:\/\/www.genverde.it\/pt\/category\/projetos-culturais-e-sociais\/\" rel=\"category tag\">Projetos culturais e sociais<\/a>","author_info":{"name":"domains@trizero.it","url":"https:\/\/www.genverde.it\/pt\/author\/domainstrizero-it\/"},"comments_num":"0 comments","yoast_head":"<!-- This site is optimized with the Yoast SEO plugin v20.10 - https:\/\/yoast.com\/wordpress\/plugins\/seo\/ -->\n<title>Apoie-nos<\/title>\n<meta name=\"robots\" content=\"index, follow, max-snippet:-1, max-image-preview:large, max-video-preview:-1\" \/>\n<link rel=\"canonical\" href=\"https:\/\/www.genverde.it\/pt\/apoie-nos\/\" \/>\n<meta property=\"og:locale\" content=\"pt_PT\" \/>\n<meta property=\"og:type\" content=\"article\" \/>\n<meta property=\"og:title\" content=\"Apoie-nos\" \/>\n<meta property=\"og:description\" content=\"A pandemia do COVID-19 obrigou-nos a suspender os nossos concertos ao vivo, fazendo com que\u2026\" \/>\n<meta property=\"og:url\" content=\"https:\/\/www.genverde.it\/pt\/apoie-nos\/\" \/>\n<meta property=\"og:site_name\" content=\"Gen Verde\" \/>\n<meta property=\"article:published_time\" content=\"2020-06-26T10:10:00+00:00\" \/>\n<meta property=\"article:modified_time\" content=\"2025-11-25T14:46:31+00:00\" \/>\n<meta property=\"og:image\" content=\"https:\/\/www.genverde.it\/wp-content\/uploads\/2021\/05\/sostieni-gen-verde.jpg\" \/>\n\t<meta property=\"og:image:width\" content=\"1024\" \/>\n\t<meta property=\"og:image:height\" content=\"576\" \/>\n\t<meta property=\"og:image:type\" content=\"image\/jpeg\" \/>\n<meta name=\"author\" content=\"domains@trizero.it\" \/>\n<meta name=\"twitter:card\" content=\"summary_large_image\" \/>\n<meta name=\"twitter:label1\" content=\"Written by\" \/>\n\t<meta name=\"twitter:data1\" content=\"domains@trizero.it\" \/>\n\t<meta name=\"twitter:label2\" content=\"Est. reading time\" \/>\n\t<meta name=\"twitter:data2\" content=\"1 minute\" \/>\n<script type=\"application\/ld+json\" class=\"yoast-schema-graph\">{\"@context\":\"https:\/\/schema.org\",\"@graph\":[{\"@type\":\"Article\",\"@id\":\"https:\/\/www.genverde.it\/pt\/apoie-nos\/#article\",\"isPartOf\":{\"@id\":\"https:\/\/www.genverde.it\/pt\/apoie-nos\/\"},\"author\":{\"name\":\"domains@trizero.it\",\"@id\":\"https:\/\/www.genverde.it\/pt\/#\/schema\/person\/6ecdde1503e1aac5a939c6b3d9cf61f8\"},\"headline\":\"Apoie-nos\",\"datePublished\":\"2020-06-26T10:10:00+00:00\",\"dateModified\":\"2025-11-25T14:46:31+00:00\",\"mainEntityOfPage\":{\"@id\":\"https:\/\/www.genverde.it\/pt\/apoie-nos\/\"},\"wordCount\":130,\"publisher\":{\"@id\":\"https:\/\/www.genverde.it\/pt\/#organization\"},\"articleSection\":[\"Projetos culturais e sociais\"],\"inLanguage\":\"pt\"},{\"@type\":\"WebPage\",\"@id\":\"https:\/\/www.genverde.it\/pt\/apoie-nos\/\",\"url\":\"https:\/\/www.genverde.it\/pt\/apoie-nos\/\",\"name\":\"Apoie-nos\",\"isPartOf\":{\"@id\":\"https:\/\/www.genverde.it\/pt\/#website\"},\"datePublished\":\"2020-06-26T10:10:00+00:00\",\"dateModified\":\"2025-11-25T14:46:31+00:00\",\"breadcrumb\":{\"@id\":\"https:\/\/www.genverde.it\/pt\/apoie-nos\/#breadcrumb\"},\"inLanguage\":\"pt\",\"potentialAction\":[{\"@type\":\"ReadAction\",\"target\":[\"https:\/\/www.genverde.it\/pt\/apoie-nos\/\"]}]},{\"@type\":\"BreadcrumbList\",\"@id\":\"https:\/\/www.genverde.it\/pt\/apoie-nos\/#breadcrumb\",\"itemListElement\":[{\"@type\":\"ListItem\",\"position\":1,\"name\":\"Home\",\"item\":\"https:\/\/www.genverde.it\/pt\/\"},{\"@type\":\"ListItem\",\"position\":2,\"name\":\"Apoie-nos\"}]},{\"@type\":\"WebSite\",\"@id\":\"https:\/\/www.genverde.it\/pt\/#website\",\"url\":\"https:\/\/www.genverde.it\/pt\/\",\"name\":\"Gen Verde\",\"description\":\"\",\"publisher\":{\"@id\":\"https:\/\/www.genverde.it\/pt\/#organization\"},\"potentialAction\":[{\"@type\":\"SearchAction\",\"target\":{\"@type\":\"EntryPoint\",\"urlTemplate\":\"https:\/\/www.genverde.it\/pt\/?s={search_term_string}\"},\"query-input\":\"required name=search_term_string\"}],\"inLanguage\":\"pt\"},{\"@type\":\"Organization\",\"@id\":\"https:\/\/www.genverde.it\/pt\/#organization\",\"name\":\"Gen Verde\",\"url\":\"https:\/\/www.genverde.it\/pt\/\",\"logo\":{\"@type\":\"ImageObject\",\"inLanguage\":\"pt\",\"@id\":\"https:\/\/www.genverde.it\/pt\/#\/schema\/logo\/image\/\",\"url\":\"https:\/\/www.genverde.it\/wp-content\/uploads\/2021\/05\/logo-gen-verde-black.png\",\"contentUrl\":\"https:\/\/www.genverde.it\/wp-content\/uploads\/2021\/05\/logo-gen-verde-black.png\",\"width\":646,\"height\":392,\"caption\":\"Gen Verde\"},\"image\":{\"@id\":\"https:\/\/www.genverde.it\/pt\/#\/schema\/logo\/image\/\"}},{\"@type\":\"Person\",\"@id\":\"https:\/\/www.genverde.it\/pt\/#\/schema\/person\/6ecdde1503e1aac5a939c6b3d9cf61f8\",\"name\":\"domains@trizero.it\",\"image\":{\"@type\":\"ImageObject\",\"inLanguage\":\"pt\",\"@id\":\"https:\/\/www.genverde.it\/pt\/#\/schema\/person\/image\/\",\"url\":\"https:\/\/secure.gravatar.com\/avatar\/27dca0b5fa1711a07921f4e77851c7c6?s=96&d=mm&r=g\",\"contentUrl\":\"https:\/\/secure.gravatar.com\/avatar\/27dca0b5fa1711a07921f4e77851c7c6?s=96&d=mm&r=g\",\"caption\":\"domains@trizero.it\"},\"sameAs\":[\"https:\/\/genverde.trizero.it\"]}]}<\/script>\n<!-- \/ Yoast SEO plugin. -->","yoast_head_json":{"title":"Apoie-nos","robots":{"index":"index","follow":"follow","max-snippet":"max-snippet:-1","max-image-preview":"max-image-preview:large","max-video-preview":"max-video-preview:-1"},"canonical":"https:\/\/www.genverde.it\/pt\/apoie-nos\/","og_locale":"pt_PT","og_type":"article","og_title":"Apoie-nos","og_description":"A pandemia do COVID-19 obrigou-nos a suspender os nossos concertos ao vivo, fazendo com que\u2026","og_url":"https:\/\/www.genverde.it\/pt\/apoie-nos\/","og_site_name":"Gen Verde","article_published_time":"2020-06-26T10:10:00+00:00","article_modified_time":"2025-11-25T14:46:31+00:00","og_image":[{"width":1024,"height":576,"url":"https:\/\/www.genverde.it\/wp-content\/uploads\/2021\/05\/sostieni-gen-verde.jpg","type":"image\/jpeg"}],"author":"domains@trizero.it","twitter_card":"summary_large_image","twitter_misc":{"Written by":"domains@trizero.it","Est. reading time":"1 minute"},"schema":{"@context":"https:\/\/schema.org","@graph":[{"@type":"Article","@id":"https:\/\/www.genverde.it\/pt\/apoie-nos\/#article","isPartOf":{"@id":"https:\/\/www.genverde.it\/pt\/apoie-nos\/"},"author":{"name":"domains@trizero.it","@id":"https:\/\/www.genverde.it\/pt\/#\/schema\/person\/6ecdde1503e1aac5a939c6b3d9cf61f8"},"headline":"Apoie-nos","datePublished":"2020-06-26T10:10:00+00:00","dateModified":"2025-11-25T14:46:31+00:00","mainEntityOfPage":{"@id":"https:\/\/www.genverde.it\/pt\/apoie-nos\/"},"wordCount":130,"publisher":{"@id":"https:\/\/www.genverde.it\/pt\/#organization"},"articleSection":["Projetos culturais e sociais"],"inLanguage":"pt"},{"@type":"WebPage","@id":"https:\/\/www.genverde.it\/pt\/apoie-nos\/","url":"https:\/\/www.genverde.it\/pt\/apoie-nos\/","name":"Apoie-nos","isPartOf":{"@id":"https:\/\/www.genverde.it\/pt\/#website"},"datePublished":"2020-06-26T10:10:00+00:00","dateModified":"2025-11-25T14:46:31+00:00","breadcrumb":{"@id":"https:\/\/www.genverde.it\/pt\/apoie-nos\/#breadcrumb"},"inLanguage":"pt","potentialAction":[{"@type":"ReadAction","target":["https:\/\/www.genverde.it\/pt\/apoie-nos\/"]}]},{"@type":"BreadcrumbList","@id":"https:\/\/www.genverde.it\/pt\/apoie-nos\/#breadcrumb","itemListElement":[{"@type":"ListItem","position":1,"name":"Home","item":"https:\/\/www.genverde.it\/pt\/"},{"@type":"ListItem","position":2,"name":"Apoie-nos"}]},{"@type":"WebSite","@id":"https:\/\/www.genverde.it\/pt\/#website","url":"https:\/\/www.genverde.it\/pt\/","name":"Gen Verde","description":"","publisher":{"@id":"https:\/\/www.genverde.it\/pt\/#organization"},"potentialAction":[{"@type":"SearchAction","target":{"@type":"EntryPoint","urlTemplate":"https:\/\/www.genverde.it\/pt\/?s={search_term_string}"},"query-input":"required name=search_term_string"}],"inLanguage":"pt"},{"@type":"Organization","@id":"https:\/\/www.genverde.it\/pt\/#organization","name":"Gen Verde","url":"https:\/\/www.genverde.it\/pt\/","logo":{"@type":"ImageObject","inLanguage":"pt","@id":"https:\/\/www.genverde.it\/pt\/#\/schema\/logo\/image\/","url":"https:\/\/www.genverde.it\/wp-content\/uploads\/2021\/05\/logo-gen-verde-black.png","contentUrl":"https:\/\/www.genverde.it\/wp-content\/uploads\/2021\/05\/logo-gen-verde-black.png","width":646,"height":392,"caption":"Gen Verde"},"image":{"@id":"https:\/\/www.genverde.it\/pt\/#\/schema\/logo\/image\/"}},{"@type":"Person","@id":"https:\/\/www.genverde.it\/pt\/#\/schema\/person\/6ecdde1503e1aac5a939c6b3d9cf61f8","name":"domains@trizero.it","image":{"@type":"ImageObject","inLanguage":"pt","@id":"https:\/\/www.genverde.it\/pt\/#\/schema\/person\/image\/","url":"https:\/\/secure.gravatar.com\/avatar\/27dca0b5fa1711a07921f4e77851c7c6?s=96&d=mm&r=g","contentUrl":"https:\/\/secure.gravatar.com\/avatar\/27dca0b5fa1711a07921f4e77851c7c6?s=96&d=mm&r=g","caption":"domains@trizero.it"},"sameAs":["https:\/\/genverde.trizero.it"]}]}},"_links":{"self":[{"href":"https:\/\/www.genverde.it\/pt\/wp-json\/wp\/v2\/posts\/3932"}],"collection":[{"href":"https:\/\/www.genverde.it\/pt\/wp-json\/wp\/v2\/posts"}],"about":[{"href":"https:\/\/www.genverde.it\/pt\/wp-json\/wp\/v2\/types\/post"}],"author":[{"embeddable":true,"href":"https:\/\/www.genverde.it\/pt\/wp-json\/wp\/v2\/users\/1"}],"replies":[{"embeddable":true,"href":"https:\/\/www.genverde.it\/pt\/wp-json\/wp\/v2\/comments?post=3932"}],"version-history":[{"count":5,"href":"https:\/\/www.genverde.it\/pt\/wp-json\/wp\/v2\/posts\/3932\/revisions"}],"predecessor-version":[{"id":35941,"href":"https:\/\/www.genverde.it\/pt\/wp-json\/wp\/v2\/posts\/3932\/revisions\/35941"}],"wp:featuredmedia":[{"embeddable":true,"href":"https:\/\/www.genverde.it\/pt\/wp-json\/wp\/v2\/media\/3933"}],"wp:attachment":[{"href":"https:\/\/www.genverde.it\/pt\/wp-json\/wp\/v2\/media?parent=3932"}],"wp:term":[{"taxonomy":"category","embeddable":true,"href":"https:\/\/www.genverde.it\/pt\/wp-json\/wp\/v2\/categories?post=3932"},{"taxonomy":"post_tag","embeddable":true,"href":"https:\/\/www.genverde.it\/pt\/wp-json\/wp\/v2\/tags?post=3932"}],"curies":[{"name":"wp","href":"https:\/\/api.w.org\/{rel}","templated":true}]}}