{"id":3983,"date":"2020-09-16T12:25:00","date_gmt":"2020-09-16T10:25:00","guid":{"rendered":"https:\/\/www.genverde.it\/comunicado-de-imprensa\/"},"modified":"2025-11-25T15:53:41","modified_gmt":"2025-11-25T14:53:41","slug":"one-in-hope","status":"publish","type":"post","link":"https:\/\/www.genverde.it\/pt\/one-in-hope\/","title":{"rendered":"One in Hope"},"content":{"rendered":"\n<figure class=\"wp-block-embed is-type-video is-provider-youtube wp-block-embed-youtube wp-embed-aspect-16-9 wp-has-aspect-ratio\"><div class=\"wp-block-embed__wrapper\">\n<iframe title=\"Gen Verde Online Concert : &quot;One in Hope&quot;\" width=\"1366\" height=\"768\" src=\"https:\/\/www.youtube.com\/embed\/WyMHyK-L-TU?feature=oembed\" frameborder=\"0\" allow=\"accelerometer; autoplay; clipboard-write; encrypted-media; gyroscope; picture-in-picture\" allowfullscreen><\/iframe><script type=\"application\/ld+json\">{\n\t\t\t\t\t\t\t\t\"@context\": \"https:\/\/schema.org\",\n\t\t\t\t\t\t\t\t\"@type\": \"VideoObject\",\n\t\t\t\t\t\t\t\t\"name\": \"Gen Verde Online Concert : \"One in Hope\"\", \n\t\t\t\t\t\t\t\t\"description\": \"If the pandemic had not changed our plans, on September 27th we would have been in St. John's University in New York to start our 2020 U.S. Tour. So, we wanted to find a way to be present just the same, across the miles. 'One in Hope' is a special hour-long online concert  which we have prepared in collaboration with a team linked to the Vincentian Family Office based in the U.S. The program will feature testimonies and songs in various languages on the themes of solidarity and universal fraternity, including a new song especially dedicated to St. Vincent de Paul. In this moment of world-wide crisis, it will be a moment to walk together, united in our diversity, a sign of hope for many.\\n\\n********************************************************************************************\\n\\nSe la pandemia non avesse cambiato i nostri piani, il 27 settembre saremmo alla St. John's University di New York per iniziare il nostro tour negli Stati Uniti. Per questo abbiamo trovato un modo per essere presenti comunque, al di l\\u00e0 delle distanze.\\n'One in Hope' \\u00e8 uno speciale concerto online che vi accompagner\\u00e0 per un'ora e che abbiamo preparato in collaborazione col team legato al \\u201cVincentian Family Office\\u201d con sede negli Stati Uniti. Il programma consiste in testimonianze e canzoni in varie lingue su temi come la solidariet\\u00e0 e la fraternit\\u00e0 universale, con inclusa una nuova canzone dedicata specialmente a San Vincenzo de\\u2019 Paoli. In questo momento di crisi mondiale, sar\\u00e0 un\\u2019occasione per camminare insieme, uniti nella nostra diversit\\u00e0, segno di speranza per molti.\\n\\n*******************************************************************************************\\n\\nSi la pandemia no hubiese cambiado nuestros planes, el 27 de septiembre estar\\u00edamos en la St. John's University de Nueva York para dar comienzo a nuestro tour en los Estados Unidos. Por eso, hemos encontrado un modo de estar presente de todas formas, m\\u00e1s all\\u00e1 de las distancias.\\n'One in Hope' es un concierto especial online que durante una hora os acompa\\u00f1ar\\u00e1 y que hemos preparado en colaboraci\\u00f3n con el equipo vinculado al \\u201cVincentian Family Office\\u201d con sede en los Estados Unidos. El programa consiste en testimonios y canciones en varias lenguas sobre temas como la solidaridad y la fraternidad universal, incluyendo una nueva canci\\u00f3n dedicada especialmente a San Vicente de Pa\\u00fal. En este momento de crisis mundial, ser\\u00e1 una ocasi\\u00f3n para caminar juntos, unidos en nuestra diversidad, signo de esperanza para muchos.\\n\\n******************************************************************************************\\n\\nSe a pandemia n\\u00e3o tivesse mudado nossos planos, em 27 de setembro estar\\u00edamos na Universidade de St. John's  de Nova York para iniciar nossa turn\\u00ea pelos Estados Unidos. Para isso, encontramos uma maneira de estar presente de qualquer maneira, al\\u00e9m das dist\\u00e2ncias.\\n'One in Hope' \\u00e9 um show  especial online que os acompanhar\\u00e1 por uma hora e que preparamos em colabora\\u00e7\\u00e3o com a equipe vinculada ao 'Escrit\\u00f3rio da Fam\\u00edlia Vicentina' com sede nos Estados Unidos. O programa consiste em testemunhos e can\\u00e7\\u00f5es em v\\u00e1rias l\\u00ednguas sobre temas como a solidariedade e a fraternidade universal, incluindo uma nova can\\u00e7\\u00e3o dedicada especialmente a S\\u00e3o Vicente de Paulo. Neste momento de crise mundial, ser\\u00e1 uma oportunidade para caminharmos juntos, unidos na nossa diversidade, sinal de esperan\\u00e7a para muitos.\\n\\n\\n\\n#GenVerde #oneinhope #Vincentian #Hope #famvin #Vincentian #jmvitalia #iamvincentian #wearevincentian #giventothemission #vincentianheart #vicentinos #vicentino\\n(C) Gen Verde\",\n\t\t\t\t\t\t\t\t\"thumbnailUrl\": \"https:\/\/i.ytimg.com\/vi\/WyMHyK-L-TU\/mqdefault.jpg\",\n\t\t\t\t\t\t\t\t\"uploadDate\": \"2020-09-27T20:13:22Z\",\n\t\t\t\t\t\t\t\t\"duration\": \"PT1H6M30S\",  \n\t\t\t\t\t\t\t\t\"publisher\": {\n\t\t\t\t\t\t\t\t\t\"@type\": \"Organization\",\n\t\t\t\t\t\t\t\t\t\"name\": \"Genverde\",\n\t\t\t\t\t\t\t\t\t\"logo\": {\n\t\t\t\t\t\t\t\t\t\t\"@type\": \"ImageObject\",\n\t\t\t\t\t\t\t\t\t\t\"url\": \"https:\/\/www.genverde.it\/wp-content\/uploads\/2021\/06\/logo-gen-verde-semplice.png\",\n\t\t\t\t\t\t\t\t\t\t\"width\": \"646\",\n\t\t\t\t\t\t\t\t\t\t\"height\": \"237\"\n\t\t\t\t\t\t\t\t\t}\n\t\t\t\t\t\t\t\t},\n\t\t\t\t\t\t\t\t\"embedUrl\": \"https:\/\/youtu.be\/WyMHyK-L-TU\",\n\t\t\t\t\t\t\t\t\"interactionCount\": \"37909\" \n\t\t\t\t\t\t\t}<\/script>\n<\/div><\/figure>\n\n\n\n<p><strong>One in Hope: show do Gen Verde no domingo, 27 de setembro de 2020 \u00e0s 21h00 ao vivo no seguinte link <a href=\"https:\/\/youtu.be\/WyMHyK-L-TU\" data-rel=\"prettyPhoto-video-0\" target=\"_blank\" rel=\"noreferrer noopener\">https:\/\/youtu.be\/WyMHyK-L-TU<\/a>. Um evento promovido e organizado com a Fam\u00edlia Vicentina em mem\u00f3ria da figura de S\u00e3o Vicente de Paulo. O primeiro passo de um grande projeto.<\/strong><\/p>\n\n\n\n<p>No dia em que a Igreja celebra a figura de S\u00e3o Vicente de Paulo, a Fam\u00edlia Vicentina, que com as suas 170 ramifica\u00e7\u00f5es est\u00e1 presente em 158 pa\u00edses e tem mais de quatro milh\u00f5es de adeptos em cinco continentes, se recorda junto ao grupo musical Gen Verde que far\u00e1 um show \u00e0s 21hs (hor\u00e1rio italiano), transmitido ao vivo no seguinte link <a href=\"https:\/\/youtu.be\/WyMHyK-L-TU\" data-rel=\"prettyPhoto-video-0\" target=\"_blank\" rel=\"noreferrer noopener\">https:\/\/youtu.be\/WyMHyK-L-TU<\/a><\/p>\n\n\n\n<p>\u201cHaviam outros projetos &#8211; explica Sally McAllister, diretora do Gen Verde \u2013 de fato nestes dias dever\u00edamos estar nos E.U.A. para uma turn\u00ea que envolveria mais shows com nossos amigos da Fam\u00edlia Vicentina e do Movimento dos Focolares. Mas a pandemia bloqueou tudo e ent\u00e3o pensamos em transformar este obst\u00e1culo em um trampolim de lan\u00e7amento utilizando a web para fazer um show \u2013 precisamente no final de semana marcado para o in\u00edcio da turn\u00ea &#8211; envolvendo assim muito mais pessoas, e n\u00e3o apenas os presentes na Am\u00e9rica do Norte, mas em todo o mundo\u201d. Junto com uma equipe da Fam\u00edlia Vicentina Escrit\u00f3rio nos EUA, o Gen Verde criou este evento especial que tamb\u00e9m marca o in\u00edcio de um novo caminho, um projeto em que o Movimento dos Focolares e a Fam\u00edlia Vicentina trabalham juntos para transmitir a muitos a for\u00e7a da unidade que brota de seus carismas a servi\u00e7o de toda a humanidade. <\/p>\n\n\n\n<p>&#8220;One in Hope&#8221;, este \u00e9 o t\u00edtulo do show que inclui n\u00e3o s\u00f3 m\u00fasicas, mas tamb\u00e9m testemunhos sobre temas da solidariedade e da fraternidade universal. <\/p>\n\n\n\n<p>Assim nasceu a id\u00e9ia do pr\u00f3ximo 27 de setembro \u00e0s 21hs (italiana): um show in\u00e9dito e para a ocasi\u00e3o, o Gen Verde escreveu e comp\u00f4s uma m\u00fasica em homenagem ao fundador da Fam\u00edlia Vicentina. <strong><\/strong> \u201cNos impressionou muito a hist\u00f3ria de S\u00e3o Vicente de Paulo &#8211; explica a compositora Nancy Uelmen &#8211; e em particular como ele soube olhar al\u00e9m das apar\u00eancias para descobrir o rosto de Deus nos pobres. Esta descoberta foi para ele um chamado a encontrar Jesus nos pobres. Na letra da m\u00fasica escrita na primeira pessoa como se fosse S\u00e3o Vicente de Paulo a falar, se percebe o mesmo olhar do bom Samaritano (de que fala o Evangelho) que quando v\u00ea uma pessoa em necessidade n\u00e3o passa adiante, indiferente, mas para e ajuda. Parecia-nos uma mensagem muito atual: na vida de cada dia t\u00e3o fren\u00e9tica e fugaz, h\u00e1 uma necessidade extrema que todos n\u00f3s aprendamos a viver com este mesmo esp\u00edrito \u201d.<\/p>\n\n\n\n<p>Vincent\u2019s Song (You Did It To Me) \u00e9 uma m\u00fasica com sons eletr\u00f4nicos e com um ritmo envolvente. Uma escolha bem decidida aquela que o Gen Verde apoiou, n\u00e3o s\u00f3 para envolver mais os jovens mas tamb\u00e9m para expressar o sentido de urg\u00eancia que S\u00e3o Vicente sempre teve no seu querer sair e ir ao encontro dos pobres para ajud\u00e1-los. <\/p>\n\n\n\n<p>Para quem deseja ouvir a m\u00fasica Vincent\u2019s Song (You Did It To Me), \u00e9 poss\u00edvel encontr\u00e1-la no seguinte link <a href=\"https:\/\/imusiciandigital.lnk.to\/YF7bADntEM\" target=\"_blank\" rel=\"noreferrer noopener\">https:\/\/imusiciandigital.lnk.to\/YF7bADntEM<\/a><\/p>\n\n\n\n<p class=\"has-text-align-right\"><em>Tiziana Nicastro &#8211; Press Office Gen Verde<\/em><br><em>Elena Grazini &#8211; Press Office Vincentian Family<\/em><\/p>\n","protected":false},"excerpt":{"rendered":"<p>One in Hope: show do Gen Verde no domingo, 27 de setembro de 2020 \u00e0s\u2026<\/p>\n","protected":false},"author":1,"featured_media":3984,"comment_status":"closed","ping_status":"open","sticky":false,"template":"","format":"standard","meta":[],"categories":[887],"tags":[],"blocksy_meta":{"styles_descriptor":{"styles":{"desktop":"","tablet":"","mobile":""},"google_fonts":[]}},"featured_image_urls":{"full":["https:\/\/www.genverde.it\/wp-content\/uploads\/2021\/05\/gv-streaming-one-in-hope.jpg",1024,576,false],"thumbnail":["https:\/\/www.genverde.it\/wp-content\/uploads\/2021\/05\/gv-streaming-one-in-hope-150x150.jpg",150,150,true],"medium":["https:\/\/www.genverde.it\/wp-content\/uploads\/2021\/05\/gv-streaming-one-in-hope-300x169.jpg",300,169,true],"medium_large":["https:\/\/www.genverde.it\/wp-content\/uploads\/2021\/05\/gv-streaming-one-in-hope-768x432.jpg",768,432,true],"large":["https:\/\/www.genverde.it\/wp-content\/uploads\/2021\/05\/gv-streaming-one-in-hope.jpg",1024,576,false],"1536x1536":["https:\/\/www.genverde.it\/wp-content\/uploads\/2021\/05\/gv-streaming-one-in-hope.jpg",1024,576,false],"2048x2048":["https:\/\/www.genverde.it\/wp-content\/uploads\/2021\/05\/gv-streaming-one-in-hope.jpg",1024,576,false]},"post_excerpt_stackable":"<p>One in Hope: show do Gen Verde no domingo, 27 de setembro de 2020 \u00e0s 21h00 ao vivo no seguinte link https:\/\/youtu.be\/WyMHyK-L-TU. Um evento promovido e organizado com a Fam\u00edlia Vicentina em mem\u00f3ria da figura de S\u00e3o Vicente de Paulo. O primeiro passo de um grande projeto. No dia em que a Igreja celebra a figura de S\u00e3o Vicente de Paulo, a Fam\u00edlia Vicentina, que com as suas 170 ramifica\u00e7\u00f5es est\u00e1 presente em 158 pa\u00edses e tem mais de quatro milh\u00f5es de adeptos em cinco continentes, se recorda junto ao grupo musical Gen Verde que far\u00e1 um show \u00e0s 21hs&hellip;<\/p>\n","category_list":"<a href=\"https:\/\/www.genverde.it\/pt\/category\/tours-e-viagens\/\" rel=\"category tag\">Tours e viagens<\/a>","author_info":{"name":"domains@trizero.it","url":"https:\/\/www.genverde.it\/pt\/author\/domainstrizero-it\/"},"comments_num":"0 comments","yoast_head":"<!-- This site is optimized with the Yoast SEO plugin v20.10 - https:\/\/yoast.com\/wordpress\/plugins\/seo\/ -->\n<title>One in Hope<\/title>\n<meta name=\"robots\" content=\"index, follow, max-snippet:-1, max-image-preview:large, max-video-preview:-1\" \/>\n<link rel=\"canonical\" href=\"https:\/\/www.genverde.it\/pt\/one-in-hope\/\" \/>\n<meta property=\"og:locale\" content=\"pt_PT\" \/>\n<meta property=\"og:type\" content=\"article\" \/>\n<meta property=\"og:title\" content=\"One in Hope\" \/>\n<meta property=\"og:description\" content=\"One in Hope: show do Gen Verde no domingo, 27 de setembro de 2020 \u00e0s\u2026\" \/>\n<meta property=\"og:url\" content=\"https:\/\/www.genverde.it\/pt\/one-in-hope\/\" \/>\n<meta property=\"og:site_name\" content=\"Gen Verde\" \/>\n<meta property=\"article:published_time\" content=\"2020-09-16T10:25:00+00:00\" \/>\n<meta property=\"article:modified_time\" content=\"2025-11-25T14:53:41+00:00\" \/>\n<meta property=\"og:image\" content=\"https:\/\/www.genverde.it\/wp-content\/uploads\/2021\/05\/gv-streaming-one-in-hope.jpg\" \/>\n\t<meta property=\"og:image:width\" content=\"1024\" \/>\n\t<meta property=\"og:image:height\" content=\"576\" \/>\n\t<meta property=\"og:image:type\" content=\"image\/jpeg\" \/>\n<meta name=\"author\" content=\"domains@trizero.it\" \/>\n<meta name=\"twitter:card\" content=\"summary_large_image\" \/>\n<meta name=\"twitter:label1\" content=\"Written by\" \/>\n\t<meta name=\"twitter:data1\" content=\"domains@trizero.it\" \/>\n\t<meta name=\"twitter:label2\" content=\"Est. reading time\" \/>\n\t<meta name=\"twitter:data2\" content=\"3 minutes\" \/>\n<script type=\"application\/ld+json\" class=\"yoast-schema-graph\">{\"@context\":\"https:\/\/schema.org\",\"@graph\":[{\"@type\":\"Article\",\"@id\":\"https:\/\/www.genverde.it\/pt\/one-in-hope\/#article\",\"isPartOf\":{\"@id\":\"https:\/\/www.genverde.it\/pt\/one-in-hope\/\"},\"author\":{\"name\":\"domains@trizero.it\",\"@id\":\"https:\/\/www.genverde.it\/pt\/#\/schema\/person\/6ecdde1503e1aac5a939c6b3d9cf61f8\"},\"headline\":\"One in Hope\",\"datePublished\":\"2020-09-16T10:25:00+00:00\",\"dateModified\":\"2025-11-25T14:53:41+00:00\",\"mainEntityOfPage\":{\"@id\":\"https:\/\/www.genverde.it\/pt\/one-in-hope\/\"},\"wordCount\":606,\"publisher\":{\"@id\":\"https:\/\/www.genverde.it\/pt\/#organization\"},\"articleSection\":[\"Tours e viagens\"],\"inLanguage\":\"pt\"},{\"@type\":\"WebPage\",\"@id\":\"https:\/\/www.genverde.it\/pt\/one-in-hope\/\",\"url\":\"https:\/\/www.genverde.it\/pt\/one-in-hope\/\",\"name\":\"One in Hope\",\"isPartOf\":{\"@id\":\"https:\/\/www.genverde.it\/pt\/#website\"},\"datePublished\":\"2020-09-16T10:25:00+00:00\",\"dateModified\":\"2025-11-25T14:53:41+00:00\",\"breadcrumb\":{\"@id\":\"https:\/\/www.genverde.it\/pt\/one-in-hope\/#breadcrumb\"},\"inLanguage\":\"pt\",\"potentialAction\":[{\"@type\":\"ReadAction\",\"target\":[\"https:\/\/www.genverde.it\/pt\/one-in-hope\/\"]}]},{\"@type\":\"BreadcrumbList\",\"@id\":\"https:\/\/www.genverde.it\/pt\/one-in-hope\/#breadcrumb\",\"itemListElement\":[{\"@type\":\"ListItem\",\"position\":1,\"name\":\"Home\",\"item\":\"https:\/\/www.genverde.it\/pt\/\"},{\"@type\":\"ListItem\",\"position\":2,\"name\":\"One in Hope\"}]},{\"@type\":\"WebSite\",\"@id\":\"https:\/\/www.genverde.it\/pt\/#website\",\"url\":\"https:\/\/www.genverde.it\/pt\/\",\"name\":\"Gen Verde\",\"description\":\"\",\"publisher\":{\"@id\":\"https:\/\/www.genverde.it\/pt\/#organization\"},\"potentialAction\":[{\"@type\":\"SearchAction\",\"target\":{\"@type\":\"EntryPoint\",\"urlTemplate\":\"https:\/\/www.genverde.it\/pt\/?s={search_term_string}\"},\"query-input\":\"required name=search_term_string\"}],\"inLanguage\":\"pt\"},{\"@type\":\"Organization\",\"@id\":\"https:\/\/www.genverde.it\/pt\/#organization\",\"name\":\"Gen Verde\",\"url\":\"https:\/\/www.genverde.it\/pt\/\",\"logo\":{\"@type\":\"ImageObject\",\"inLanguage\":\"pt\",\"@id\":\"https:\/\/www.genverde.it\/pt\/#\/schema\/logo\/image\/\",\"url\":\"https:\/\/www.genverde.it\/wp-content\/uploads\/2021\/05\/logo-gen-verde-black.png\",\"contentUrl\":\"https:\/\/www.genverde.it\/wp-content\/uploads\/2021\/05\/logo-gen-verde-black.png\",\"width\":646,\"height\":392,\"caption\":\"Gen Verde\"},\"image\":{\"@id\":\"https:\/\/www.genverde.it\/pt\/#\/schema\/logo\/image\/\"}},{\"@type\":\"Person\",\"@id\":\"https:\/\/www.genverde.it\/pt\/#\/schema\/person\/6ecdde1503e1aac5a939c6b3d9cf61f8\",\"name\":\"domains@trizero.it\",\"image\":{\"@type\":\"ImageObject\",\"inLanguage\":\"pt\",\"@id\":\"https:\/\/www.genverde.it\/pt\/#\/schema\/person\/image\/\",\"url\":\"https:\/\/secure.gravatar.com\/avatar\/27dca0b5fa1711a07921f4e77851c7c6?s=96&d=mm&r=g\",\"contentUrl\":\"https:\/\/secure.gravatar.com\/avatar\/27dca0b5fa1711a07921f4e77851c7c6?s=96&d=mm&r=g\",\"caption\":\"domains@trizero.it\"},\"sameAs\":[\"https:\/\/genverde.trizero.it\"]}]}<\/script>\n<!-- \/ Yoast SEO plugin. -->","yoast_head_json":{"title":"One in Hope","robots":{"index":"index","follow":"follow","max-snippet":"max-snippet:-1","max-image-preview":"max-image-preview:large","max-video-preview":"max-video-preview:-1"},"canonical":"https:\/\/www.genverde.it\/pt\/one-in-hope\/","og_locale":"pt_PT","og_type":"article","og_title":"One in Hope","og_description":"One in Hope: show do Gen Verde no domingo, 27 de setembro de 2020 \u00e0s\u2026","og_url":"https:\/\/www.genverde.it\/pt\/one-in-hope\/","og_site_name":"Gen Verde","article_published_time":"2020-09-16T10:25:00+00:00","article_modified_time":"2025-11-25T14:53:41+00:00","og_image":[{"width":1024,"height":576,"url":"https:\/\/www.genverde.it\/wp-content\/uploads\/2021\/05\/gv-streaming-one-in-hope.jpg","type":"image\/jpeg"}],"author":"domains@trizero.it","twitter_card":"summary_large_image","twitter_misc":{"Written by":"domains@trizero.it","Est. reading time":"3 minutes"},"schema":{"@context":"https:\/\/schema.org","@graph":[{"@type":"Article","@id":"https:\/\/www.genverde.it\/pt\/one-in-hope\/#article","isPartOf":{"@id":"https:\/\/www.genverde.it\/pt\/one-in-hope\/"},"author":{"name":"domains@trizero.it","@id":"https:\/\/www.genverde.it\/pt\/#\/schema\/person\/6ecdde1503e1aac5a939c6b3d9cf61f8"},"headline":"One in Hope","datePublished":"2020-09-16T10:25:00+00:00","dateModified":"2025-11-25T14:53:41+00:00","mainEntityOfPage":{"@id":"https:\/\/www.genverde.it\/pt\/one-in-hope\/"},"wordCount":606,"publisher":{"@id":"https:\/\/www.genverde.it\/pt\/#organization"},"articleSection":["Tours e viagens"],"inLanguage":"pt"},{"@type":"WebPage","@id":"https:\/\/www.genverde.it\/pt\/one-in-hope\/","url":"https:\/\/www.genverde.it\/pt\/one-in-hope\/","name":"One in Hope","isPartOf":{"@id":"https:\/\/www.genverde.it\/pt\/#website"},"datePublished":"2020-09-16T10:25:00+00:00","dateModified":"2025-11-25T14:53:41+00:00","breadcrumb":{"@id":"https:\/\/www.genverde.it\/pt\/one-in-hope\/#breadcrumb"},"inLanguage":"pt","potentialAction":[{"@type":"ReadAction","target":["https:\/\/www.genverde.it\/pt\/one-in-hope\/"]}]},{"@type":"BreadcrumbList","@id":"https:\/\/www.genverde.it\/pt\/one-in-hope\/#breadcrumb","itemListElement":[{"@type":"ListItem","position":1,"name":"Home","item":"https:\/\/www.genverde.it\/pt\/"},{"@type":"ListItem","position":2,"name":"One in Hope"}]},{"@type":"WebSite","@id":"https:\/\/www.genverde.it\/pt\/#website","url":"https:\/\/www.genverde.it\/pt\/","name":"Gen Verde","description":"","publisher":{"@id":"https:\/\/www.genverde.it\/pt\/#organization"},"potentialAction":[{"@type":"SearchAction","target":{"@type":"EntryPoint","urlTemplate":"https:\/\/www.genverde.it\/pt\/?s={search_term_string}"},"query-input":"required name=search_term_string"}],"inLanguage":"pt"},{"@type":"Organization","@id":"https:\/\/www.genverde.it\/pt\/#organization","name":"Gen Verde","url":"https:\/\/www.genverde.it\/pt\/","logo":{"@type":"ImageObject","inLanguage":"pt","@id":"https:\/\/www.genverde.it\/pt\/#\/schema\/logo\/image\/","url":"https:\/\/www.genverde.it\/wp-content\/uploads\/2021\/05\/logo-gen-verde-black.png","contentUrl":"https:\/\/www.genverde.it\/wp-content\/uploads\/2021\/05\/logo-gen-verde-black.png","width":646,"height":392,"caption":"Gen Verde"},"image":{"@id":"https:\/\/www.genverde.it\/pt\/#\/schema\/logo\/image\/"}},{"@type":"Person","@id":"https:\/\/www.genverde.it\/pt\/#\/schema\/person\/6ecdde1503e1aac5a939c6b3d9cf61f8","name":"domains@trizero.it","image":{"@type":"ImageObject","inLanguage":"pt","@id":"https:\/\/www.genverde.it\/pt\/#\/schema\/person\/image\/","url":"https:\/\/secure.gravatar.com\/avatar\/27dca0b5fa1711a07921f4e77851c7c6?s=96&d=mm&r=g","contentUrl":"https:\/\/secure.gravatar.com\/avatar\/27dca0b5fa1711a07921f4e77851c7c6?s=96&d=mm&r=g","caption":"domains@trizero.it"},"sameAs":["https:\/\/genverde.trizero.it"]}]}},"_links":{"self":[{"href":"https:\/\/www.genverde.it\/pt\/wp-json\/wp\/v2\/posts\/3983"}],"collection":[{"href":"https:\/\/www.genverde.it\/pt\/wp-json\/wp\/v2\/posts"}],"about":[{"href":"https:\/\/www.genverde.it\/pt\/wp-json\/wp\/v2\/types\/post"}],"author":[{"embeddable":true,"href":"https:\/\/www.genverde.it\/pt\/wp-json\/wp\/v2\/users\/1"}],"replies":[{"embeddable":true,"href":"https:\/\/www.genverde.it\/pt\/wp-json\/wp\/v2\/comments?post=3983"}],"version-history":[{"count":11,"href":"https:\/\/www.genverde.it\/pt\/wp-json\/wp\/v2\/posts\/3983\/revisions"}],"predecessor-version":[{"id":35957,"href":"https:\/\/www.genverde.it\/pt\/wp-json\/wp\/v2\/posts\/3983\/revisions\/35957"}],"wp:featuredmedia":[{"embeddable":true,"href":"https:\/\/www.genverde.it\/pt\/wp-json\/wp\/v2\/media\/3984"}],"wp:attachment":[{"href":"https:\/\/www.genverde.it\/pt\/wp-json\/wp\/v2\/media?parent=3983"}],"wp:term":[{"taxonomy":"category","embeddable":true,"href":"https:\/\/www.genverde.it\/pt\/wp-json\/wp\/v2\/categories?post=3983"},{"taxonomy":"post_tag","embeddable":true,"href":"https:\/\/www.genverde.it\/pt\/wp-json\/wp\/v2\/tags?post=3983"}],"curies":[{"name":"wp","href":"https:\/\/api.w.org\/{rel}","templated":true}]}}