{"id":4051,"date":"2020-06-05T11:58:00","date_gmt":"2020-06-05T09:58:00","guid":{"rendered":"https:\/\/www.genverde.it\/para-dizer-obrigada\/"},"modified":"2025-11-25T15:57:21","modified_gmt":"2025-11-25T14:57:21","slug":"per-dire-grazie","status":"publish","type":"post","link":"https:\/\/www.genverde.it\/pt\/per-dire-grazie\/","title":{"rendered":"Para dizer OBRIGADA"},"content":{"rendered":"\n<figure class=\"wp-block-embed is-type-video is-provider-youtube wp-block-embed-youtube wp-embed-aspect-16-9 wp-has-aspect-ratio\"><div class=\"wp-block-embed__wrapper\">\n<iframe title=\"Gen Verde - Che Siano Uno\" width=\"1366\" height=\"768\" src=\"https:\/\/www.youtube.com\/embed\/A3xuaqtkOj8?feature=oembed\" frameborder=\"0\" allow=\"accelerometer; autoplay; clipboard-write; encrypted-media; gyroscope; picture-in-picture\" allowfullscreen><\/iframe><script type=\"application\/ld+json\">{\n\t\t\t\t\t\t\t\t\"@context\": \"https:\/\/schema.org\",\n\t\t\t\t\t\t\t\t\"@type\": \"VideoObject\",\n\t\t\t\t\t\t\t\t\"name\": \"Gen Verde - Che Siano Uno (Official Video)\", \n\t\t\t\t\t\t\t\t\"description\": \"Chiara Lubich ha lasciato che il Vangelo\\nrivoluzionasse la sua vita e il suo pi\\u00f9 grande\\nsogno abbiamo scoperto essere anche il nostro:\\n\\u201cChe tutti siano una cosa sola\\u201d (Gv 17, 21).\\nUn sogno che si \\u00e8 fatto progetto di vita per\\nognuna di noi e, da questo, la spinta a raggiungere\\ntanti, in tutto il mondo, senza limiti.\\n\\nDisponibile in streaming e formato digitale:\\nhttps:\\\/\\\/imusiciandigital.lnk.to\\\/XZRhl\\n\\nPotete anche scaricare il testo e lo spartito: \\nhttps:\\\/\\\/www.genverde.it\\\/track\\\/che-siano-uno\\\/\\n\\nSeguiteci sui nostri social:\\nInstagram:  https:\\\/\\\/bit.ly\\\/2YzMgUX\\nFacebook: https:\\\/\\\/bit.ly\\\/2YTISS1\\u200b\\nTwitter: https:\\\/\\\/bit.ly\\\/34VtqIG\\u200b  \\nWebsite: https:\\\/\\\/www.genverde.it\\n\\nLa pandemia del COVID-19 ci ha costrette a sospendere i nostri concerti live, facendo venir meno una delle entrate principali della nostra economia.\\nSe riesci a darci una mano... \\nSostienici!\\nBONIFICO BANCARIO\\nConto intestato a: Gen Verde della P.A.F.O.M.\\nIBAN: IT75 R030 6909 6061 0000 0102647\\nCodice BIC: BCITITMM\\n\\n#CheSianoUno #ChiaraLubich #GenVerde #chetuttisianouno #genverdeechiaralubich #gratipersempre\\n\\n(C) Gen Verde 2020\",\n\t\t\t\t\t\t\t\t\"thumbnailUrl\": \"https:\/\/i.ytimg.com\/vi\/A3xuaqtkOj8\/mqdefault.jpg\",\n\t\t\t\t\t\t\t\t\"uploadDate\": \"2020-06-05T10:11:30Z\",\n\t\t\t\t\t\t\t\t\"duration\": \"PT4M3S\",  \n\t\t\t\t\t\t\t\t\"publisher\": {\n\t\t\t\t\t\t\t\t\t\"@type\": \"Organization\",\n\t\t\t\t\t\t\t\t\t\"name\": \"Genverde\",\n\t\t\t\t\t\t\t\t\t\"logo\": {\n\t\t\t\t\t\t\t\t\t\t\"@type\": \"ImageObject\",\n\t\t\t\t\t\t\t\t\t\t\"url\": \"https:\/\/www.genverde.it\/wp-content\/uploads\/2021\/06\/logo-gen-verde-semplice.png\",\n\t\t\t\t\t\t\t\t\t\t\"width\": \"646\",\n\t\t\t\t\t\t\t\t\t\t\"height\": \"237\"\n\t\t\t\t\t\t\t\t\t}\n\t\t\t\t\t\t\t\t},\n\t\t\t\t\t\t\t\t\"embedUrl\": \"https:\/\/youtu.be\/A3xuaqtkOj8\",\n\t\t\t\t\t\t\t\t\"interactionCount\": \"126280\" \n\t\t\t\t\t\t\t}<\/script>\n<\/div><\/figure>\n\n\n\n<p>N\u00e3o \u00e9 \u00f3bvio, nem superficial. Dizer obrigada a algu\u00e9m \u00e9 simples e profundo ao mesmo tempo. \u00c9 essa a inten\u00e7\u00e3o com a qual o Gen Verde publicou no YouTube o novo v\u00eddeo da m\u00fasica \u201cChe siano uno\u201d. Uma m\u00fasica dedicada \u00e0 Chiara Lubich e ao seu ideal, a fraternidade universal. Um v\u00eddeo que quer record\u00e1-la precisamente no ano em que celebra o seu centen\u00e1rio de nascimento.<\/p>\n\n\n\n<p>\u201cCom este v\u00eddeo \u2013 afirma Adriana do M\u00e9xico \u2013 n\u00e3o queremos celebrar ou recordar Chiara Lubich como se faz talvez em fam\u00edlia folheando os \u00e1lbuns que contam eventos e hist\u00f3rias importantes; hoje est\u00e1 mais do que nunca no cora\u00e7\u00e3o que tantas pessoas possam encontr\u00e1-la no hoje da sociedade, no seu-nosso ideal que se encarnou nas v\u00e1rias esferas da vida civil, religiosa e pol\u00edtica. Lembramos dela porque foi ela quem deu vida ao Gen Verde, foi ela quem nos guiou nos primeiros passos, foi ela quem nos deu os primeiros instrumentos a partir do qual tudo come\u00e7ou! Assim como tantas de n\u00f3s ficamos fascinadas por seus gestos, por suas palavras e pela sua vida, agora advertimos que devemos ser testemunhas aut\u00eanticas e cred\u00edveis de sua mensagem \u201c.<\/p>\n\n\n\n<p>Um ideal forte que nasceu sob as bombas da segunda guerra mundial, mas atual\u00edssimo ainda mais hoje, quando a TV e as redes sociais nos falam sobre ondas de racismo e discrimina\u00e7\u00e3o.<\/p>\n\n\n\n<p>Se a emerg\u00eancia covid-19 consegue discretamente ser tratada em alguns continentes, tamb\u00e9m \u00e9 verdade que em outros cresceu a diferen\u00e7a entre ricos e pobres, negros e brancos, entre aqueles que podem pagar os cuidados m\u00e9dicos necess\u00e1rios para sobreviver e aqueles que n\u00e3o tem.<\/p>\n\n\n\n<p>\u201cEstamos plenamente convencidas que a fraternidade universal \u2013 explica Beatriz da Cor\u00e9ia \u2013 \u00e9 poss\u00edvel e n\u00e3o \u00e9 utopia; \u00e9 isto que experimentamos quotidianamente e tentamos transformar as nossas experi\u00eancias em m\u00fasica. Muitas vezes, \u00e9 uma quest\u00e3o de fazer gestos simples, mas n\u00e3o \u00f3bvios, que derrubam preconceitos ou barreiras culturais\u201d.<\/p>\n\n\n\n<p>\u00c9 isto que fez Chiara Lubich desde 1943, ano da funda\u00e7\u00e3o do Movimento dos Focolares. Passo ap\u00f3s passo, com const\u00e2ncia e tenacidade, juntamente com suas amigas, construiu relacionamentos novos, profundos e tamb\u00e9m revolucion\u00e1rios primeiro dentro da sua cidade de origem (Trento) e depois em todo o mundo. O mesmo v\u00eddeo do Gen Verde capturou importantes fotografias: Chiara junto com judeus, sikhs, hindus, mu\u00e7ulmanos e tamb\u00e9m entre os maiores expoentes de duas tribos dos Camar\u00f5es. Imagens que contam momentos hist\u00f3ricos e que permanecer\u00e3o para sempre na hist\u00f3ria da humanidade.<\/p>\n\n\n\n<p>\u201cCertamente o maior agradecimento que podemos dizer \u00e0 Chiara \u2013 explica Nancy dos Estados Unidos \u2013 \u00e9 viver pelo seu ideal; mas com este v\u00eddeo queremos de verdade dizer-lhe um obrigada imenso; \u00e9 ela quem nos gerou, sem ela o Gen Verde n\u00e3o existiria \u201d.<\/p>\n\n\n\n<p class=\"has-text-align-right\"><em>Tiziana Nicastro<\/em><\/p>\n\n\n\n<p>Para ver o v\u00eddeo clica aqui! <a href=\"https:\/\/youtu.be\/A3xuaqtkOj8\" data-rel=\"prettyPhoto-video-0\" target=\"_blank\" rel=\"noreferrer noopener\">https:\/\/youtu.be\/A3xuaqtkOj8<\/a><\/p>\n","protected":false},"excerpt":{"rendered":"<p>Um novo v\u00eddeo do Gen Verde dedicado \u00e0 Chiara Lubich<\/p>\n","protected":false},"author":1,"featured_media":4052,"comment_status":"closed","ping_status":"open","sticky":false,"template":"","format":"standard","meta":[],"categories":[889],"tags":[],"blocksy_meta":{"styles_descriptor":{"styles":{"desktop":"","tablet":"","mobile":""},"google_fonts":[]}},"featured_image_urls":{"full":["https:\/\/www.genverde.it\/wp-content\/uploads\/2020\/06\/che-siano-uno-gen-verde.jpg",1024,576,false],"thumbnail":["https:\/\/www.genverde.it\/wp-content\/uploads\/2020\/06\/che-siano-uno-gen-verde-150x150.jpg",150,150,true],"medium":["https:\/\/www.genverde.it\/wp-content\/uploads\/2020\/06\/che-siano-uno-gen-verde-300x169.jpg",300,169,true],"medium_large":["https:\/\/www.genverde.it\/wp-content\/uploads\/2020\/06\/che-siano-uno-gen-verde-768x432.jpg",768,432,true],"large":["https:\/\/www.genverde.it\/wp-content\/uploads\/2020\/06\/che-siano-uno-gen-verde.jpg",1024,576,false],"1536x1536":["https:\/\/www.genverde.it\/wp-content\/uploads\/2020\/06\/che-siano-uno-gen-verde.jpg",1024,576,false],"2048x2048":["https:\/\/www.genverde.it\/wp-content\/uploads\/2020\/06\/che-siano-uno-gen-verde.jpg",1024,576,false]},"post_excerpt_stackable":"<p>Um novo v\u00eddeo do Gen Verde dedicado \u00e0 Chiara Lubich<\/p>\n","category_list":"<a href=\"https:\/\/www.genverde.it\/pt\/category\/novos-lancamentos-musicais\/\" rel=\"category tag\">Novos lan\u00e7amentos musicais<\/a>","author_info":{"name":"domains@trizero.it","url":"https:\/\/www.genverde.it\/pt\/author\/domainstrizero-it\/"},"comments_num":"0 comments","yoast_head":"<!-- This site is optimized with the Yoast SEO plugin v20.10 - https:\/\/yoast.com\/wordpress\/plugins\/seo\/ -->\n<title>Para dizer OBRIGADA<\/title>\n<meta name=\"robots\" content=\"index, follow, max-snippet:-1, max-image-preview:large, max-video-preview:-1\" \/>\n<link rel=\"canonical\" href=\"https:\/\/www.genverde.it\/pt\/per-dire-grazie\/\" \/>\n<meta property=\"og:locale\" content=\"pt_PT\" \/>\n<meta property=\"og:type\" content=\"article\" \/>\n<meta property=\"og:title\" content=\"Para dizer OBRIGADA\" \/>\n<meta property=\"og:description\" content=\"Um novo v\u00eddeo do Gen Verde dedicado \u00e0 Chiara Lubich\" \/>\n<meta property=\"og:url\" content=\"https:\/\/www.genverde.it\/pt\/per-dire-grazie\/\" \/>\n<meta property=\"og:site_name\" content=\"Gen Verde\" \/>\n<meta property=\"article:published_time\" content=\"2020-06-05T09:58:00+00:00\" \/>\n<meta property=\"article:modified_time\" content=\"2025-11-25T14:57:21+00:00\" \/>\n<meta property=\"og:image\" content=\"https:\/\/www.genverde.it\/wp-content\/uploads\/2020\/06\/che-siano-uno-gen-verde.jpg\" \/>\n\t<meta property=\"og:image:width\" content=\"1024\" \/>\n\t<meta property=\"og:image:height\" content=\"576\" \/>\n\t<meta property=\"og:image:type\" content=\"image\/jpeg\" \/>\n<meta name=\"author\" content=\"domains@trizero.it\" \/>\n<meta name=\"twitter:card\" content=\"summary_large_image\" \/>\n<meta name=\"twitter:label1\" content=\"Written by\" \/>\n\t<meta name=\"twitter:data1\" content=\"domains@trizero.it\" \/>\n\t<meta name=\"twitter:label2\" content=\"Est. reading time\" \/>\n\t<meta name=\"twitter:data2\" content=\"3 minutes\" \/>\n<script type=\"application\/ld+json\" class=\"yoast-schema-graph\">{\"@context\":\"https:\/\/schema.org\",\"@graph\":[{\"@type\":\"Article\",\"@id\":\"https:\/\/www.genverde.it\/pt\/per-dire-grazie\/#article\",\"isPartOf\":{\"@id\":\"https:\/\/www.genverde.it\/pt\/per-dire-grazie\/\"},\"author\":{\"name\":\"domains@trizero.it\",\"@id\":\"https:\/\/www.genverde.it\/pt\/#\/schema\/person\/6ecdde1503e1aac5a939c6b3d9cf61f8\"},\"headline\":\"Para dizer OBRIGADA\",\"datePublished\":\"2020-06-05T09:58:00+00:00\",\"dateModified\":\"2025-11-25T14:57:21+00:00\",\"mainEntityOfPage\":{\"@id\":\"https:\/\/www.genverde.it\/pt\/per-dire-grazie\/\"},\"wordCount\":504,\"publisher\":{\"@id\":\"https:\/\/www.genverde.it\/pt\/#organization\"},\"articleSection\":[\"Novos lan\u00e7amentos musicais\"],\"inLanguage\":\"pt\"},{\"@type\":\"WebPage\",\"@id\":\"https:\/\/www.genverde.it\/pt\/per-dire-grazie\/\",\"url\":\"https:\/\/www.genverde.it\/pt\/per-dire-grazie\/\",\"name\":\"Para dizer OBRIGADA\",\"isPartOf\":{\"@id\":\"https:\/\/www.genverde.it\/pt\/#website\"},\"datePublished\":\"2020-06-05T09:58:00+00:00\",\"dateModified\":\"2025-11-25T14:57:21+00:00\",\"breadcrumb\":{\"@id\":\"https:\/\/www.genverde.it\/pt\/per-dire-grazie\/#breadcrumb\"},\"inLanguage\":\"pt\",\"potentialAction\":[{\"@type\":\"ReadAction\",\"target\":[\"https:\/\/www.genverde.it\/pt\/per-dire-grazie\/\"]}]},{\"@type\":\"BreadcrumbList\",\"@id\":\"https:\/\/www.genverde.it\/pt\/per-dire-grazie\/#breadcrumb\",\"itemListElement\":[{\"@type\":\"ListItem\",\"position\":1,\"name\":\"Home\",\"item\":\"https:\/\/www.genverde.it\/pt\/\"},{\"@type\":\"ListItem\",\"position\":2,\"name\":\"Para dizer OBRIGADA\"}]},{\"@type\":\"WebSite\",\"@id\":\"https:\/\/www.genverde.it\/pt\/#website\",\"url\":\"https:\/\/www.genverde.it\/pt\/\",\"name\":\"Gen Verde\",\"description\":\"\",\"publisher\":{\"@id\":\"https:\/\/www.genverde.it\/pt\/#organization\"},\"potentialAction\":[{\"@type\":\"SearchAction\",\"target\":{\"@type\":\"EntryPoint\",\"urlTemplate\":\"https:\/\/www.genverde.it\/pt\/?s={search_term_string}\"},\"query-input\":\"required name=search_term_string\"}],\"inLanguage\":\"pt\"},{\"@type\":\"Organization\",\"@id\":\"https:\/\/www.genverde.it\/pt\/#organization\",\"name\":\"Gen Verde\",\"url\":\"https:\/\/www.genverde.it\/pt\/\",\"logo\":{\"@type\":\"ImageObject\",\"inLanguage\":\"pt\",\"@id\":\"https:\/\/www.genverde.it\/pt\/#\/schema\/logo\/image\/\",\"url\":\"https:\/\/www.genverde.it\/wp-content\/uploads\/2021\/05\/logo-gen-verde-black.png\",\"contentUrl\":\"https:\/\/www.genverde.it\/wp-content\/uploads\/2021\/05\/logo-gen-verde-black.png\",\"width\":646,\"height\":392,\"caption\":\"Gen Verde\"},\"image\":{\"@id\":\"https:\/\/www.genverde.it\/pt\/#\/schema\/logo\/image\/\"}},{\"@type\":\"Person\",\"@id\":\"https:\/\/www.genverde.it\/pt\/#\/schema\/person\/6ecdde1503e1aac5a939c6b3d9cf61f8\",\"name\":\"domains@trizero.it\",\"image\":{\"@type\":\"ImageObject\",\"inLanguage\":\"pt\",\"@id\":\"https:\/\/www.genverde.it\/pt\/#\/schema\/person\/image\/\",\"url\":\"https:\/\/secure.gravatar.com\/avatar\/27dca0b5fa1711a07921f4e77851c7c6?s=96&d=mm&r=g\",\"contentUrl\":\"https:\/\/secure.gravatar.com\/avatar\/27dca0b5fa1711a07921f4e77851c7c6?s=96&d=mm&r=g\",\"caption\":\"domains@trizero.it\"},\"sameAs\":[\"https:\/\/genverde.trizero.it\"]}]}<\/script>\n<!-- \/ Yoast SEO plugin. -->","yoast_head_json":{"title":"Para dizer OBRIGADA","robots":{"index":"index","follow":"follow","max-snippet":"max-snippet:-1","max-image-preview":"max-image-preview:large","max-video-preview":"max-video-preview:-1"},"canonical":"https:\/\/www.genverde.it\/pt\/per-dire-grazie\/","og_locale":"pt_PT","og_type":"article","og_title":"Para dizer OBRIGADA","og_description":"Um novo v\u00eddeo do Gen Verde dedicado \u00e0 Chiara Lubich","og_url":"https:\/\/www.genverde.it\/pt\/per-dire-grazie\/","og_site_name":"Gen Verde","article_published_time":"2020-06-05T09:58:00+00:00","article_modified_time":"2025-11-25T14:57:21+00:00","og_image":[{"width":1024,"height":576,"url":"https:\/\/www.genverde.it\/wp-content\/uploads\/2020\/06\/che-siano-uno-gen-verde.jpg","type":"image\/jpeg"}],"author":"domains@trizero.it","twitter_card":"summary_large_image","twitter_misc":{"Written by":"domains@trizero.it","Est. reading time":"3 minutes"},"schema":{"@context":"https:\/\/schema.org","@graph":[{"@type":"Article","@id":"https:\/\/www.genverde.it\/pt\/per-dire-grazie\/#article","isPartOf":{"@id":"https:\/\/www.genverde.it\/pt\/per-dire-grazie\/"},"author":{"name":"domains@trizero.it","@id":"https:\/\/www.genverde.it\/pt\/#\/schema\/person\/6ecdde1503e1aac5a939c6b3d9cf61f8"},"headline":"Para dizer OBRIGADA","datePublished":"2020-06-05T09:58:00+00:00","dateModified":"2025-11-25T14:57:21+00:00","mainEntityOfPage":{"@id":"https:\/\/www.genverde.it\/pt\/per-dire-grazie\/"},"wordCount":504,"publisher":{"@id":"https:\/\/www.genverde.it\/pt\/#organization"},"articleSection":["Novos lan\u00e7amentos musicais"],"inLanguage":"pt"},{"@type":"WebPage","@id":"https:\/\/www.genverde.it\/pt\/per-dire-grazie\/","url":"https:\/\/www.genverde.it\/pt\/per-dire-grazie\/","name":"Para dizer OBRIGADA","isPartOf":{"@id":"https:\/\/www.genverde.it\/pt\/#website"},"datePublished":"2020-06-05T09:58:00+00:00","dateModified":"2025-11-25T14:57:21+00:00","breadcrumb":{"@id":"https:\/\/www.genverde.it\/pt\/per-dire-grazie\/#breadcrumb"},"inLanguage":"pt","potentialAction":[{"@type":"ReadAction","target":["https:\/\/www.genverde.it\/pt\/per-dire-grazie\/"]}]},{"@type":"BreadcrumbList","@id":"https:\/\/www.genverde.it\/pt\/per-dire-grazie\/#breadcrumb","itemListElement":[{"@type":"ListItem","position":1,"name":"Home","item":"https:\/\/www.genverde.it\/pt\/"},{"@type":"ListItem","position":2,"name":"Para dizer OBRIGADA"}]},{"@type":"WebSite","@id":"https:\/\/www.genverde.it\/pt\/#website","url":"https:\/\/www.genverde.it\/pt\/","name":"Gen Verde","description":"","publisher":{"@id":"https:\/\/www.genverde.it\/pt\/#organization"},"potentialAction":[{"@type":"SearchAction","target":{"@type":"EntryPoint","urlTemplate":"https:\/\/www.genverde.it\/pt\/?s={search_term_string}"},"query-input":"required name=search_term_string"}],"inLanguage":"pt"},{"@type":"Organization","@id":"https:\/\/www.genverde.it\/pt\/#organization","name":"Gen Verde","url":"https:\/\/www.genverde.it\/pt\/","logo":{"@type":"ImageObject","inLanguage":"pt","@id":"https:\/\/www.genverde.it\/pt\/#\/schema\/logo\/image\/","url":"https:\/\/www.genverde.it\/wp-content\/uploads\/2021\/05\/logo-gen-verde-black.png","contentUrl":"https:\/\/www.genverde.it\/wp-content\/uploads\/2021\/05\/logo-gen-verde-black.png","width":646,"height":392,"caption":"Gen Verde"},"image":{"@id":"https:\/\/www.genverde.it\/pt\/#\/schema\/logo\/image\/"}},{"@type":"Person","@id":"https:\/\/www.genverde.it\/pt\/#\/schema\/person\/6ecdde1503e1aac5a939c6b3d9cf61f8","name":"domains@trizero.it","image":{"@type":"ImageObject","inLanguage":"pt","@id":"https:\/\/www.genverde.it\/pt\/#\/schema\/person\/image\/","url":"https:\/\/secure.gravatar.com\/avatar\/27dca0b5fa1711a07921f4e77851c7c6?s=96&d=mm&r=g","contentUrl":"https:\/\/secure.gravatar.com\/avatar\/27dca0b5fa1711a07921f4e77851c7c6?s=96&d=mm&r=g","caption":"domains@trizero.it"},"sameAs":["https:\/\/genverde.trizero.it"]}]}},"_links":{"self":[{"href":"https:\/\/www.genverde.it\/pt\/wp-json\/wp\/v2\/posts\/4051"}],"collection":[{"href":"https:\/\/www.genverde.it\/pt\/wp-json\/wp\/v2\/posts"}],"about":[{"href":"https:\/\/www.genverde.it\/pt\/wp-json\/wp\/v2\/types\/post"}],"author":[{"embeddable":true,"href":"https:\/\/www.genverde.it\/pt\/wp-json\/wp\/v2\/users\/1"}],"replies":[{"embeddable":true,"href":"https:\/\/www.genverde.it\/pt\/wp-json\/wp\/v2\/comments?post=4051"}],"version-history":[{"count":6,"href":"https:\/\/www.genverde.it\/pt\/wp-json\/wp\/v2\/posts\/4051\/revisions"}],"predecessor-version":[{"id":35970,"href":"https:\/\/www.genverde.it\/pt\/wp-json\/wp\/v2\/posts\/4051\/revisions\/35970"}],"wp:featuredmedia":[{"embeddable":true,"href":"https:\/\/www.genverde.it\/pt\/wp-json\/wp\/v2\/media\/4052"}],"wp:attachment":[{"href":"https:\/\/www.genverde.it\/pt\/wp-json\/wp\/v2\/media?parent=4051"}],"wp:term":[{"taxonomy":"category","embeddable":true,"href":"https:\/\/www.genverde.it\/pt\/wp-json\/wp\/v2\/categories?post=4051"},{"taxonomy":"post_tag","embeddable":true,"href":"https:\/\/www.genverde.it\/pt\/wp-json\/wp\/v2\/tags?post=4051"}],"curies":[{"name":"wp","href":"https:\/\/api.w.org\/{rel}","templated":true}]}}